{"id":130425,"date":"2025-05-26T23:28:08","date_gmt":"2025-05-26T23:28:08","guid":{"rendered":"https:\/\/www.europesays.com\/fr\/130425\/"},"modified":"2025-05-26T23:28:08","modified_gmt":"2025-05-26T23:28:08","slug":"les-dirigeants-de-lotan-preconisent-des-depenses-militaires-pour-contrer-la-russie","status":"publish","type":"post","link":"https:\/\/www.europesays.com\/fr\/130425\/","title":{"rendered":"Les dirigeants de l&rsquo;OTAN pr\u00e9conisent des d\u00e9penses militaires pour contrer la Russie"},"content":{"rendered":"<p>Des repr\u00e9sentants des pays membres de l\u2019OTAN ont conclu lundi une r\u00e9union \u00e0 Dayton, dans l\u2019Ohio, pour marquer le 30e\u00a0anniversaire des accords de paix de Dayton, qui ont mis fin \u00e0 la guerre de Bosnie, au milieu de l\u2019offensive de drones sans pr\u00e9c\u00e9dent de la Russie en Ukraine.<\/p>\n<p>L\u2019Organisation du trait\u00e9 de l\u2019Atlantique Nord (OTAN) a \u00e9t\u00e9 cr\u00e9\u00e9e en 1949 pour assurer la s\u00e9curit\u00e9 collective face \u00e0 l\u2019Union sovi\u00e9tique. Elle compte aujourd\u2019hui 32\u00a0pays. L\u2019Ukraine n\u2019en est pas membre, mais les participants aux r\u00e9unions de l\u2019OTAN de la semaine derni\u00e8re ont d\u00e9clar\u00e9 qu\u2019une victoire contre la Russie dans ce conflit de trois ans \u00e9tait cruciale pour la stabilit\u00e9 europ\u00e9enne et mondiale.<\/p>\n<p>Cet anniversaire a \u00e9t\u00e9 pr\u00e9sent\u00e9 comme une c\u00e9l\u00e9bration de la diplomatie et de la paix. Les accords initiaux ont \u00e9t\u00e9 n\u00e9goci\u00e9s \u00e0 la base a\u00e9rienne de Wright-Patterson, dans l\u2019Ohio, et sign\u00e9s \u00e0 Paris plus tard dans l\u2019ann\u00e9e.<\/p>\n<p>\u00abLes Balkans occidentaux ont montr\u00e9 que la paix est possible. Mais aujourd\u2019hui, l\u2019Europe n\u2019est pas en paix. La Russie a ramen\u00e9 la guerre en Europe\u00bb, a d\u00e9clar\u00e9 le secr\u00e9taire g\u00e9n\u00e9ral de l\u2019OTAN, Mark Rutte, lors de la r\u00e9union de l\u2019Assembl\u00e9e parlementaire de l\u2019OTAN qui s\u2019est tenue lundi, point d\u2019orgue de cette r\u00e9union de cinq jours.<\/p>\n<p>M.\u00a0Rutte a appel\u00e9 les dirigeants des pays membres de l\u2019OTAN \u00e0 plaider en faveur d\u2019une augmentation des d\u00e9penses militaires au niveau national, sugg\u00e9rant qu\u2019une augmentation \u00e0 5\u00a0% du produit int\u00e9rieur brut au cours des prochaines ann\u00e9es pourrait \u00eatre obtenue dans le cadre d\u2019un accord le mois prochain, conform\u00e9ment aux exigences des \u00c9tats-Unis, membre de l\u2019OTAN.<\/p>\n<p>La Belgique, le Canada, la Croatie, l\u2019Italie, le Luxembourg, le Mont\u00e9n\u00e9gro, le Portugal, la Slov\u00e9nie et l\u2019Espagne ne consacrent actuellement pas au moins 2\u00a0% de leur PIB \u00e0 leur budget de d\u00e9fense nationale, un objectif convenu en 2023, alors que la guerre de la Russie contre l\u2019Ukraine entrait dans sa deuxi\u00e8me ann\u00e9e. \u00c0 ce jour, 22\u00a0des 32\u00a0pays membres l\u2019ont fait.<\/p>\n<p>Le mois prochain, les membres d\u00e9battront de l\u2019augmentation de ce pourcentage \u00e0 3,5\u00a0%, ainsi que de 1,5\u00a0% suppl\u00e9mentaires consacr\u00e9s \u00e0 des projets li\u00e9s \u00e0 la d\u00e9fense, tels que des routes et des infrastructures de cybers\u00e9curit\u00e9.<\/p>\n<p>Des \u00e9v\u00e9nements culturels ont ponctu\u00e9 les r\u00e9unions officielles dans l\u2019Ohio, notamment des expositions d\u2019art et d\u2019histoire, des conf\u00e9rences publiques et un concert pour la paix avec des musiciens de Dayton et de Sarajevo, capitale de la Bosnie. Un \u00abvillage de l\u2019OTAN\u00bb en centre-ville arborait les drapeaux des pays membres, et d\u2019autres expositions ont mis en avant les liens internationaux de la ville.<\/p>\n","protected":false},"excerpt":{"rendered":"Des repr\u00e9sentants des pays membres de l\u2019OTAN ont conclu lundi une r\u00e9union \u00e0 Dayton, dans l\u2019Ohio, pour marquer&hellip;\n","protected":false},"author":2,"featured_media":130426,"comment_status":"","ping_status":"","sticky":false,"template":"","format":"standard","meta":{"footnotes":""},"categories":[1591],"tags":[11,1887,1854,12,1885,1886,132],"class_list":{"0":"post-130425","1":"post","2":"type-post","3":"status-publish","4":"format-standard","5":"has-post-thumbnail","7":"category-russie","8":"tag-actualites","9":"tag-federation-de-russie","10":"tag-https-lactualite-com-sujet-international","11":"tag-news","12":"tag-russia","13":"tag-russian-federation","14":"tag-russie"},"share_on_mastodon":{"url":"https:\/\/pubeurope.com\/@fr\/114576733222425870","error":""},"_links":{"self":[{"href":"https:\/\/www.europesays.com\/fr\/wp-json\/wp\/v2\/posts\/130425","targetHints":{"allow":["GET"]}}],"collection":[{"href":"https:\/\/www.europesays.com\/fr\/wp-json\/wp\/v2\/posts"}],"about":[{"href":"https:\/\/www.europesays.com\/fr\/wp-json\/wp\/v2\/types\/post"}],"author":[{"embeddable":true,"href":"https:\/\/www.europesays.com\/fr\/wp-json\/wp\/v2\/users\/2"}],"replies":[{"embeddable":true,"href":"https:\/\/www.europesays.com\/fr\/wp-json\/wp\/v2\/comments?post=130425"}],"version-history":[{"count":0,"href":"https:\/\/www.europesays.com\/fr\/wp-json\/wp\/v2\/posts\/130425\/revisions"}],"wp:featuredmedia":[{"embeddable":true,"href":"https:\/\/www.europesays.com\/fr\/wp-json\/wp\/v2\/media\/130426"}],"wp:attachment":[{"href":"https:\/\/www.europesays.com\/fr\/wp-json\/wp\/v2\/media?parent=130425"}],"wp:term":[{"taxonomy":"category","embeddable":true,"href":"https:\/\/www.europesays.com\/fr\/wp-json\/wp\/v2\/categories?post=130425"},{"taxonomy":"post_tag","embeddable":true,"href":"https:\/\/www.europesays.com\/fr\/wp-json\/wp\/v2\/tags?post=130425"}],"curies":[{"name":"wp","href":"https:\/\/api.w.org\/{rel}","templated":true}]}}