{"id":130429,"date":"2025-05-26T23:30:09","date_gmt":"2025-05-26T23:30:09","guid":{"rendered":"https:\/\/www.europesays.com\/fr\/130429\/"},"modified":"2025-05-26T23:30:09","modified_gmt":"2025-05-26T23:30:09","slug":"un-ancien-directeur-de-la-morgue-dharvard-plaide-coupable-de-trafic-de-restes-humains","status":"publish","type":"post","link":"https:\/\/www.europesays.com\/fr\/130429\/","title":{"rendered":"un ancien directeur de la morgue d\u2019Harvard plaide coupable de trafic de restes humains"},"content":{"rendered":"<p>Un ancien directeur de morgue de la Harvard Medical School a reconnu avoir pris part au vol et \u00e0 la vente de parties de corps humain \u00e0 travers les \u00c9tats-Unis.<\/p>\n<p class=\"fig-paragraph\">Une affaire sordide qui entache le nom de la prestigieuse universit\u00e9 am\u00e9ricaine. Mercredi 21 mai, un\u00a0<a href=\"http:\/\/www.lefigaro.fr\/flash-actu\/le-chef-de-la-morgue-de-l-ecole-de-medecine-de-harvard-inculpe-de-trafic-de-restes-humains-20230614\" data-fig-type=\"NewsFlash\" data-gtm-custom-categorie=\"navigation\" data-gtm-custom-action=\"crossclick\" data-gtm-custom-label=\"Contextuel\" data-gtm-event=\"customEventSPE\" data-fig-domain=\"LEFIGARO\" rel=\"nofollow noopener\" target=\"_blank\">ancien directeur de morgue<\/a>\u00a0de la Harvard Medical School a reconnu avoir particip\u00e9 au vol et \u00e0 la vente de restes humains, notamment des mains, des pieds et des t\u00eates, rapporte l\u2019<a href=\"https:\/\/apnews.com\/article\/harvard-stolen-human-remains-medical-school-6d5a0cff34e262cc69714df7383ebd41\" target=\"_blank\" rel=\"nofollow noopener\" data-gtm-custom-categorie=\"navigation\" data-gtm-custom-action=\"crossclick\" data-gtm-custom-label=\"Contextuel\" data-gtm-event=\"customEventSPE\">Associated Press<\/a> . Jug\u00e9 en Pennsylvanie, Cedric Lodge, \u00e2g\u00e9 de 57 ans, a plaid\u00e9 coupable de transport inter\u00e9tatique de restes humains vol\u00e9s et risque jusqu\u2019\u00e0 10 ans de prison.<\/p>\n<p class=\"fig-paragraph\">Les vols ont \u00e9t\u00e9 commis \u00e0 la morgue de Boston entre 2018 et mars 2020 par le mis en cause, sa femme, et d\u2019autres personnes appartenant \u00e0 un r\u00e9seau national d\u2019achat et de vente de restes humains, vol\u00e9s \u00e9galement \u00e0 Harvard et dans une morgue de l\u2019Arkansas. Selon l\u2019agence de presse am\u00e9ricaine, la femme de Cedric Lodge aurait n\u00e9goci\u00e9 la vente en ligne de plusieurs articles, en l\u2019occurrence deux douzaines de pieds, neuf colonnes vert\u00e9brales, des fragments de cr\u00e2nes, cinq visages humains diss\u00e9qu\u00e9s et deux t\u00eates diss\u00e9qu\u00e9es.<\/p>\n<p>Harvard disculp\u00e9e<\/p>\n<p class=\"fig-paragraph\">Selon les procureurs am\u00e9ricains, les parties diss\u00e9qu\u00e9es des cadavres donn\u00e9es \u00e0 l\u2019\u00e9cole ont \u00e9t\u00e9 pr\u00e9lev\u00e9es sans la connaissance ni la permission de l\u2019universit\u00e9 d\u2019Harvard. Comme le rapport l\u2019AP, les corps donn\u00e9s aux facult\u00e9s de m\u00e9decin sont utilis\u00e9s \u00e0 des fins \u00e9ducatives, p\u00e9dagogiques ou de recherche. Une fois devenus inutiles, les cadavres sont g\u00e9n\u00e9ralement incin\u00e9r\u00e9s et les cendres sont rendues \u00e0 la famille du donneur ou inhum\u00e9es dans un cimeti\u00e8re.<\/p>\n<p class=\"fig-paragraph\">Un scandale avait \u00e9clat\u00e9 en France fin 2019 apr\u00e8s les r\u00e9v\u00e9lations dans la presse\u00a0<a href=\"http:\/\/www.lefigaro.fr\/actualite-france\/scandale-du-charnier-de-paris-descartes-deux-ans-apres-les-familles-endeuillees-luttent-contre-l-omerta-20211126\" data-fig-type=\"Article\" data-gtm-custom-categorie=\"navigation\" data-gtm-custom-action=\"crossclick\" data-gtm-custom-label=\"Contextuel\" data-gtm-event=\"customEventSPE\" data-fig-domain=\"LEFIGARO\" rel=\"nofollow noopener\" target=\"_blank\">des conditions ind\u00e9centes<\/a>\u00a0dans lesquelles le Centre du don des corps de l\u2019universit\u00e9 Paris-Descartes conservait les d\u00e9pouilles de d\u00e9funts donn\u00e9s \u00e0 la science. L\u2019enqu\u00eate, qui avait d\u00e9peint de v\u00e9ritables sc\u00e8nes d\u2019horreur dans l\u2019enceinte de l\u2019\u00e9tablissement, avait conduit \u00e0 la mise en examen de plusieurs personnes, dont l\u2019ancien pr\u00e9sident de l\u2019universit\u00e9.<\/p>\n","protected":false},"excerpt":{"rendered":"Un ancien directeur de morgue de la Harvard Medical School a reconnu avoir pris part au vol et&hellip;\n","protected":false},"author":2,"featured_media":130430,"comment_status":"","ping_status":"","sticky":false,"template":"","format":"standard","meta":{"footnotes":""},"categories":[1589],"tags":[259,11,260,73,1866,666,14,261,12,262,1864,1865,1863,308],"class_list":{"0":"post-130429","1":"post","2":"type-post","3":"status-publish","4":"format-standard","5":"has-post-thumbnail","7":"category-etats-unis","8":"tag-actualite-internationale","9":"tag-actualites","10":"tag-affaires-etrangeres","11":"tag-etats-unis","12":"tag-etats-unis-damerique","13":"tag-harvard","14":"tag-international","15":"tag-ministere-des-affaires-etrangeres","16":"tag-news","17":"tag-politique-etrangere","18":"tag-united-states","19":"tag-united-states-of-america","20":"tag-us","21":"tag-usa"},"share_on_mastodon":{"url":"https:\/\/pubeurope.com\/@fr\/114576741021617580","error":""},"_links":{"self":[{"href":"https:\/\/www.europesays.com\/fr\/wp-json\/wp\/v2\/posts\/130429","targetHints":{"allow":["GET"]}}],"collection":[{"href":"https:\/\/www.europesays.com\/fr\/wp-json\/wp\/v2\/posts"}],"about":[{"href":"https:\/\/www.europesays.com\/fr\/wp-json\/wp\/v2\/types\/post"}],"author":[{"embeddable":true,"href":"https:\/\/www.europesays.com\/fr\/wp-json\/wp\/v2\/users\/2"}],"replies":[{"embeddable":true,"href":"https:\/\/www.europesays.com\/fr\/wp-json\/wp\/v2\/comments?post=130429"}],"version-history":[{"count":0,"href":"https:\/\/www.europesays.com\/fr\/wp-json\/wp\/v2\/posts\/130429\/revisions"}],"wp:featuredmedia":[{"embeddable":true,"href":"https:\/\/www.europesays.com\/fr\/wp-json\/wp\/v2\/media\/130430"}],"wp:attachment":[{"href":"https:\/\/www.europesays.com\/fr\/wp-json\/wp\/v2\/media?parent=130429"}],"wp:term":[{"taxonomy":"category","embeddable":true,"href":"https:\/\/www.europesays.com\/fr\/wp-json\/wp\/v2\/categories?post=130429"},{"taxonomy":"post_tag","embeddable":true,"href":"https:\/\/www.europesays.com\/fr\/wp-json\/wp\/v2\/tags?post=130429"}],"curies":[{"name":"wp","href":"https:\/\/api.w.org\/{rel}","templated":true}]}}