{"id":130456,"date":"2025-05-26T23:47:12","date_gmt":"2025-05-26T23:47:12","guid":{"rendered":"https:\/\/www.europesays.com\/fr\/130456\/"},"modified":"2025-05-26T23:47:12","modified_gmt":"2025-05-26T23:47:12","slug":"en-larmes-paul-belmondo-revient-sur-la-mort-de-sa-mere-et-de-sa-soeur","status":"publish","type":"post","link":"https:\/\/www.europesays.com\/fr\/130456\/","title":{"rendered":"En larmes, Paul Belmondo revient sur la mort de sa m\u00e8re et de sa soeur"},"content":{"rendered":"<p>Au cours de sa vie, Paul Belmondo a d\u00fb faire face \u00e0 plusieurs drames. D&rsquo;abord la mort de son grand-p\u00e8re, Paul Belmondo, en 1982, puis <a href=\"https:\/\/www.programme-tv.net\/news\/cinema\/282577-jean-paul-belmondo-le-terrible-drame-de-la-mort-de-sa-fille-patricia-a-lage-de-40-ans\/\" data-api-deeplink=\"teleloisirs:\/\/news\/282577\" target=\"_blank\" rel=\"noopener\">celle de sa grande s\u0153ur Patricia, en 1993<\/a>, celle de son p\u00e8re <a href=\"https:\/\/www.programme-tv.net\/biographie\/3485-belmondo-jean-paul\/\" data-link-people=\"db494435-26fb-48dc-8151-9466e7932e6e\" target=\"_blank\" rel=\"noopener\">Jean-Paul Belmondo<\/a> en 2021, et r\u00e9cemment celle de <a href=\"https:\/\/www.programme-tv.net\/news\/people\/360588-mort-d-elodie-constantin-la-premiere-epouse-de-jean-paul-belmondo\/\" data-api-deeplink=\"teleloisirs:\/\/news\/360588\" target=\"_blank\" rel=\"noopener\">sa m\u00e8re, Elodie Constant, en 2024<\/a>. Au fils des ans, celui qui a suivi les traces de son p\u00e8re dans le cin\u00e9ma et sur les planches, a appris \u00e0 composer avec le deuil. Mais certains sont plus difficiles que d&rsquo;autres, en t\u00e9moigne son interview avec <a href=\"https:\/\/www.programme-tv.net\/biographie\/148894-lagrou-sempere-dominique\/\" data-link-people=\"83353331-37f6-4c6c-91a2-52bc4ae26cff\" target=\"_blank\" rel=\"noopener\">Dominique Lagrou-Semp\u00e8re<\/a> dans son \u00e9mission<a href=\"https:\/\/www.youtube.com\/watch?v=40RmJeqlr4w&amp;ab_channel=Entrevousetmoilacha%C3%AEne\" target=\"_blank\" rel=\"noopener\"> Entre vous et moi<\/a> sur Youtube, dimanche 25 mai 2025. L&rsquo;ancien coureur de Formule 1 revient sur ces drames familiaux qui ont jalonn\u00e9 sa vie.<\/p>\n<p>Le d\u00e9c\u00e8s tragique de Patricia Belmondo, la fille a\u00een\u00e9e de <b>Jean-Paul Belmondo<\/b><\/p>\n<p>Patricia Belmondo \u00e9tait la premi\u00e8re fille de l&rsquo;incontournable acteur et de son ex-\u00e9pouse, Elodie Constant. N\u00e9e en 1953, elle d\u00e9c\u00e8de en 1993 alors qu&rsquo;elle allait avoir 40 ans. \u00ab\u00a0Ma s\u0153ur, malheureusement, est morte dans son appartement suite \u00e0 un incendie. C\u2019est quelque chose de difficile et une fois de plus je repense \u00e0 mon p\u00e8re qui a v\u00e9cu \u00e7a. Il \u00e9tait au th\u00e9\u00e2tre. Il a jou\u00e9 le soir, tout en sachant que sa fille venait de mourir\u00a0\u00bb, se souvient Paul Belmondo. Puis il se rem\u00e9more sa s\u0153ur : \u00ab\u00a0Patricia \u00e9tait quelqu\u2019un de tr\u00e8s ind\u00e9pendant, qui \u00e9tait avec nous par p\u00e9riode. Mais c\u2019\u00e9tait ma s\u0153ur. Je me souviens encore d\u2019elle, quelques jours avant. De l\u2019avoir crois\u00e9e dans la rue, de lui avoir parl\u00e9. Malheureusement, il y a des gens, quand on vous annonce un accident, vous vous dites : Oui, \u00e7a devait arriver&rsquo;. On sait qu\u2019\u00e0 un moment donn\u00e9, quelque chose va se passer dans leur vie, parce qu\u2019ils vivent comme \u00e7a, parce qu\u2019ils sont comme \u00e7a. Elle avait d\u00e9j\u00e0 eu des accidents de voiture, des choses comme \u00e7a, explique-t-il. On est triste, on est effondr\u00e9, mais en m\u00eame temps on se dit que \u00e7a devait finir comme \u00e7a. On le sentait tous. Mon p\u00e8re, pareil. Et ma m\u00e8re je pense aussi. C\u2019est terrible de perdre un enfant. [\u2026] Ce n\u2019est pas dans la chronologie de la vie. On ne doit pas partir apr\u00e8s ses enfants\u00a0\u00bb.<\/p>\n<p>                        Paul Belmondo pleure en parlant du d\u00e9c\u00e8s de sa m\u00e8re, E<b>lodie Constant<\/b><\/p>\n<p>Le soir du d\u00e9c\u00e8s de sa grande s\u0153ur, <a href=\"https:\/\/www.programme-tv.net\/news\/series-tv\/379592-demain-nous-appartient-henri-est-un-personnage-dangereux-paul-belmondo-nous-en-dit-plus-sur-son-personnage\/\" data-api-deeplink=\"teleloisirs:\/\/news\/379592\" target=\"_blank\" rel=\"noopener\">celui qui va bient\u00f4t rejoindre le casting de Demain nous appartient<\/a> raconte que si son p\u00e8re \u00e9tait sur sc\u00e8ne, \u00ab\u00a0c\u2019est une mani\u00e8re de surmonter la douleur, le deuil. Les com\u00e9diens, les saltimbanques, quoi qu\u2019il arrive, ils jouent. [\u2026] Je pense que ce soir-l\u00e0, s\u2019il ne monte pas sur sc\u00e8ne, sa souffrance aurait \u00e9t\u00e9 encore plus forte. [\u2026] Il jouait Tailleur pour dames de Georges Feydeau et il l\u2019a jou\u00e9, soutenu par les autres com\u00e9diens\u00a0\u00bb. Par ailleurs, \u00ab\u00a0quand ma m\u00e8re est d\u00e9c\u00e9d\u00e9e, j\u2019ai jou\u00e9 le soir aussi\u00a0\u00bb, explique-t-il. \u00c0 cette \u00e9poque-l\u00e0, Paul Belmondo est \u00e0 l&rsquo;affiche de Papasss de Nad\u00e8ge Meziat. \u00c0 l&rsquo;\u00e9vocation de sa m\u00e8re et de ce qu&rsquo;il a fait ce-soir-l\u00e0, il fond en larmes. \u00ab\u00a0Ce n\u2019est pas parce que mon p\u00e8re l\u2019a fait que je l\u2019ai fait. Il faut jouer, on n\u2019a pas le choix. Le public est l\u00e0. Ce n\u2019est pas une excuse, de ne pas jouer\u00a0\u00bb, avoue-t-il entre deux sanglots. Ancienne danseuse, Elodie Constant (n\u00e9e Ren\u00e9e), est d\u00e9c\u00e9d\u00e9e le 13 septembre 2024 \u00e0 l\u2019\u00e2ge de 90 ans. La premi\u00e8re femme de Jean-Paul Belmondo \u00e9tait danseuse lorsqu&rsquo;elle rencontre l\u2019acteur avec qui elle aura trois enfants. Depuis son d\u00e9c\u00e8s, son fils unique, Paul Belmondo a toujours autant de mal \u00e0 l\u2019\u00e9voquer. Si ce n\u2019est pour dire que \u00ab\u00a0c\u2019\u00e9tait quelqu\u2019un d\u2019incroyable\u00a0\u00bb.<\/p>\n","protected":false},"excerpt":{"rendered":"Au cours de sa vie, Paul Belmondo a d\u00fb faire face \u00e0 plusieurs drames. D&rsquo;abord la mort de&hellip;\n","protected":false},"author":2,"featured_media":130457,"comment_status":"","ping_status":"","sticky":false,"template":"","format":"standard","meta":{"footnotes":""},"categories":[1359],"tags":[244,58,25475,59,1011,27,18,23632,973],"class_list":{"0":"post-130456","1":"post","2":"type-post","3":"status-publish","4":"format-standard","5":"has-post-thumbnail","7":"category-people","8":"tag-commentaire","9":"tag-divertissement","10":"tag-elodie-constantin","11":"tag-entertainment","12":"tag-fr","13":"tag-france","14":"tag-mort","15":"tag-paul-belmondo","16":"tag-people"},"share_on_mastodon":{"url":"https:\/\/pubeurope.com\/@fr\/114576807908341928","error":""},"_links":{"self":[{"href":"https:\/\/www.europesays.com\/fr\/wp-json\/wp\/v2\/posts\/130456","targetHints":{"allow":["GET"]}}],"collection":[{"href":"https:\/\/www.europesays.com\/fr\/wp-json\/wp\/v2\/posts"}],"about":[{"href":"https:\/\/www.europesays.com\/fr\/wp-json\/wp\/v2\/types\/post"}],"author":[{"embeddable":true,"href":"https:\/\/www.europesays.com\/fr\/wp-json\/wp\/v2\/users\/2"}],"replies":[{"embeddable":true,"href":"https:\/\/www.europesays.com\/fr\/wp-json\/wp\/v2\/comments?post=130456"}],"version-history":[{"count":0,"href":"https:\/\/www.europesays.com\/fr\/wp-json\/wp\/v2\/posts\/130456\/revisions"}],"wp:featuredmedia":[{"embeddable":true,"href":"https:\/\/www.europesays.com\/fr\/wp-json\/wp\/v2\/media\/130457"}],"wp:attachment":[{"href":"https:\/\/www.europesays.com\/fr\/wp-json\/wp\/v2\/media?parent=130456"}],"wp:term":[{"taxonomy":"category","embeddable":true,"href":"https:\/\/www.europesays.com\/fr\/wp-json\/wp\/v2\/categories?post=130456"},{"taxonomy":"post_tag","embeddable":true,"href":"https:\/\/www.europesays.com\/fr\/wp-json\/wp\/v2\/tags?post=130456"}],"curies":[{"name":"wp","href":"https:\/\/api.w.org\/{rel}","templated":true}]}}