{"id":130463,"date":"2025-05-26T23:51:10","date_gmt":"2025-05-26T23:51:10","guid":{"rendered":"https:\/\/www.europesays.com\/fr\/130463\/"},"modified":"2025-05-26T23:51:10","modified_gmt":"2025-05-26T23:51:10","slug":"ma-jambe-a-commence-a-se-desintegrer-miley-cyrus-placee-en-soins-intensifs","status":"publish","type":"post","link":"https:\/\/www.europesays.com\/fr\/130463\/","title":{"rendered":"\u201cMa jambe a commenc\u00e9 \u00e0 se d\u00e9sint\u00e9grer\u201d : Miley Cyrus plac\u00e9e en soins intensifs"},"content":{"rendered":"<p>Plus que quelques jours \u00e0 attendre pour les fans de <a href=\"https:\/\/www.closermag.fr\/people\/miley-cyrus-salpe-le-diable-ces-audios-tres-compromettants-qui-ne-vont-pas-arranger-ses-relations-avec-son-pere-3460681\" target=\"_blank\" rel=\"noopener\"><br \/>\nMiley Cyrus<\/a> pour profiter de son nouvel album<br \/>\n<strong>Something Beautiful<\/strong>. Une nouvelle \u0153uvre<br \/>\nqui sera accompagn\u00e9e d\u2019un film \u00ab\u00a0d&rsquo;<strong>op\u00e9ra pop<br \/>\nunique<\/strong> en son genre\u00a0\u00bb, comme l\u2019explique<br \/>\n<a href=\"https:\/\/www.melty.fr\/people\/miley-cyrus-admise-en-soins-intensifs-sa-jambe-a-commence-a-se-desintegrer-au-niveau-de-la-rotule-2237247.html?utm_source=Twitter_Nonli&amp;utm_medium=Social&amp;utm_campaign=Nonli\" target=\"_blank\" rel=\"noopener\"><br \/>\nMelty<\/a>. Encha\u00eenant les interviews pour ce nouvel album,<br \/>\nla chanteuse de 32 ans a fait des <strong>r\u00e9v\u00e9lations<br \/>\nterribles<\/strong> concernant son \u00e9tat de sant\u00e9.<\/p>\n<p>Le 22 mai dernier, Miley Cyrus a \u00e9t\u00e9 interview\u00e9e dans Jimmy<br \/>\nKimmel Live. La chanteuse de <strong>Flowers<\/strong><br \/>\na r\u00e9v\u00e9l\u00e9 avoir \u00e9t\u00e9 <strong>hospitalis\u00e9e en soins intensifs<\/strong><br \/>\nen novembre dernier. En plein tournage de son album visuel, elle se<br \/>\nserait <strong>bless\u00e9e \u00e0 la jambe<\/strong>. <a href=\"https:\/\/www.closermag.fr\/people\/oops-!-accident-de-top-pour-miley-cyrus-pendant-un-concert-du-nouvel-an-1480425#item=1\" target=\"_blank\" rel=\"noopener\"><br \/>\nUne blessure grave<\/a> visiblement puisqu\u2019elle a d\u00fb \u00eatre<br \/>\nhospitalis\u00e9e par la suite. En outre, elle a r\u00e9v\u00e9l\u00e9 s\u2019\u00eatre m\u00eame<br \/>\nroul\u00e9e par terre au Hollywood walk of Fame \u00e0 cause d\u2019une<br \/>\ninsupportable <strong>douleur au genou<\/strong>.<\/p>\n<p>Miley Cyrus : \u00ab\u00a0\u2026mon dernier jour\u00a0\u00bb<\/p>\n<p>A Jimmy Kimmel, <strong>Miley Cyrus<\/strong> a d\u00e9clar\u00e9 :<br \/>\n\u00ab\u00a0J\u2019ai film\u00e9 cette vid\u00e9o en octobre, et en novembre, le jour de<br \/>\nThanksgiving, j&rsquo;ai \u00e9t\u00e9 plac\u00e9e en soins intensifs pendant un moment<br \/>\n[&#8230;] Ma jambe a commenc\u00e9 \u00e0 <strong>se<br \/>\nd\u00e9sint\u00e9grer<\/strong>\u2026 <strong>au niveau de la<br \/>\nrotule<\/strong>\u00ab\u00a0. D\u2019ailleurs, la blessure \u00e9tait tel que m\u00eame<br \/>\nle m\u00e9decin aurait \u00e9t\u00e9 d\u00e9go\u00fbt\u00e9 \u00e0 sa vue.<\/p>\n<blockquote class=\"twitter-tweet\"><p><a class=\"twitter-link\" rel=\"noindex, nofollow noopener\" href=\"https:\/\/twitter.com\/PageSix\/status\/1925897772022009881\" target=\"_blank\"><\/p><\/blockquote>\n<p>\u00ab\u00a0Il fallait que je le lui dise. Qu&rsquo;un chirurgien vous<br \/>\nregarde et vous dise : \u00ab\u00a0<strong>Beurk<\/strong>\u00ab\u00a0.<br \/>\nIls ouvrent les cadavres, voient l&rsquo;int\u00e9rieur des entrailles des<br \/>\nhumains, et ils me regardent en me disant que je suis<br \/>\nd\u00e9go\u00fbtante\u00a0\u00bb, poursuit-elle. Une image qui n\u2019a malheureusement<br \/>\npas aid\u00e9 la star \u00e0 garder un bon souvenir de cette exp\u00e9rience.<br \/>\n\u00ab\u00a0Je croyais que c&rsquo;\u00e9tait <strong>mon dernier<br \/>\njour<\/strong> [&#8230;] Je voulais que cette vid\u00e9o soit si<br \/>\nfabuleuse et maintenant je viens de raconter \u00e0 tout le monde une<br \/>\nhistoire si sale\u2026\u00a0\u00bb, a-t-elle ajout\u00e9.<\/p>\n<p>Miley Cyrus : ce qu\u2019elle a d\u00e9voil\u00e9 de<br \/>\nson nouvel album<\/p>\n<p>Les fans de <strong>Miley Cyrus<\/strong> savent pertinemment<br \/>\nqu\u2019il y a <a href=\"https:\/\/www.telestar.fr\/people\/miley-cyrus-le-top-10-de-ses-photos-les-plus-trash-156292\" target=\"_blank\" rel=\"noopener\"><br \/>\ntoujours de l\u2019or<\/a> dans les albums de la star. Lors de cette m\u00eame<br \/>\ninterview, elle en a d\u00e9voil\u00e9 un peu plus sur ce projet. \u00ab\u00a0La<br \/>\nmusique est l\u2019histoire. Chaque chanson raconte quelque chose. M\u00eame<br \/>\nsi c&rsquo;est devenu <strong>tr\u00e8s psych\u00e9d\u00e9lique<\/strong><br \/>\net excessif, comme tout ce que je fais, au final,<br \/>\n<strong>le c\u0153ur du projet<\/strong> r\u00e9side dans la<br \/>\nmusique\u00a0\u00bb, a-t-elle r\u00e9v\u00e9l\u00e9.<\/p>\n<blockquote class=\"twitter-tweet\"><p><a class=\"twitter-link\" rel=\"noindex, nofollow noopener\" href=\"https:\/\/twitter.com\/people\/status\/1925897525715759137\" target=\"_blank\"><\/p><\/blockquote>\n<p>Dans son \u00e9lan, elle a expliqu\u00e9 que l\u2019album \u00e9tait une \u00ab\u00a0forme<br \/>\nde narration\u00a0\u00bb.\u00a0\u00bbIl n\u2019y avait donc pas besoin d\u2019un<br \/>\npersonnage d\u00e9fini, parce que <strong>je suis ce<br \/>\npersonnage<\/strong>\u00ab\u00a0, poursuit-elle. Concernant le film qui<br \/>\nvient avec l\u2019histoire, \u00ab\u00a0il n\u2019a <strong>pas d\u2019histoire<br \/>\nlin\u00e9aire<\/strong>\u00ab\u00a0, r\u00e9v\u00e8le-t-elle.<\/p>\n<p><script async src=\"https:\/\/platform.twitter.com\/widgets.js\" charset=\"utf-8\"><\/script><\/p>\n","protected":false},"excerpt":{"rendered":"Plus que quelques jours \u00e0 attendre pour les fans de Miley Cyrus pour profiter de son nouvel album&hellip;\n","protected":false},"author":2,"featured_media":130464,"comment_status":"","ping_status":"","sticky":false,"template":"","format":"standard","meta":{"footnotes":""},"categories":[1355],"tags":[548,58,59,1011,27,25476,1361,873],"class_list":{"0":"post-130463","1":"post","2":"type-post","3":"status-publish","4":"format-standard","5":"has-post-thumbnail","7":"category-musique","8":"tag-article-simple","9":"tag-divertissement","10":"tag-entertainment","11":"tag-fr","12":"tag-france","13":"tag-miley-cyrus","14":"tag-music","15":"tag-musique"},"share_on_mastodon":{"url":"https:\/\/pubeurope.com\/@fr\/114576823665039824","error":""},"_links":{"self":[{"href":"https:\/\/www.europesays.com\/fr\/wp-json\/wp\/v2\/posts\/130463","targetHints":{"allow":["GET"]}}],"collection":[{"href":"https:\/\/www.europesays.com\/fr\/wp-json\/wp\/v2\/posts"}],"about":[{"href":"https:\/\/www.europesays.com\/fr\/wp-json\/wp\/v2\/types\/post"}],"author":[{"embeddable":true,"href":"https:\/\/www.europesays.com\/fr\/wp-json\/wp\/v2\/users\/2"}],"replies":[{"embeddable":true,"href":"https:\/\/www.europesays.com\/fr\/wp-json\/wp\/v2\/comments?post=130463"}],"version-history":[{"count":0,"href":"https:\/\/www.europesays.com\/fr\/wp-json\/wp\/v2\/posts\/130463\/revisions"}],"wp:featuredmedia":[{"embeddable":true,"href":"https:\/\/www.europesays.com\/fr\/wp-json\/wp\/v2\/media\/130464"}],"wp:attachment":[{"href":"https:\/\/www.europesays.com\/fr\/wp-json\/wp\/v2\/media?parent=130463"}],"wp:term":[{"taxonomy":"category","embeddable":true,"href":"https:\/\/www.europesays.com\/fr\/wp-json\/wp\/v2\/categories?post=130463"},{"taxonomy":"post_tag","embeddable":true,"href":"https:\/\/www.europesays.com\/fr\/wp-json\/wp\/v2\/tags?post=130463"}],"curies":[{"name":"wp","href":"https:\/\/api.w.org\/{rel}","templated":true}]}}