{"id":130480,"date":"2025-05-27T00:00:13","date_gmt":"2025-05-27T00:00:13","guid":{"rendered":"https:\/\/www.europesays.com\/fr\/130480\/"},"modified":"2025-05-27T00:00:13","modified_gmt":"2025-05-27T00:00:13","slug":"olivier-faure-joue-sa-survie-a-la-tete-du-ps-dans-un-congres-a-suspense","status":"publish","type":"post","link":"https:\/\/www.europesays.com\/fr\/130480\/","title":{"rendered":"Olivier Faure joue sa survie \u00e0 la t\u00eate du PS dans un congr\u00e8s \u00e0 suspense"},"content":{"rendered":"<p><strong>ANALYSE <\/strong>&#8211; Le premier secr\u00e9taire affronte son congr\u00e8s le plus d\u00e9licat depuis sa premi\u00e8re \u00e9lection, en 2018. L\u2019issue du vote, dont le premier tour a lieu ce mardi soir, sera d\u00e9terminante pour l\u2019avenir de la gauche.<\/p>\n<p class=\"fig-paragraph\">\u00ab\u00a0Nous n\u2019avons jamais \u00e9t\u00e9 soumis aux Insoumis\u00a0!\u00a0\u00bb, r\u00e9p\u00e8te\u00a0<a href=\"https:\/\/www.lefigaro.fr\/politique\/les-nouvelles-ambitions-du-socialiste-olivier-faure-20231126\" data-fig-type=\"Article\" data-gtm-custom-categorie=\"navigation\" data-gtm-custom-action=\"crossclick\" data-gtm-custom-label=\"Contextuel\" data-gtm-event=\"customEventSPE\" data-fig-domain=\"LEFIGARO\" target=\"_blank\" rel=\"noopener\">Olivier Faure<\/a>. Le premier secr\u00e9taire du PS est aussit\u00f4t interrompu par les aboiements d\u2019un adorable petit bichon blanc. \u00ab\u00a0C\u2019est un agent de LFI\u00a0\u00bb, lance le chef des socialistes pendant que son propri\u00e9taire, un militant \u00e0 la retraite, tente de calmer la b\u00eate. On rit dans cette petite section PS de Niort (Deux-S\u00e8vres) o\u00f9 tr\u00f4ne un buste en bronze de Jean Jaur\u00e8s. Le chef des socialistes est venu y d\u00e9fendre ce jour-l\u00e0 son bilan devant une trentaine d\u2019adh\u00e9rents, comme il l\u2019a d\u00e9j\u00e0 fait partout en France ces derni\u00e8res semaines puisqu\u2019il\u00a0<a href=\"http:\/\/www.lefigaro.fr\/politique\/desaccords-strategiques-inimities-tres-fortes-le-parti-socialiste-face-au-risque-de-la-fragmentation-20250504\" data-fig-type=\"Article\" data-gtm-custom-categorie=\"navigation\" data-gtm-custom-action=\"crossclick\" data-gtm-custom-label=\"Contextuel\" data-gtm-event=\"customEventSPE\" data-fig-domain=\"LEFIGARO\" target=\"_blank\" rel=\"noopener\">remet son mandat en jeu<\/a>. Le vote sur les \u00ab\u00a0textes d\u2019orientation\u00a0\u00bb &#8211;\u00a0sorte de premier tour du congr\u00e8s\u00a0&#8211; a lieu ce mardi soir.<\/p>\n<p class=\"fig-paragraph\">Lors de sa derni\u00e8re \u00e9lection, au congr\u00e8s de Marseille, en 2023, le d\u00e9put\u00e9 de Seine-et-Marne n\u2019a pas \u00e9t\u00e9 loin de prendre la porte. Il avait \u00e9t\u00e9 reconduit de justesse face \u00e0\u00a0<a href=\"http:\/\/www.lefigaro.fr\/politique\/congres-ps-olivier-faure-affrontera-de-nouveau-nicolas-mayer-rossignol-candidat-choisi-par-l-opposition-interne-20250424\" data-fig-type=\"Article\" data-gtm-custom-categorie=\"navigation\" data-gtm-custom-action=\"crossclick\" data-gtm-custom-label=\"Contextuel\" data-gtm-event=\"customEventSPE\" data-fig-domain=\"LEFIGARO\" target=\"_blank\" rel=\"noopener\">Nicolas Mayer-Rossignol\u00a0<\/a>bien que le maire de Rouen ait jusqu\u2019au bout revendiqu\u00e9 sa victoire\u2026<\/p>\n<p class=\"fig-premium-paywall__infos\">\n        Cet article est r\u00e9serv\u00e9 aux abonn\u00e9s.        Il vous reste 87% \u00e0 d\u00e9couvrir.\n    <\/p>\n<p>                <img  data- alt=\"Le Figaro\" class=\"fig-img--complete fig-img\"\/><\/p>\n<p class=\"fig-premium-paywall__title\">Vente Flash<\/p>\n<p class=\"fig-premium-paywall__subtitle\">4,99\u20ac par mois pendant 12 mois. Sans engagement.<\/p>\n<p class=\"fig-premium-paywall__connect\">\n                D\u00e9j\u00e0 abonn\u00e9\u00a0?                <a class=\"fig-premium-paywall__connect-link\" href=\"https:\/\/connect.lefigaro.fr\/login?client=horizon_web&amp;type=main&amp;redirect_uri=https%3A%2F%2Fwww.lefigaro.fr%2Fpolitique%2Folivier-faure-joue-sa-survie-a-la-tete-du-ps-dans-un-congres-a-suspense-20250526\" data-js-gtm=\"{&quot;customCategorie&quot;: &quot;conversion&quot;, &quot;customAction&quot;: &quot;before_Landing_Connexion_paywall_auto&quot;, &quot;customLabel&quot;: &quot;bGVmaWdhcm8uZnJfXzFmMDM3MTk0LTIxZDAtNjEzYS1iM2Y4LWQ1Mzk2NmRkZjA0NV9fQXJ0aWNsZQ==_Olivier Faure joue sa survie \u00e0 la t\u00eate du PS dans un congr\u00e8s \u00e0 suspense_263&quot;, &quot;customIDSPE&quot;: &quot;bGVmaWdhcm8uZnJfXzFmMDM3MTk0LTIxZDAtNjEzYS1iM2Y4LWQ1Mzk2NmRkZjA0NV9fQXJ0aWNsZQ==&quot;, &quot;event&quot;: &quot;customEventSPE&quot;}\" target=\"_blank\" rel=\"noopener\"><br \/>\n                    Connectez-vous<br \/>\n                <\/a>\n            <\/p>\n","protected":false},"excerpt":{"rendered":"ANALYSE &#8211; Le premier secr\u00e9taire affronte son congr\u00e8s le plus d\u00e9licat depuis sa premi\u00e8re \u00e9lection, en 2018. L\u2019issue&hellip;\n","protected":false},"author":2,"featured_media":130481,"comment_status":"","ping_status":"","sticky":false,"template":"","format":"standard","meta":{"footnotes":""},"categories":[2],"tags":[11,426,427,422,423,1011,27,418,424,425,2338,420,421,12,4393,419,3541,316,429,428],"class_list":{"0":"post-130480","1":"post","2":"type-post","3":"status-publish","4":"format-standard","5":"has-post-thumbnail","7":"category-actualites","8":"tag-actualites","9":"tag-candidat","10":"tag-candidats","11":"tag-depute","12":"tag-deputes","13":"tag-fr","14":"tag-france","15":"tag-gouvernement","16":"tag-institution","17":"tag-institutions","18":"tag-la-france-insoumise","19":"tag-loi","20":"tag-lois","21":"tag-news","22":"tag-olivier-faure","23":"tag-opposition","24":"tag-parti-socialiste","25":"tag-politique","26":"tag-ps","27":"tag-ump"},"share_on_mastodon":{"url":"https:\/\/pubeurope.com\/@fr\/114576859161661387","error":""},"_links":{"self":[{"href":"https:\/\/www.europesays.com\/fr\/wp-json\/wp\/v2\/posts\/130480","targetHints":{"allow":["GET"]}}],"collection":[{"href":"https:\/\/www.europesays.com\/fr\/wp-json\/wp\/v2\/posts"}],"about":[{"href":"https:\/\/www.europesays.com\/fr\/wp-json\/wp\/v2\/types\/post"}],"author":[{"embeddable":true,"href":"https:\/\/www.europesays.com\/fr\/wp-json\/wp\/v2\/users\/2"}],"replies":[{"embeddable":true,"href":"https:\/\/www.europesays.com\/fr\/wp-json\/wp\/v2\/comments?post=130480"}],"version-history":[{"count":0,"href":"https:\/\/www.europesays.com\/fr\/wp-json\/wp\/v2\/posts\/130480\/revisions"}],"wp:featuredmedia":[{"embeddable":true,"href":"https:\/\/www.europesays.com\/fr\/wp-json\/wp\/v2\/media\/130481"}],"wp:attachment":[{"href":"https:\/\/www.europesays.com\/fr\/wp-json\/wp\/v2\/media?parent=130480"}],"wp:term":[{"taxonomy":"category","embeddable":true,"href":"https:\/\/www.europesays.com\/fr\/wp-json\/wp\/v2\/categories?post=130480"},{"taxonomy":"post_tag","embeddable":true,"href":"https:\/\/www.europesays.com\/fr\/wp-json\/wp\/v2\/tags?post=130480"}],"curies":[{"name":"wp","href":"https:\/\/api.w.org\/{rel}","templated":true}]}}