{"id":130487,"date":"2025-05-27T00:04:20","date_gmt":"2025-05-27T00:04:20","guid":{"rendered":"https:\/\/www.europesays.com\/fr\/130487\/"},"modified":"2025-05-27T00:04:20","modified_gmt":"2025-05-27T00:04:20","slug":"les-bleues-entament-leur-rassemblement-a-nancy-avant-la-suisse","status":"publish","type":"post","link":"https:\/\/www.europesays.com\/fr\/130487\/","title":{"rendered":"Les Bleues entament leur rassemblement \u00e0 Nancy avant la Suisse"},"content":{"rendered":"<p style=\"text-align:justify\">L\u2019\u00c9quipe de France f\u00e9minine a d\u00e9but\u00e9 son rassemblement ce 26 mai, avec une premi\u00e8re vague de joueuses arriv\u00e9es \u00e0 Nancy. D\u00e9j\u00e0 qualifi\u00e9es pour la phase finale, les Bleues occupent la t\u00eate de leur groupe avec 12 points (+6) et poursuivent leur parcours avec deux nouvelles rencontres \u00e0 venir.<\/p>\n<p style=\"text-align:justify\">Le vendredi 30 mai, la France affrontera la Suisse au Stade Marcel-Picot \u00e0 Nancy, avant de se d\u00e9placer en Islande quatre jours plus tard. Ces deux confrontations marquent la fin de la phase de groupes, dont le leader acc\u00e9dera \u00e0 la phase finale de la comp\u00e9tition, pr\u00e9vue cet automne sous format de matches aller-retour pour les demi-finales, la finale et le match pour la troisi\u00e8me place.<\/p>\n<p style=\"text-align:justify\">Finalistes de l\u2019\u00e9dition 2024, les Bleues esp\u00e8rent confirmer leur statut et viser le sacre cette ann\u00e9e.<\/p>\n<p style=\"text-align:justify\">\u00a0<\/p>\n<p style=\"text-align:right\">Agb\u00e9m\u00e9gno DAGBOVI<\/p>\n<p style=\"text-align:right\">Cr\u00e9dit Photo : <strong>Equipe de France F\u00e9minine<\/strong><\/p>\n<p>                                                                            (function(d, s, id) {<br \/>\n            var js, fjs = d.getElementsByTagName(s)[0];<br \/>\n            if (d.getElementById(id)) return;<br \/>\n            js = d.createElement(s); js.id = id;<br \/>\n            js.src = \u00ab\u00a0\/\/connect.facebook.net\/fr_FR\/sdk.js#xfbml=1&#038;version=v2.8\u00a0\u00bb;<br \/>\n            fjs.parentNode.insertBefore(js, fjs);<br \/>\n        }(document, &lsquo;script&rsquo;, &lsquo;facebook-jssdk&rsquo;));<\/p>\n","protected":false},"excerpt":{"rendered":"L\u2019\u00c9quipe de France f\u00e9minine a d\u00e9but\u00e9 son rassemblement ce 26 mai, avec une premi\u00e8re vague de joueuses arriv\u00e9es&hellip;\n","protected":false},"author":2,"featured_media":130488,"comment_status":"","ping_status":"","sticky":false,"template":"","format":"standard","meta":{"footnotes":""},"categories":[9635],"tags":[1111,11,12437,1777,674,1295,63,1011,27,775,1702,12,25,3067],"class_list":{"0":"post-130487","1":"post","2":"type-post","3":"status-publish","4":"format-standard","5":"has-post-thumbnail","7":"category-nancy","8":"tag-actu","9":"tag-actualites","10":"tag-bleues","11":"tag-eu","12":"tag-europe","13":"tag-feminin","14":"tag-football","15":"tag-fr","16":"tag-france","17":"tag-grand-est","18":"tag-nancy","19":"tag-news","20":"tag-republique-francaise","21":"tag-suisse"},"share_on_mastodon":{"url":"https:\/\/pubeurope.com\/@fr\/114576876380800490","error":""},"_links":{"self":[{"href":"https:\/\/www.europesays.com\/fr\/wp-json\/wp\/v2\/posts\/130487","targetHints":{"allow":["GET"]}}],"collection":[{"href":"https:\/\/www.europesays.com\/fr\/wp-json\/wp\/v2\/posts"}],"about":[{"href":"https:\/\/www.europesays.com\/fr\/wp-json\/wp\/v2\/types\/post"}],"author":[{"embeddable":true,"href":"https:\/\/www.europesays.com\/fr\/wp-json\/wp\/v2\/users\/2"}],"replies":[{"embeddable":true,"href":"https:\/\/www.europesays.com\/fr\/wp-json\/wp\/v2\/comments?post=130487"}],"version-history":[{"count":0,"href":"https:\/\/www.europesays.com\/fr\/wp-json\/wp\/v2\/posts\/130487\/revisions"}],"wp:featuredmedia":[{"embeddable":true,"href":"https:\/\/www.europesays.com\/fr\/wp-json\/wp\/v2\/media\/130488"}],"wp:attachment":[{"href":"https:\/\/www.europesays.com\/fr\/wp-json\/wp\/v2\/media?parent=130487"}],"wp:term":[{"taxonomy":"category","embeddable":true,"href":"https:\/\/www.europesays.com\/fr\/wp-json\/wp\/v2\/categories?post=130487"},{"taxonomy":"post_tag","embeddable":true,"href":"https:\/\/www.europesays.com\/fr\/wp-json\/wp\/v2\/tags?post=130487"}],"curies":[{"name":"wp","href":"https:\/\/api.w.org\/{rel}","templated":true}]}}