{"id":130493,"date":"2025-05-27T00:07:09","date_gmt":"2025-05-27T00:07:09","guid":{"rendered":"https:\/\/www.europesays.com\/fr\/130493\/"},"modified":"2025-05-27T00:07:09","modified_gmt":"2025-05-27T00:07:09","slug":"previsions-du-mardi-27-mai-2025-8","status":"publish","type":"post","link":"https:\/\/www.europesays.com\/fr\/130493\/","title":{"rendered":"pr\u00e9visions du mardi 27 mai 2025"},"content":{"rendered":"<p>Un splendide soleil va briller sur Montpellier et ce, tout au long de la journ\u00e9e. Il fera 21\u00b0C en moyenne. Un vent de nord-ouest soufflera doucement dans la matin\u00e9e. Les temp\u00e9ratures vont enregistrer une augmentation de plusieurs degr\u00e9s dans l&rsquo;apr\u00e8s-midi. Les valeurs s&rsquo;\u00e9chelonneront entre 25 et 26\u00b0C. Les valeurs seront de 22\u00b0C dans la soir\u00e9e. Un ciel limpide est \u00e0 pr\u00e9voir dans la nuit reliant mardi et mercredi.<\/p>\n<p>Un bel ensoleillement est pr\u00e9vu demain \u00e0 Montpellier. Une m\u00e9t\u00e9o plus chaude est attendue puisque le mercure va conna\u00eetre une hausse. Les temp\u00e9ratures seront comprises entre 16 et 29\u00b0C. Un vent de nord-ouest rafra\u00eechira quelque peu l&rsquo;atmosph\u00e8re. Dans la matin\u00e9e, les temp\u00e9ratures tourneront autour des 22\u00b0C. Les valeurs vont grimper pendant l&rsquo;apr\u00e8s-midi de plusieurs degr\u00e9s. Les maximales pourront atteindre 29\u00b0C tandis que les minimales seront de 26\u00b0C.<\/p>\n<p>Peu de changements pour la suite. Comptez sur 23\u00b0C en moyenne qui accompagneront des journ\u00e9es ensoleill\u00e9es.<\/p>\n<p><\/p>\n","protected":false},"excerpt":{"rendered":"Un splendide soleil va briller sur Montpellier et ce, tout au long de la journ\u00e9e. Il fera 21\u00b0C&hellip;\n","protected":false},"author":2,"featured_media":130494,"comment_status":"","ping_status":"","sticky":false,"template":"","format":"standard","meta":{"footnotes":""},"categories":[9599],"tags":[1111,11,1777,674,1011,27,7089,2681,2208,12,2680,2119,25],"class_list":{"0":"post-130493","1":"post","2":"type-post","3":"status-publish","4":"format-standard","5":"has-post-thumbnail","7":"category-montpellier","8":"tag-actu","9":"tag-actualites","10":"tag-eu","11":"tag-europe","12":"tag-fr","13":"tag-france","14":"tag-herault","15":"tag-languedoc-roussillon","16":"tag-montpellier","17":"tag-news","18":"tag-occitanie","19":"tag-previsions-meteo","20":"tag-republique-francaise"},"share_on_mastodon":{"url":"https:\/\/pubeurope.com\/@fr\/114576886584329508","error":""},"_links":{"self":[{"href":"https:\/\/www.europesays.com\/fr\/wp-json\/wp\/v2\/posts\/130493","targetHints":{"allow":["GET"]}}],"collection":[{"href":"https:\/\/www.europesays.com\/fr\/wp-json\/wp\/v2\/posts"}],"about":[{"href":"https:\/\/www.europesays.com\/fr\/wp-json\/wp\/v2\/types\/post"}],"author":[{"embeddable":true,"href":"https:\/\/www.europesays.com\/fr\/wp-json\/wp\/v2\/users\/2"}],"replies":[{"embeddable":true,"href":"https:\/\/www.europesays.com\/fr\/wp-json\/wp\/v2\/comments?post=130493"}],"version-history":[{"count":0,"href":"https:\/\/www.europesays.com\/fr\/wp-json\/wp\/v2\/posts\/130493\/revisions"}],"wp:featuredmedia":[{"embeddable":true,"href":"https:\/\/www.europesays.com\/fr\/wp-json\/wp\/v2\/media\/130494"}],"wp:attachment":[{"href":"https:\/\/www.europesays.com\/fr\/wp-json\/wp\/v2\/media?parent=130493"}],"wp:term":[{"taxonomy":"category","embeddable":true,"href":"https:\/\/www.europesays.com\/fr\/wp-json\/wp\/v2\/categories?post=130493"},{"taxonomy":"post_tag","embeddable":true,"href":"https:\/\/www.europesays.com\/fr\/wp-json\/wp\/v2\/tags?post=130493"}],"curies":[{"name":"wp","href":"https:\/\/api.w.org\/{rel}","templated":true}]}}