{"id":130499,"date":"2025-05-27T00:11:11","date_gmt":"2025-05-27T00:11:11","guid":{"rendered":"https:\/\/www.europesays.com\/fr\/130499\/"},"modified":"2025-05-27T00:11:11","modified_gmt":"2025-05-27T00:11:11","slug":"ce-sondage-revelateur-sur-laction-du-maire-eric-piolle","status":"publish","type":"post","link":"https:\/\/www.europesays.com\/fr\/130499\/","title":{"rendered":"ce sondage r\u00e9v\u00e9lateur sur l&rsquo;action du maire \u00c9ric Piolle"},"content":{"rendered":"<p>            Par<br \/>\n        <strong><br \/>\n            <a href=\"https:\/\/actu.fr\/auteur\/lisa-rodrigues\" title=\"Consulter tous les articles de Lisa Rodrigues\" target=\"_blank\" rel=\"noopener\">Lisa Rodrigues<\/a><br \/>\n        <\/strong><\/p>\n<p>        Publi\u00e9 le<\/p>\n<p>            26 mai 2025 \u00e0 13h30        <\/p>\n<p>C\u2019est probablement le premier d\u2019une longue s\u00e9rie de sondages concernant les municipales 2026. <br \/>L\u2019entreprise de sondage Ipsos vient de publier, pour GrenobleMag et <a href=\"https:\/\/grandgrenoble.alpes1.com\/news\/locales\/28318\/sondage-exclusif-eric-piolle-a-donne-une-mauvaise-image-de-grenoble-alain-carignon-seul-opposant-credible-pour-2026\" target=\"_blank\" rel=\"noopener\">Alpes 1<\/a>, une enqu\u00eate d\u2019opinion \u00e0 un an de l\u2019\u00e9ch\u00e9ance \u00e9lectorale. Y sont test\u00e9s la <strong>notori\u00e9t\u00e9 de potentiels candidats<\/strong> \u00e0 la mairie de Grenoble, ainsi que le <strong>ressenti du bilan du maire<\/strong> actuel, \u00c9ric Piolle (Les \u00c9cologistes) et de son \u00e9quipe. Pour ce sondage, 705 habitants ont \u00e9t\u00e9 interrog\u00e9s d\u00e9but mai.<br \/>Les r\u00e9sultats sont plut\u00f4t <strong>partag\u00e9s<\/strong>.<\/p>\n<p>Une \u00ab\u00a0bonne qualit\u00e9 de vie\u00a0\u00bb \u00e0 Grenoble<\/p>\n<p class=\" wall-content\">On d\u00e9marre avec le cadre de vie. La qualit\u00e9 de vie \u00e0 Grenoble est consid\u00e9r\u00e9e comme <strong>\u00ab\u00a0bonne\u00a0\u00bb pour 72% des sond\u00e9s<\/strong>. Elle est m\u00eame \u00ab\u00a0tr\u00e8s bonne\u00a0\u00bb pour 15% des personnes. Pour autant, 55% des r\u00e9pondants estiment qu\u2019elle s\u2019est d\u00e9grad\u00e9e sur les 10 derni\u00e8res ann\u00e9es, soit pendant les deux mandats d\u2019<a href=\"https:\/\/actu.fr\/tag\/eric-piolle\" target=\"_blank\" rel=\"noopener\">\u00c9ric Piolle<\/a>.<\/p>\n<p class=\" wall-content\">Les plus de 60 ans, les sympathisants de droite (donc \u00e0 l\u2019oppos\u00e9 du spectre politique de la majorit\u00e9 municipale actuelle) et les r\u00e9sidents grenoblois depuis plus de 20 ans sont les plus aptes \u00e0 estimer que la qualit\u00e9 de vie est ou s\u2019est d\u00e9grad\u00e9e ces derni\u00e8res ann\u00e9es. Une tendance qui se reproduit pour la plupart des questions de l\u2019enqu\u00eate.<\/p>\n<p>La moiti\u00e9 convaincue par le bilan d\u2019\u00c9ric Piolle<\/p>\n<p class=\" wall-content\">Concernant les questions plus politiques sur le bilan d\u2019\u00c9ric Piolle et de ses \u00e9quipes, le r\u00e9sultat est \u00ab\u00a0tr\u00e8s partag\u00e9\u00a0\u00bb, constate Ipsos. Ainsi, <strong>50% des personnes interrog\u00e9es se d\u00e9clarent satisfaites<\/strong> de l\u2019action municipale depuis 2014, contre 49% s\u2019estiment m\u00e9contentes (1% ne se prononce pas).<\/p>\n<p class=\" wall-content\">Dans le d\u00e9tail, certains domaines sont davantage pl\u00e9biscit\u00e9s. La politique sur les espaces nature en ville et la culture (74% de satisfaction chacun) sont particuli\u00e8rement salu\u00e9es. Tout comme les mesures pour l\u2019\u00e9ducation et les \u00e9coles, ou les actions pour la petite enfance (68% de satisfaction).<\/p>\n<p class=\" wall-content\">\u00c0 l\u2019inverse, la circulation en ville n\u2019est salu\u00e9e qu\u2019\u00e0 46%, tout comme la gestion des finances, probablement li\u00e9e aux scandales du <a href=\"https:\/\/actu.fr\/auvergne-rhone-alpes\/grenoble_38185\/fete-des-tuiles-le-maire-de-grenoble-avait-ete-relaxe-le-parquet-fait-appel_55077823.html\" target=\"_blank\" rel=\"noopener\">financement de la F\u00eate des Tuiles<\/a>, ou <a href=\"https:\/\/actu.fr\/auvergne-rhone-alpes\/grenoble_38185\/grenoble-eric-piolle-accuse-d-avoir-verse-16-800-euros-en-liquide-il-contre-attaque_61162981.html\" target=\"_blank\" rel=\"noopener\">l\u2019affaire impliquant \u00c9lisa Martin (LFI)<\/a>, ancienne adjointe d\u2019\u00c9ric Piolle. La propret\u00e9 n\u2019est pas non plus l\u2019action la plus pl\u00e9biscit\u00e9e (43% de satisfaction), ni le <a href=\"https:\/\/actu.fr\/auvergne-rhone-alpes\/grenoble_38185\/grenoble-300-stationnements-gratuits-supprimes-dans-ce-quartier-les-habitants-en-colere_62381772.html\" target=\"_blank\" rel=\"noopener\">stationnement<\/a> (32%).\u00a0<\/p>\n<p class=\" wall-content\">Sans surprise, la s\u00e9curit\u00e9 arrive, elle aussi, tr\u00e8s bas dans le classement, avec seulement 29% de personnes satisfaites et m\u00eame 41% de \u00ab\u00a0tr\u00e8s m\u00e9contents\u00a0\u00bb.<\/p>\n<p>L\u2019image de la ville d\u00e9grad\u00e9e<\/p>\n<p class=\" wall-content\">Sur l\u2019impact de l\u2019action de l\u2019\u00e9quipe municipale actuelle sur l\u2019image de la ville, les r\u00e9sultats sont plus nets : <strong>54% estiment cet impact n\u00e9gatif<\/strong>, quand seulement 26% estiment qu\u2019il est positif. 19% des sond\u00e9s consid\u00e8rent que l\u2019action de la municipalit\u00e9 actuelle n\u2019a pas modifi\u00e9 l\u2019image de <a href=\"https:\/\/actu.fr\/auvergne-rhone-alpes\/grenoble_38185\" target=\"_blank\" rel=\"noopener\">Grenoble<\/a>.\u00a0<\/p>\n<p class=\" wall-content\">Ils sont tout de m\u00eame <strong>68% \u00e0 estimer qu\u2019il \u00ab\u00a0vaut mieux changer en profondeur l\u2019action municipale\u00a0\u00bb<\/strong> dans les prochaines ann\u00e9es. Sous-entendu, qu\u2019il vaut mieux changer de majorit\u00e9 municipale aux prochaines \u00e9lections\u2026 Ils sont 30% \u00e0 penser qu\u2019il \u00ab\u00a0vaut mieux continuer\u00a0\u00bb avec l\u2019action municipale actuelle.<\/p>\n<p>\u00c9ric Piolle ne repart pas pour un troisi\u00e8me mandat<\/p>\n<p class=\" wall-content\">La partie la plus scrut\u00e9e est sans doute le test de notori\u00e9t\u00e9 de personnalit\u00e9s politiques comme potentiels candidats pour le poste de maire.<\/p>\n<p class=\" wall-content\">Premi\u00e8re surprise, <strong>48% des sond\u00e9s<\/strong> ne savent pas qu\u2019\u00c9ric Piolle ne se repr\u00e9sente pas pour un troisi\u00e8me mandat. Et le comble : 67% des sympathisants LFI \u2013 parti pourtant repr\u00e9sent\u00e9 dans la majorit\u00e9 actuelle \u2013 ne savent pas qu\u2019\u00c9ric Piolle ne repart pas en campagne\u2026<\/p>\n<p class=\" wall-content\">Deuxi\u00e8me enseignement, 56% des sond\u00e9s pensent que la majorit\u00e9 municipale actuelle ne doit pas \u00eatre reconduite sans \u00c9ric Piolle. Ils sont 43% \u00e0 estimer qu\u2019elle peut repartir sans le maire sortant (1% ne se prononce pas).<\/p>\n<p>Alain Carignon et \u00c9milie Chalas en pole position<\/p>\n<p class=\" wall-content\">Plusieurs noms ont \u00e9t\u00e9 propos\u00e9s dans l\u2019enqu\u00eate comme candidat au poste de maire de Grenoble.\u00a0<\/p>\n<p class=\" wall-content\">Le plus connu est <strong>Alain Carignon<\/strong> (LR) : 50% des sond\u00e9s le connaissent. Par contre, ils ne sont que 24% \u00e0 estimer qu\u2019il ferait un bon maire et 33% \u00e0 penser le contraire. Un \u00e9cart qui peut s\u2019expliquer par son pass\u00e9 judiciaire : <a href=\"https:\/\/actu.fr\/auvergne-rhone-alpes\/grenoble_38185\/municipales-l-ex-maire-de-grenoble-alain-carignon-veut-mettre-eric-piolle-sur-la-touche_62369330.html\" target=\"_blank\" rel=\"noopener\">l\u2019ancien maire de Grenoble<\/a> a \u00e9t\u00e9 condamn\u00e9 pour corruption et abus de biens sociaux en 1994.<\/p>\n<p class=\" wall-content\">Vient ensuite <strong>\u00c9milie Chalas<\/strong>, cheffe de file Renaissance pour les municipales \u00e0 Grenoble, avec 28% des sond\u00e9s qui la connaissent et 17% qui estiment qu\u2019elle ferait une bonne \u00e9dile (17% pensent le contraire).<\/p>\n<p class=\" wall-content\"><strong>Nathalie B\u00e9ranger<\/strong> (LR), actuelle \u00e9lue r\u00e9gionale, b\u00e9n\u00e9ficie d\u2019une notori\u00e9t\u00e9 \u00e0 12%, tout comme <strong>Laurence Ruffin<\/strong>, pr\u00e9sent\u00e9e comme \u00e9tant la probable candidate pour la majorit\u00e9 sortante. La premi\u00e8re recueille 12% d\u2019avis favorable dans le cas o\u00f9 elle serait maire, contre 10% pour la deuxi\u00e8me.<\/p>\n<p class=\" wall-content\"><strong>Herv\u00e9 Gerbi<\/strong> (sans \u00e9tiquette), seul candidat <a href=\"https:\/\/actu.fr\/auvergne-rhone-alpes\/grenoble_38185\/municipales-2026-qui-est-herve-gerbi-le-premier-candidat-a-la-mairie-de-grenoble_62539289.html\" target=\"_blank\" rel=\"noopener\">officiellement d\u00e9clar\u00e9<\/a> pour les municipales, est connu de 10% des sond\u00e9s. 8% d\u2019entre eux estiment qu\u2019il ferait un bon maire, 11% pensent le contraire.<\/p>\n<p class=\" wall-content\">Suivez toute l\u2019actualit\u00e9 de vos villes et m\u00e9dias favoris en vous inscrivant \u00e0 <a href=\"https:\/\/moncompte.actu.fr\" title=\"D\u00e9couvez Mon Actu\" rel=\"nofollow noopener\" data-trk=\"{&quot;cta&quot;:{&quot;action&quot;:&quot;https:\\\/\\\/moncompte.actu.fr&quot;,&quot;category&quot;:&quot;mon compte&quot;,&quot;from&quot;:&quot;article footer&quot;,&quot;name&quot;:&quot;Mon actu&quot;,&quot;type&quot;:&quot;cta&quot;}}\" target=\"_blank\">Mon Actu<\/a>.<\/p>\n","protected":false},"excerpt":{"rendered":"Par Lisa Rodrigues Publi\u00e9 le 26 mai 2025 \u00e0 13h30 C\u2019est probablement le premier d\u2019une longue s\u00e9rie de&hellip;\n","protected":false},"author":2,"featured_media":130500,"comment_status":"","ping_status":"","sticky":false,"template":"","format":"standard","meta":{"footnotes":""},"categories":[9566],"tags":[1111,11,2430,4188,9607,1777,674,1011,27,2731,12,316,25,11243],"class_list":{"0":"post-130499","1":"post","2":"type-post","3":"status-publish","4":"format-standard","5":"has-post-thumbnail","7":"category-grenoble","8":"tag-actu","9":"tag-actualites","10":"tag-auvergne-rhone-alpes","11":"tag-elections-municipales","12":"tag-eric-piolle","13":"tag-eu","14":"tag-europe","15":"tag-fr","16":"tag-france","17":"tag-grenoble","18":"tag-news","19":"tag-politique","20":"tag-republique-francaise","21":"tag-sondages"},"share_on_mastodon":{"url":"https:\/\/pubeurope.com\/@fr\/114576902470467906","error":""},"_links":{"self":[{"href":"https:\/\/www.europesays.com\/fr\/wp-json\/wp\/v2\/posts\/130499","targetHints":{"allow":["GET"]}}],"collection":[{"href":"https:\/\/www.europesays.com\/fr\/wp-json\/wp\/v2\/posts"}],"about":[{"href":"https:\/\/www.europesays.com\/fr\/wp-json\/wp\/v2\/types\/post"}],"author":[{"embeddable":true,"href":"https:\/\/www.europesays.com\/fr\/wp-json\/wp\/v2\/users\/2"}],"replies":[{"embeddable":true,"href":"https:\/\/www.europesays.com\/fr\/wp-json\/wp\/v2\/comments?post=130499"}],"version-history":[{"count":0,"href":"https:\/\/www.europesays.com\/fr\/wp-json\/wp\/v2\/posts\/130499\/revisions"}],"wp:featuredmedia":[{"embeddable":true,"href":"https:\/\/www.europesays.com\/fr\/wp-json\/wp\/v2\/media\/130500"}],"wp:attachment":[{"href":"https:\/\/www.europesays.com\/fr\/wp-json\/wp\/v2\/media?parent=130499"}],"wp:term":[{"taxonomy":"category","embeddable":true,"href":"https:\/\/www.europesays.com\/fr\/wp-json\/wp\/v2\/categories?post=130499"},{"taxonomy":"post_tag","embeddable":true,"href":"https:\/\/www.europesays.com\/fr\/wp-json\/wp\/v2\/tags?post=130499"}],"curies":[{"name":"wp","href":"https:\/\/api.w.org\/{rel}","templated":true}]}}