{"id":13050,"date":"2025-04-09T16:23:08","date_gmt":"2025-04-09T16:23:08","guid":{"rendered":"https:\/\/www.europesays.com\/fr\/13050\/"},"modified":"2025-04-09T16:23:08","modified_gmt":"2025-04-09T16:23:08","slug":"leurope-face-a-trois-menaces-et-une-opportunite-par-harlem-desir-liberation","status":"publish","type":"post","link":"https:\/\/www.europesays.com\/fr\/13050\/","title":{"rendered":"L\u2019Europe face \u00e0 trois menaces et une opportunit\u00e9, par Harlem D\u00e9sir \u2013 Lib\u00e9ration"},"content":{"rendered":"<p class=\"sc-cPiKLX AiZTS text-element\">L\u2019Europe fait face \u00e0 trois menaces simultan\u00e9es, chacune de nature \u00e0 remettre en cause sa survie. Mais c\u2019est de sa propre incapacit\u00e9 \u00e0 se ressaisir qu\u2019elle devrait se m\u00e9fier le plus.<\/p>\n<p class=\"sc-cPiKLX AiZTS text-element\">La premi\u00e8re menace est s\u00e9curitaire, elle p\u00e8se sur ses fronti\u00e8res, son int\u00e9grit\u00e9 physique, ses c\u00e2bles sous-marins, ses infrastructures essentielles, mais aussi sur son int\u00e9grit\u00e9 politique \u00e0 travers la strat\u00e9gie du chaos, les guerres informationnelles et le soutien aux mouvements populistes. Elle vient de Russie, est aliment\u00e9e par l\u2019agressivit\u00e9 imp\u00e9riale de son r\u00e9gime actuel qui ne s\u2019arr\u00eatera pas \u00e0 l\u2019Ukraine, et est encourag\u00e9e par le retournement am\u00e9ricain qui souligne les faiblesses de la d\u00e9fense europ\u00e9enne. Cette menace est celle de la neutralisation et de la soumission strat\u00e9gique.<\/p>\n<p class=\"sc-cPiKLX AiZTS text-element\">La deuxi\u00e8me est celle de l\u2019assujettissement \u00e9conomique, \u00e0 coups de tarifs douaniers, de pressions extraterritoriales sur les entreprises et de chantage pour obtenir le d\u00e9mant\u00e8lement des r\u00e9glementations num\u00e9riques europ\u00e9ennes. Elle vient des Etats-Unis, vise \u00e0 un transfert forc\u00e9 des investissements industriels et \u00e0 laisser le champ libre aux entreprises technologiques am\u00e9ricaines sur le march\u00e9 europ\u00e9en.<\/p>\n<p class=\"sc-cPiKLX AiZTS text-element\">La troisi\u00e8me est celle de la rel\u00e9gation technologique et de la mise hors comp\u00e9tition de l\u2019Europe de l\u2019\u00e9conomie du futur. Elle vient de Chine, poursuit un objectif d\u2019\u00e9vincement des entreprises europ\u00e9ennes de leur propre march\u00e9 et du march\u00e9 mondial dans les technologies d\u2019avenir et de la transition \u00e9nerg\u00e9tique. L\u2019avance pris<\/p>\n","protected":false},"excerpt":{"rendered":"L\u2019Europe fait face \u00e0 trois menaces simultan\u00e9es, chacune de nature \u00e0 remettre en cause sa survie. Mais c\u2019est&hellip;\n","protected":false},"author":2,"featured_media":13051,"comment_status":"","ping_status":"","sticky":false,"template":"","format":"standard","meta":{"footnotes":""},"categories":[1586],"tags":[11,309,73,1777,674,1011,27,12,25,364],"class_list":{"0":"post-13050","1":"post","2":"type-post","3":"status-publish","4":"format-standard","5":"has-post-thumbnail","7":"category-europe","8":"tag-actualites","9":"tag-chine","10":"tag-etats-unis","11":"tag-eu","12":"tag-europe","13":"tag-fr","14":"tag-france","15":"tag-news","16":"tag-republique-francaise","17":"tag-union-europeenne"},"share_on_mastodon":{"url":"https:\/\/pubeurope.com\/@fr\/114308933433048120","error":""},"_links":{"self":[{"href":"https:\/\/www.europesays.com\/fr\/wp-json\/wp\/v2\/posts\/13050","targetHints":{"allow":["GET"]}}],"collection":[{"href":"https:\/\/www.europesays.com\/fr\/wp-json\/wp\/v2\/posts"}],"about":[{"href":"https:\/\/www.europesays.com\/fr\/wp-json\/wp\/v2\/types\/post"}],"author":[{"embeddable":true,"href":"https:\/\/www.europesays.com\/fr\/wp-json\/wp\/v2\/users\/2"}],"replies":[{"embeddable":true,"href":"https:\/\/www.europesays.com\/fr\/wp-json\/wp\/v2\/comments?post=13050"}],"version-history":[{"count":0,"href":"https:\/\/www.europesays.com\/fr\/wp-json\/wp\/v2\/posts\/13050\/revisions"}],"wp:featuredmedia":[{"embeddable":true,"href":"https:\/\/www.europesays.com\/fr\/wp-json\/wp\/v2\/media\/13051"}],"wp:attachment":[{"href":"https:\/\/www.europesays.com\/fr\/wp-json\/wp\/v2\/media?parent=13050"}],"wp:term":[{"taxonomy":"category","embeddable":true,"href":"https:\/\/www.europesays.com\/fr\/wp-json\/wp\/v2\/categories?post=13050"},{"taxonomy":"post_tag","embeddable":true,"href":"https:\/\/www.europesays.com\/fr\/wp-json\/wp\/v2\/tags?post=13050"}],"curies":[{"name":"wp","href":"https:\/\/api.w.org\/{rel}","templated":true}]}}