{"id":130503,"date":"2025-05-27T00:13:08","date_gmt":"2025-05-27T00:13:08","guid":{"rendered":"https:\/\/www.europesays.com\/fr\/130503\/"},"modified":"2025-05-27T00:13:08","modified_gmt":"2025-05-27T00:13:08","slug":"previsions-du-mardi-27-mai-2025-9","status":"publish","type":"post","link":"https:\/\/www.europesays.com\/fr\/130503\/","title":{"rendered":"pr\u00e9visions du mardi 27 mai 2025"},"content":{"rendered":"<p>On observera la pr\u00e9sence persistante de nuages aujourd&rsquo;hui \u00e0 Rennes. Il fera en moyenne 15\u00b0C. Un vent de sud-ouest soufflera \u00e0 23 km\/h. Le matin, des nuages ne voudront pas faire place au soleil. Encore de la grisaille l&rsquo;apr\u00e8s-midi. Les nuages vont stationner. Les valeurs seront de 18\u00b0C au minimum et de 19\u00b0C au maximum. La m\u00e9t\u00e9o devrait s&rsquo;am\u00e9liorer pendant la soir\u00e9e. Un ciel l\u00e9g\u00e8rement voil\u00e9 est attendu dans la nuit reliant mardi et mercredi.<\/p>\n<p>Demain, Rennes sera travers\u00e9e par de l\u00e9g\u00e8res averses. Un temps plus chaud est pr\u00e9vu \u00e9tant donn\u00e9 que les temp\u00e9ratures vont conna\u00eetre une hausse. Les valeurs seront comprises entre 13 et 20\u00b0C. Une petite brise de sud-ouest sera ressentie par les habitants. Les valeurs s&rsquo;\u00e9chelonneront entre 19\u00b0C et 20\u00b0C dans l&rsquo;apr\u00e8s-midi. La soir\u00e9e va rester voil\u00e9e \u00e0 cause de nuages qui se maintiennent dans le ciel. Il faudra emporter son parapluie pour \u00e9viter les pluies \u00e9parses.<\/p>\n<p>Une am\u00e9lioration est \u00e0 pr\u00e9voir les jours suivants. Il va faire un temps assez ensoleill\u00e9 avec des temp\u00e9ratures autour de 19\u00b0C.<\/p>\n<p><\/p>\n","protected":false},"excerpt":{"rendered":"On observera la pr\u00e9sence persistante de nuages aujourd&rsquo;hui \u00e0 Rennes. Il fera en moyenne 15\u00b0C. Un vent de&hellip;\n","protected":false},"author":2,"featured_media":130504,"comment_status":"","ping_status":"","sticky":false,"template":"","format":"standard","meta":{"footnotes":""},"categories":[2821],"tags":[1111,11,829,1777,674,1011,27,848,12,2119,584,25],"class_list":{"0":"post-130503","1":"post","2":"type-post","3":"status-publish","4":"format-standard","5":"has-post-thumbnail","7":"category-rennes","8":"tag-actu","9":"tag-actualites","10":"tag-bretagne","11":"tag-eu","12":"tag-europe","13":"tag-fr","14":"tag-france","15":"tag-ille-et-vilaine","16":"tag-news","17":"tag-previsions-meteo","18":"tag-rennes","19":"tag-republique-francaise"},"share_on_mastodon":{"url":"https:\/\/pubeurope.com\/@fr\/114576910192901318","error":""},"_links":{"self":[{"href":"https:\/\/www.europesays.com\/fr\/wp-json\/wp\/v2\/posts\/130503","targetHints":{"allow":["GET"]}}],"collection":[{"href":"https:\/\/www.europesays.com\/fr\/wp-json\/wp\/v2\/posts"}],"about":[{"href":"https:\/\/www.europesays.com\/fr\/wp-json\/wp\/v2\/types\/post"}],"author":[{"embeddable":true,"href":"https:\/\/www.europesays.com\/fr\/wp-json\/wp\/v2\/users\/2"}],"replies":[{"embeddable":true,"href":"https:\/\/www.europesays.com\/fr\/wp-json\/wp\/v2\/comments?post=130503"}],"version-history":[{"count":0,"href":"https:\/\/www.europesays.com\/fr\/wp-json\/wp\/v2\/posts\/130503\/revisions"}],"wp:featuredmedia":[{"embeddable":true,"href":"https:\/\/www.europesays.com\/fr\/wp-json\/wp\/v2\/media\/130504"}],"wp:attachment":[{"href":"https:\/\/www.europesays.com\/fr\/wp-json\/wp\/v2\/media?parent=130503"}],"wp:term":[{"taxonomy":"category","embeddable":true,"href":"https:\/\/www.europesays.com\/fr\/wp-json\/wp\/v2\/categories?post=130503"},{"taxonomy":"post_tag","embeddable":true,"href":"https:\/\/www.europesays.com\/fr\/wp-json\/wp\/v2\/tags?post=130503"}],"curies":[{"name":"wp","href":"https:\/\/api.w.org\/{rel}","templated":true}]}}