{"id":130505,"date":"2025-05-27T00:14:26","date_gmt":"2025-05-27T00:14:26","guid":{"rendered":"https:\/\/www.europesays.com\/fr\/130505\/"},"modified":"2025-05-27T00:14:26","modified_gmt":"2025-05-27T00:14:26","slug":"rennes-prolonge-un-defenseur-prometteur-france-stade-rennais","status":"publish","type":"post","link":"https:\/\/www.europesays.com\/fr\/130505\/","title":{"rendered":"Rennes prolonge un d\u00e9fenseur prometteur &#8211; France &#8211; Stade rennais"},"content":{"rendered":"<p>Ils ont aim\u00e9 Jacquet.<\/p>\n<p>Rappel\u00e9 de son pr\u00eat \u00e0 Clermont l\u2019hiver dernier, <strong>J\u00e9r\u00e9my Jacquet n\u2019a pas l\u2019intention de quitter son club formateur, le Stade rennais<\/strong>, cet \u00e9t\u00e9. C\u2019est en tout cas le message qu\u2019a voulu faire passer l\u2019\u00e9curie bretonne en <strong>officialisant la prolongation jusqu\u2019en 2029 du d\u00e9fenseur central<\/strong>, ce lundi apr\u00e8s-midi.<\/p>\n<p>Un joueur dans le viseur de plusieurs clubs europ\u00e9ens<\/p>\n<p>Dans l\u2019\u00e9mission Pleine Lucarne diffus\u00e9e sur TV Rennes, le pr\u00e9sident Arnaud Pouille a pr\u00e9cis\u00e9 qu\u2019il \u00e9tait <strong>convenu avec le joueur qu\u2019il reste en Bretagne lors du mercato estival \u00e0 venir<\/strong>, alors que plusieurs clubs europ\u00e9ens seraient \u00e0 l\u2019aff\u00fbt du d\u00e9fenseur prometteur, qui a pu effectuer onze apparitions en Ligue 1 sur la phase retour cette saison.<\/p>\n<blockquote class=\"twitter-tweet\">\n<p lang=\"fr\" dir=\"ltr\">\ud835\udc71\ud835\udc86\u0301\ud835\udc93\ud835\udc86\u0301\ud835\udc8e\ud835\udc9a, \ud835\udc68\ud835\udc6b\ud835\udc75 \ud835\udc79\ud835\udc90\ud835\udc96\ud835\udc88\ud835\udc86 \ud835\udc86\ud835\udc95 \ud835\udc75\ud835\udc90\ud835\udc8a\ud835\udc93 \ud83d\udd34\u26ab\ufe0f<br \/>\nFier repr\u00e9sentant de la formation rennaise, le d\u00e9fenseur de 19 ans s\u2019est engag\u00e9 jusqu\u2019en 2029 avec le SRFC \u270d\ufe0f<\/p>\n<p>\u2014 Stade Rennais F.C. (@staderennais) <a target=\"_blank\" href=\"https:\/\/twitter.com\/staderennais\/status\/1927032104954511525?ref_src=twsrc%5Etfw\" rel=\"nofollow noopener\">May 26, 2025<\/a><\/p><\/blockquote>\n<p>\u00ab\u00a0J\u00e9r\u00e9my incarne parfaitement la volont\u00e9 du club de construire son projet autour de la formation rennaise. Il \u00e9tait pr\u00e9sent \u00e0 la finale de Gambardella ce week-end, preuve de son attachement \u00e0 l\u2019acad\u00e9mie rouge et noir, d\u00e9taille <a target=\"_blank\" href=\"https:\/\/www.sofoot.com\/breves\/loic-desire-est-le-nouveau-directeur-sportif-du-stade-rennais\" rel=\"nofollow noopener\">Lo\u00efc D\u00e9sir\u00e9, nouveau directeur sportif \u00e0 Rennes<\/a>, sur le site officiel du SRFC. Il a de tr\u00e8s grandes qualit\u00e9s, notamment athl\u00e9tiques, et d\u00e9gage beaucoup d\u2019assurance et de force pour son \u00e2ge.\u00a0\u00bb<\/p>\n<p>En parlant de formation : <a target=\"_blank\" href=\"https:\/\/www.sofoot.com\/articles\/lorenz-assignon-stade-rennais-laisser-sa-trace-dans-le-foot-ca-doit-etre-cool\" rel=\"nofollow noopener\">Lorenz Assignon<\/a>, lui, est sur le d\u00e9part pour l\u2019Allemagne.<\/p>\n<p>\t\t\t\t\t\t\t\t\t\t<a class=\"lien-connexe\" href=\"https:\/\/www.sofoot.com\/breves\/rennes-soffre-une-quatrieme-coupe-gambardella-en-simposant-contre-dijon-au-stade-de-france\" rel=\"nofollow noopener\" target=\"_blank\">Rennes s\u2019offre la Coupe Gambardella <\/a>\t\t\t\t\t<script async src=\"https:\/\/platform.twitter.com\/widgets.js\" charset=\"utf-8\"><\/script><\/p>\n","protected":false},"excerpt":{"rendered":"Ils ont aim\u00e9 Jacquet. Rappel\u00e9 de son pr\u00eat \u00e0 Clermont l\u2019hiver dernier, J\u00e9r\u00e9my Jacquet n\u2019a pas l\u2019intention de&hellip;\n","protected":false},"author":2,"featured_media":130506,"comment_status":"","ping_status":"","sticky":false,"template":"","format":"standard","meta":{"footnotes":""},"categories":[2821],"tags":[1111,47,11,61,829,69,65,64,1777,674,63,1011,27,68,66,12,62,70,584,25,67],"class_list":{"0":"post-130505","1":"post","2":"type-post","3":"status-publish","4":"format-standard","5":"has-post-thumbnail","7":"category-rennes","8":"tag-actu","9":"tag-actualite","10":"tag-actualites","11":"tag-actus-football","12":"tag-bretagne","13":"tag-bundesliga","14":"tag-championnats-europeens","15":"tag-equipe-de-france","16":"tag-eu","17":"tag-europe","18":"tag-football","19":"tag-fr","20":"tag-france","21":"tag-ligua","22":"tag-ligue-1","23":"tag-news","24":"tag-news-foot","25":"tag-premier-league","26":"tag-rennes","27":"tag-republique-francaise","28":"tag-serie-a"},"share_on_mastodon":{"url":"https:\/\/pubeurope.com\/@fr\/114576914737146588","error":""},"_links":{"self":[{"href":"https:\/\/www.europesays.com\/fr\/wp-json\/wp\/v2\/posts\/130505","targetHints":{"allow":["GET"]}}],"collection":[{"href":"https:\/\/www.europesays.com\/fr\/wp-json\/wp\/v2\/posts"}],"about":[{"href":"https:\/\/www.europesays.com\/fr\/wp-json\/wp\/v2\/types\/post"}],"author":[{"embeddable":true,"href":"https:\/\/www.europesays.com\/fr\/wp-json\/wp\/v2\/users\/2"}],"replies":[{"embeddable":true,"href":"https:\/\/www.europesays.com\/fr\/wp-json\/wp\/v2\/comments?post=130505"}],"version-history":[{"count":0,"href":"https:\/\/www.europesays.com\/fr\/wp-json\/wp\/v2\/posts\/130505\/revisions"}],"wp:featuredmedia":[{"embeddable":true,"href":"https:\/\/www.europesays.com\/fr\/wp-json\/wp\/v2\/media\/130506"}],"wp:attachment":[{"href":"https:\/\/www.europesays.com\/fr\/wp-json\/wp\/v2\/media?parent=130505"}],"wp:term":[{"taxonomy":"category","embeddable":true,"href":"https:\/\/www.europesays.com\/fr\/wp-json\/wp\/v2\/categories?post=130505"},{"taxonomy":"post_tag","embeddable":true,"href":"https:\/\/www.europesays.com\/fr\/wp-json\/wp\/v2\/tags?post=130505"}],"curies":[{"name":"wp","href":"https:\/\/api.w.org\/{rel}","templated":true}]}}