{"id":130507,"date":"2025-05-27T00:15:39","date_gmt":"2025-05-27T00:15:39","guid":{"rendered":"https:\/\/www.europesays.com\/fr\/130507\/"},"modified":"2025-05-27T00:15:39","modified_gmt":"2025-05-27T00:15:39","slug":"avec-chez-paulette-le-neudorf-retrouve-lun-de-ses-bistrots-de-quartier-historique","status":"publish","type":"post","link":"https:\/\/www.europesays.com\/fr\/130507\/","title":{"rendered":"Avec Chez Paulette, le Neudorf retrouve l&rsquo;un de ses bistrots de quartier historique"},"content":{"rendered":"<p><strong>D\u00e9cid\u00e9ment, le monde de la restauration est en pleine forme \u00e0 Strasbourg ! La preuve avec l\u2019ouverture de Chez Paulette, un petit cocon de gourmandise \u00e0 l\u2019alsacienne situ\u00e9 en plein c\u0153ur du Neudorf. On vous pr\u00e9sente ce qui se cache derri\u00e8re ce bistrot de quartier historique et g\u00e9n\u00e9reux, que les plus ancien(ne)s reconna\u00eetront \u00e0 coup s\u00fbr.<\/strong><\/p>\n<p>C\u2019est \u00e0 l\u2019angle de la rue du Neufeld, au rez-de-chauss\u00e9e <strong>d\u2019un b\u00e2timent d\u2019\u00e9poque<\/strong>, que l\u2019on croise la route de Chez Paulette, <strong>un restaurant qui n\u2019a \u00e0 priori pas boug\u00e9 depuis des d\u00e9cennies\u2026 <\/strong>et pourtant.<\/p>\n<p>Ancienne menuiserie install\u00e9e au d\u00e9but du si\u00e8cle dernier, l\u2019adresse a ensuite accueilli<strong> le restaurant Poivre et Sel dans les ann\u00e9es 50<\/strong>. C\u2019\u00e9tait alors un repaire d\u2019anciens conducteurs de taxis, <strong>tenu avec fougue par Marthe et Andr\u00e9 Vogt<\/strong>, un couple que l\u2019on peut voir \u00e0 son top niveau sur la photo ci-dessous.<\/p>\n<p>                <img width=\"375\" height=\"500\" src=\"https:\/\/www.europesays.com\/fr\/wp-content\/uploads\/2025\/05\/chez-paulette-paleron-boeuf-dessert-bistrot-chez-paulette-paleron-boeuf-dessert-bistrot-img-7360-375.jpeg\" class=\"attachment-gallery size-gallery\" alt=\"Chez paulette paleron boeuf dessert bistrot Chez paulette paleron boeuf dessert bistrot IMG_7360\" data-full-url=\"https:\/\/pokaa.fr\/wp-content\/uploads\/2025\/05\/22\/chez-paulette-paleron-boeuf-dessert-bistrot-chez-paulette-paleron-boeuf-dessert-bistrot-img-7360.jpeg\" decoding=\"async\" loading=\"lazy\"  \/>            <\/p>\n<p>                <img width=\"375\" height=\"500\" src=\"https:\/\/www.europesays.com\/fr\/wp-content\/uploads\/2025\/05\/chez-paulette-paleron-boeuf-dessert-bistrot-chez-paulette-paleron-boeuf-dessert-bistrot-img-7332-375.jpeg\" class=\"attachment-gallery size-gallery\" alt=\"Chez paulette paleron boeuf dessert bistrot Chez paulette paleron boeuf dessert bistrot IMG_7332\" data-full-url=\"https:\/\/pokaa.fr\/wp-content\/uploads\/2025\/05\/22\/chez-paulette-paleron-boeuf-dessert-bistrot-chez-paulette-paleron-boeuf-dessert-bistrot-img-7332.jpeg\" decoding=\"async\" loading=\"lazy\"  \/>            <\/p>\n<p>                <img width=\"692\" height=\"500\" src=\"https:\/\/www.europesays.com\/fr\/wp-content\/uploads\/2025\/05\/img-7508-692x500.jpg\" class=\"attachment-gallery size-gallery\" alt=\"IMG_7508\" data-full-url=\"https:\/\/pokaa.fr\/wp-content\/uploads\/2025\/05\/23\/img-7508.jpg\" decoding=\"async\" loading=\"lazy\"  \/>            <\/p>\n<p>                <img width=\"375\" height=\"500\" src=\"https:\/\/www.europesays.com\/fr\/wp-content\/uploads\/2025\/05\/chez-paulette-paleron-boeuf-dessert-bistrot-chez-paulette-paleron-boeuf-dessert-bistrot-img-7431-375.jpeg\" class=\"attachment-gallery size-gallery\" alt=\"Chez paulette paleron boeuf dessert bistrot Chez paulette paleron boeuf dessert bistrot IMG_7431\" data-full-url=\"https:\/\/pokaa.fr\/wp-content\/uploads\/2025\/05\/22\/chez-paulette-paleron-boeuf-dessert-bistrot-chez-paulette-paleron-boeuf-dessert-bistrot-img-7431.jpeg\" decoding=\"async\" loading=\"lazy\"  \/>            <\/p>\n<p>                <img width=\"375\" height=\"500\" src=\"https:\/\/www.europesays.com\/fr\/wp-content\/uploads\/2025\/05\/chez-paulette-paleron-boeuf-dessert-bistrot-chez-paulette-paleron-boeuf-dessert-bistrot-img-7345-375.jpeg\" class=\"attachment-gallery size-gallery\" alt=\"Chez paulette paleron boeuf dessert bistrot Chez paulette paleron boeuf dessert bistrot IMG_7345\" data-full-url=\"https:\/\/pokaa.fr\/wp-content\/uploads\/2025\/05\/22\/chez-paulette-paleron-boeuf-dessert-bistrot-chez-paulette-paleron-boeuf-dessert-bistrot-img-7345.jpeg\" decoding=\"async\" loading=\"lazy\"  \/>            <\/p>\n<p>                    Photo 1,2, 4 et \u00a9 Bastien Pietronave \/ Pokaa. Photo 3 \u00a9 Document remis <\/p>\n<p>Plus tard, le lieu a de nouveau chang\u00e9 de mains et s\u2019est appel\u00e9 <strong>Le Restaurant du Coin<\/strong> jusqu\u2019en 2023. Mais depuis la fin du mois d\u2019avril, c\u2019est <strong>le nom Chez Paulette qui s\u2019affiche fi\u00e8rement sur la devanture<\/strong> de ce restaurant qui, m\u00eame de loin, d\u00e9gage ce petit quelque chose qui donne envie de rentrer.<\/p>\n<p>                <img width=\"375\" height=\"500\" src=\"https:\/\/www.europesays.com\/fr\/wp-content\/uploads\/2025\/05\/chez-paulette-paleron-boeuf-dessert-bistrot-chez-paulette-paleron-boeuf-dessert-bistrot-img-7313-375.jpeg\" class=\"attachment-gallery size-gallery\" alt=\"Chez paulette paleron boeuf dessert bistrot Chez paulette paleron boeuf dessert bistrot IMG_7313\" data-full-url=\"https:\/\/pokaa.fr\/wp-content\/uploads\/2025\/05\/22\/chez-paulette-paleron-boeuf-dessert-bistrot-chez-paulette-paleron-boeuf-dessert-bistrot-img-7313.jpeg\" decoding=\"async\" loading=\"lazy\"  \/>            <\/p>\n<p>                <img width=\"375\" height=\"500\" src=\"https:\/\/www.europesays.com\/fr\/wp-content\/uploads\/2025\/05\/chez-paulette-paleron-boeuf-dessert-bistrot-chez-paulette-paleron-boeuf-dessert-bistrot-img-7352-375.jpeg\" class=\"attachment-gallery size-gallery\" alt=\"Chez paulette paleron boeuf dessert bistrot Chez paulette paleron boeuf dessert bistrot IMG_7352\" data-full-url=\"https:\/\/pokaa.fr\/wp-content\/uploads\/2025\/05\/22\/chez-paulette-paleron-boeuf-dessert-bistrot-chez-paulette-paleron-boeuf-dessert-bistrot-img-7352.jpeg\" decoding=\"async\" loading=\"lazy\"  \/>            <\/p>\n<p>                <img width=\"375\" height=\"500\" src=\"https:\/\/www.europesays.com\/fr\/wp-content\/uploads\/2025\/05\/chez-paulette-paleron-boeuf-dessert-bistrot-chez-paulette-paleron-boeuf-dessert-bistrot-img-7350-2-3.jpeg\" class=\"attachment-gallery size-gallery\" alt=\"Chez paulette paleron boeuf dessert bistrot Chez paulette paleron boeuf dessert bistrot IMG_7350 2\" data-full-url=\"https:\/\/pokaa.fr\/wp-content\/uploads\/2025\/05\/22\/chez-paulette-paleron-boeuf-dessert-bistrot-chez-paulette-paleron-boeuf-dessert-bistrot-img-7350-2.jpeg\" decoding=\"async\" loading=\"lazy\"  \/>            <\/p>\n<p>                    \u00a9 Bastien Pietronave \/ Pokaa<\/p>\n<p>Chez Paulette : le retour du bistrot de quartier par excellence <\/p>\n<p>Paulette, c\u2019est <strong>le genre d\u2019adresse que l\u2019on croise par hasard, <\/strong>au d\u00e9tour d\u2019une ruelle que l\u2019on ne conna\u00eet pas.<\/p>\n<p>En passant la porte, on est tr\u00e8s vite rassur\u00e9 d\u2019y trouver exactement ce que l\u2019on pouvait imaginer : <strong>de l\u2019authenticit\u00e9, de la gourmandise et de la chaleur humaine.<\/strong><\/p>\n<p>Une trentaine de couverts, quelques tables de bois, <strong>une d\u00e9coration sobre et une patine qui donne du cachet<\/strong>, le restaurant a v\u00e9cu, et <strong>cet esprit \u00e0 l\u2019ancienne donne envie de s\u2019attabler.<\/strong><\/p>\n<p>                <img width=\"375\" height=\"500\" src=\"https:\/\/www.europesays.com\/fr\/wp-content\/uploads\/2025\/05\/chez-paulette-paleron-boeuf-dessert-bistrot-chez-paulette-paleron-boeuf-dessert-bistrot-img-7325-375.jpeg\" class=\"attachment-gallery size-gallery\" alt=\"Chez paulette paleron boeuf dessert bistrot Chez paulette paleron boeuf dessert bistrot IMG_7325\" data-full-url=\"https:\/\/pokaa.fr\/wp-content\/uploads\/2025\/05\/22\/chez-paulette-paleron-boeuf-dessert-bistrot-chez-paulette-paleron-boeuf-dessert-bistrot-img-7325.jpeg\" decoding=\"async\" loading=\"lazy\"  \/>            <\/p>\n<p>                <img width=\"375\" height=\"500\" src=\"https:\/\/www.europesays.com\/fr\/wp-content\/uploads\/2025\/05\/chez-paulette-paleron-boeuf-dessert-bistrot-chez-paulette-paleron-boeuf-dessert-bistrot-img-7367-375.jpeg\" class=\"attachment-gallery size-gallery\" alt=\"Chez paulette paleron boeuf dessert bistrot Chez paulette paleron boeuf dessert bistrot IMG_7367\" data-full-url=\"https:\/\/pokaa.fr\/wp-content\/uploads\/2025\/05\/22\/chez-paulette-paleron-boeuf-dessert-bistrot-chez-paulette-paleron-boeuf-dessert-bistrot-img-7367.jpeg\" decoding=\"async\" loading=\"lazy\"  \/>            <\/p>\n<p>                <img width=\"375\" height=\"500\" src=\"https:\/\/www.europesays.com\/fr\/wp-content\/uploads\/2025\/05\/chez-paulette-paleron-boeuf-dessert-bistrot-chez-paulette-paleron-boeuf-dessert-bistrot-img-7341-375.jpeg\" class=\"attachment-gallery size-gallery\" alt=\"Chez paulette paleron boeuf dessert bistrot Chez paulette paleron boeuf dessert bistrot IMG_7341\" data-full-url=\"https:\/\/pokaa.fr\/wp-content\/uploads\/2025\/05\/22\/chez-paulette-paleron-boeuf-dessert-bistrot-chez-paulette-paleron-boeuf-dessert-bistrot-img-7341.jpeg\" decoding=\"async\" loading=\"lazy\"  \/>            <\/p>\n<p>                    \u00a9 Bastien Pietronave \/ Pokaa<\/p>\n<p>Depuis son ouverture il y a quelques mois, la mayonnaise prend bien, et les travailleurs\/euses du coin, comme les habitant(e)s du quartier, <strong>viennent en nombre.\u00a0<\/strong><\/p>\n<p><strong>Et on comprend pourquoi : <\/strong>un Picon sans citron accoud\u00e9 au zinc, <strong>une ambiance familiale qui donne envie de causer \u00e0 ses voisin(e)s<\/strong>, souvent, il n\u2019y a rien de plus doux et de plus efficace que la simplicit\u00e9.<\/p>\n<p>                <img width=\"375\" height=\"500\" src=\"https:\/\/www.europesays.com\/fr\/wp-content\/uploads\/2025\/05\/chez-paulette-paleron-boeuf-dessert-bistrot-chez-paulette-paleron-boeuf-dessert-bistrot-img-7428-375.jpeg\" class=\"attachment-gallery size-gallery\" alt=\"Chez paulette paleron boeuf dessert bistrot Chez paulette paleron boeuf dessert bistrot IMG_7428\" data-full-url=\"https:\/\/pokaa.fr\/wp-content\/uploads\/2025\/05\/22\/chez-paulette-paleron-boeuf-dessert-bistrot-chez-paulette-paleron-boeuf-dessert-bistrot-img-7428.jpeg\" decoding=\"async\" loading=\"lazy\"  \/>            <\/p>\n<p>                <img width=\"375\" height=\"500\" src=\"https:\/\/www.europesays.com\/fr\/wp-content\/uploads\/2025\/05\/chez-paulette-paleron-boeuf-dessert-bistrot-img-7397-375x500.jpeg\" class=\"attachment-gallery size-gallery\" alt=\"Chez paulette paleron boeuf dessert bistrot IMG_7397\" data-full-url=\"https:\/\/pokaa.fr\/wp-content\/uploads\/2025\/05\/22\/chez-paulette-paleron-boeuf-dessert-bistrot-img-7397.jpeg\" decoding=\"async\" loading=\"lazy\"  \/>            <\/p>\n<p>                <img width=\"375\" height=\"500\" src=\"https:\/\/www.europesays.com\/fr\/wp-content\/uploads\/2025\/05\/chez-paulette-paleron-boeuf-dessert-bistrot-img-7379-375x500.jpeg\" class=\"attachment-gallery size-gallery\" alt=\"Chez paulette paleron boeuf dessert bistrot IMG_7379\" data-full-url=\"https:\/\/pokaa.fr\/wp-content\/uploads\/2025\/05\/22\/chez-paulette-paleron-boeuf-dessert-bistrot-img-7379.jpeg\" decoding=\"async\" loading=\"lazy\"  \/>            <\/p>\n<p>                    \u00a9 Bastien Pietronave \/ Pokaa<\/p>\n<p>Une cuisine fran\u00e7aise et alsacienne qui fait du bien <\/p>\n<p>Chez Paulette, on vient d\u00e9guster des plats gourmands, copieux, simples et savoureux, mais surtout<strong> pr\u00e9par\u00e9s maison avec des produits de qualit\u00e9 par David, un chef qui aime ce qu\u2019il fait.<br \/><\/strong><\/p>\n<p>Foie gras maison ; <strong>paleron de b\u0153uf \u00e0 couper la cuill\u00e8re tellement il est tendre ;<\/strong> saumon marin\u00e9 \u00e0 la betterave ou encore cassolette d\u2019escargots au cognac, <strong>tout \u00e7a sonne comme une douce po\u00e9sie.<\/strong><\/p>\n<p>La carte est courte,<strong> les intitul\u00e9s donnent envie<\/strong>, les plats ont beaucoup de go\u00fbt, et le service et au top niveau, que demander de plus ? Ah oui, j\u2019oubliais un d\u00e9tail important :<strong> le prix.<\/strong><\/p>\n<p>                <img width=\"375\" height=\"500\" src=\"https:\/\/www.europesays.com\/fr\/wp-content\/uploads\/2025\/05\/chez-paulette-paleron-boeuf-dessert-bistrot-img-7379-375x500.jpeg\" class=\"attachment-gallery size-gallery\" alt=\"Chez paulette paleron boeuf dessert bistrot IMG_7379\" data-full-url=\"https:\/\/pokaa.fr\/wp-content\/uploads\/2025\/05\/22\/chez-paulette-paleron-boeuf-dessert-bistrot-img-7379.jpeg\" decoding=\"async\" loading=\"lazy\"  \/>            <\/p>\n<p>                <img width=\"375\" height=\"500\" src=\"https:\/\/www.europesays.com\/fr\/wp-content\/uploads\/2025\/05\/chez-paulette-paleron-boeuf-dessert-bistrot-chez-paulette-paleron-boeuf-dessert-bistrot-img-7373-3-3.jpeg\" class=\"attachment-gallery size-gallery\" alt=\"Chez paulette paleron boeuf dessert bistrot Chez paulette paleron boeuf dessert bistrot IMG_7373 3\" data-full-url=\"https:\/\/pokaa.fr\/wp-content\/uploads\/2025\/05\/22\/chez-paulette-paleron-boeuf-dessert-bistrot-chez-paulette-paleron-boeuf-dessert-bistrot-img-7373-3.jpeg\" decoding=\"async\" loading=\"lazy\"  \/>            <\/p>\n<p>                <img width=\"375\" height=\"500\" src=\"https:\/\/www.europesays.com\/fr\/wp-content\/uploads\/2025\/05\/chez-paulette-paleron-boeuf-dessert-bistrot-chez-paulette-paleron-boeuf-dessert-bistrot-img-7415-2-3.jpeg\" class=\"attachment-gallery size-gallery\" alt=\"Chez paulette paleron boeuf dessert bistrot Chez paulette paleron boeuf dessert bistrot IMG_7415 2\" data-full-url=\"https:\/\/pokaa.fr\/wp-content\/uploads\/2025\/05\/22\/chez-paulette-paleron-boeuf-dessert-bistrot-chez-paulette-paleron-boeuf-dessert-bistrot-img-7415-2.jpeg\" decoding=\"async\" loading=\"lazy\"  \/>            <\/p>\n<p>                <img width=\"375\" height=\"500\" src=\"https:\/\/www.europesays.com\/fr\/wp-content\/uploads\/2025\/05\/chez-paulette-paleron-boeuf-dessert-bistrot-chez-paulette-paleron-boeuf-dessert-bistrot-img-7442-375.jpeg\" class=\"attachment-gallery size-gallery\" alt=\"Chez paulette paleron boeuf dessert bistrot Chez paulette paleron boeuf dessert bistrot IMG_7442\" data-full-url=\"https:\/\/pokaa.fr\/wp-content\/uploads\/2025\/05\/22\/chez-paulette-paleron-boeuf-dessert-bistrot-chez-paulette-paleron-boeuf-dessert-bistrot-img-7442.jpeg\" decoding=\"async\" loading=\"lazy\"  \/>            <\/p>\n<p>                <img width=\"375\" height=\"500\" src=\"https:\/\/www.europesays.com\/fr\/wp-content\/uploads\/2025\/05\/chez-paulette-paleron-boeuf-dessert-bistrot-chez-paulette-paleron-boeuf-dessert-bistrot-img-7425-375.jpeg\" class=\"attachment-gallery size-gallery\" alt=\"Chez paulette paleron boeuf dessert bistrot Chez paulette paleron boeuf dessert bistrot IMG_7425\" data-full-url=\"https:\/\/pokaa.fr\/wp-content\/uploads\/2025\/05\/22\/chez-paulette-paleron-boeuf-dessert-bistrot-chez-paulette-paleron-boeuf-dessert-bistrot-img-7425.jpeg\" decoding=\"async\" loading=\"lazy\"  \/>            <\/p>\n<p>                    \u00a9 Bastien Pietronave \/ Pokaa<\/p>\n<p>Le midi, <strong>la formule plat du jour (entr\u00e9e + plat) est \u00e0 13,90 \u20ac<\/strong> du mercredi au vendredi. Si vous pr\u00e9f\u00e9rez choisir parmi les plats de la carte<strong> (entr\u00e9e + plat) ou (plat + dessert), c\u2019est 24 \u20ac<\/strong>. Le soir, <strong>cette formule passe \u00e0 28 \u20ac,<\/strong> et franchement, le rapport qualit\u00e9 prix est tout simplement excellent.<\/p>\n<p>De notre c\u00f4t\u00e9, lors de notre d\u00e9jeuner,<strong> on avait l\u2019impression que l\u2019adresse \u00e9tait en place depuis des d\u00e9cennies<\/strong>, et franchement, c\u2019est plut\u00f4t bon signe.<\/p>\n<p>On vous conseille donc d\u2019essayer ce restaurant <strong>g\u00e9n\u00e9reux, accueillant et sans pr\u00e9tention, pour d\u00e9couvrir sa jolie carte mais aussi son \u00e9quipe, <\/strong>qui se d\u00e9m\u00e8ne pour <strong>faire partie int\u00e9grante de la vie de quartier. <\/strong>Et c\u2019est d\u00e9j\u00e0 bien parti !<\/p>\n<p>                <img width=\"375\" height=\"500\" src=\"https:\/\/www.europesays.com\/fr\/wp-content\/uploads\/2025\/05\/chez-paulette-paleron-boeuf-dessert-bistrot-img-7401-2-375x500.jpeg\" class=\"attachment-gallery size-gallery\" alt=\"Chez paulette paleron boeuf dessert bistrot IMG_7401 2\" data-full-url=\"https:\/\/pokaa.fr\/wp-content\/uploads\/2025\/05\/22\/chez-paulette-paleron-boeuf-dessert-bistrot-img-7401-2.jpeg\" decoding=\"async\" loading=\"lazy\"  \/>            <\/p>\n<p>                <img width=\"375\" height=\"500\" src=\"https:\/\/www.europesays.com\/fr\/wp-content\/uploads\/2025\/05\/chez-paulette-paleron-boeuf-dessert-bistrot-chez-paulette-paleron-boeuf-dessert-bistrot-img-7461-2-3.jpeg\" class=\"attachment-gallery size-gallery\" alt=\"Chez paulette paleron boeuf dessert bistrot Chez paulette paleron boeuf dessert bistrot IMG_7461 2\" data-full-url=\"https:\/\/pokaa.fr\/wp-content\/uploads\/2025\/05\/22\/chez-paulette-paleron-boeuf-dessert-bistrot-chez-paulette-paleron-boeuf-dessert-bistrot-img-7461-2.jpeg\" decoding=\"async\" loading=\"lazy\"  \/>            <\/p>\n<p>                <img width=\"375\" height=\"500\" src=\"https:\/\/www.europesays.com\/fr\/wp-content\/uploads\/2025\/05\/chez-paulette-paleron-boeuf-dessert-bistrot-chez-paulette-paleron-boeuf-dessert-bistrot-img-7468-375.jpeg\" class=\"attachment-gallery size-gallery\" alt=\"Chez paulette paleron boeuf dessert bistrot Chez paulette paleron boeuf dessert bistrot IMG_7468\" data-full-url=\"https:\/\/pokaa.fr\/wp-content\/uploads\/2025\/05\/22\/chez-paulette-paleron-boeuf-dessert-bistrot-chez-paulette-paleron-boeuf-dessert-bistrot-img-7468.jpeg\" decoding=\"async\" loading=\"lazy\"  \/>            <\/p>\n<p>                <img width=\"667\" height=\"500\" src=\"https:\/\/www.europesays.com\/fr\/wp-content\/uploads\/2025\/05\/chez-paulette-paleron-boeuf-dessert-bistrot-chez-paulette-paleron-boeuf-dessert-bistrot-img-7434-667.jpeg\" class=\"attachment-gallery size-gallery\" alt=\"Chez paulette paleron boeuf dessert bistrot Chez paulette paleron boeuf dessert bistrot IMG_7434\" data-full-url=\"https:\/\/pokaa.fr\/wp-content\/uploads\/2025\/05\/22\/chez-paulette-paleron-boeuf-dessert-bistrot-chez-paulette-paleron-boeuf-dessert-bistrot-img-7434.jpeg\" decoding=\"async\" loading=\"lazy\"  \/>            <\/p>\n<p>                    \u00a9 Bastien Pietronave \/ Pokaa<\/p>\n<p>Les petits et gros + <\/p>\n<ul>\n<li><strong>On aime beaucoup la simplicit\u00e9 de ce lieu qui nous rappelle les bistrots d\u2019antan<\/strong><\/li>\n<li><strong>Le rapport qualit\u00e9 \/ prix est excellent<\/strong><\/li>\n<li><strong>Le service, avec \u00c9lisabeth ce jour-l\u00e0, \u00e9tait vraiment tr\u00e8s bon<\/strong><\/li>\n<li>Une s\u00e9lection de 4 irish coffee est propos\u00e9e, et ils sont sacr\u00e9ment costauds<\/li>\n<li><strong>Des \u00e9v\u00e9nements sont organis\u00e9s (sp\u00e9cial c\u00f4te de boeuf, f\u00eate des m\u00e8res etc..)<\/strong><\/li>\n<li>Une terrasse couverte est en place dans une petite cour int\u00e9rieure<\/li>\n<\/ul>\n<p>            Chez Paulette <\/p>\n<p>            Quoi ?<br \/>\n            Restaurant fran\u00e7ais         <\/p>\n<p>            o\u00f9 ?<br \/>\n            18 rue du Neufeld&#13;<br \/>\n67100 Strasbourg        <\/p>\n<p>                Plus d&rsquo;infos ?<\/p>\n<p><strong><a href=\"https:\/\/www.facebook.com\/people\/Restaurant-Chez-Paulette\/61572821201758\/\" target=\"_blank\" rel=\"noopener\">La page Facebook<\/a><\/strong><\/p>\n<p><strong><a href=\"https:\/\/sebastienrestauran.wixsite.com\/chez-paulette\" target=\"_blank\" rel=\"noopener\">Le site\u00a0avec le menu<\/a><\/strong><\/p>\n<p><strong>T\u00e9l :<\/strong> <strong>03 88 67 46 38<\/strong><\/p>\n<p>                <img width=\"667\" height=\"500\" src=\"https:\/\/www.europesays.com\/fr\/wp-content\/uploads\/2025\/05\/chez-paulette-paleron-boeuf-dessert-bistrot-img-7389-2-667x500.jpeg\" class=\"attachment-gallery size-gallery\" alt=\"Chez paulette paleron boeuf dessert bistrot IMG_7389 2\" data-full-url=\"https:\/\/pokaa.fr\/wp-content\/uploads\/2025\/05\/22\/chez-paulette-paleron-boeuf-dessert-bistrot-img-7389-2.jpeg\" decoding=\"async\" loading=\"lazy\"  \/>            <\/p>\n<p>                <img width=\"375\" height=\"500\" src=\"https:\/\/www.europesays.com\/fr\/wp-content\/uploads\/2025\/05\/chez-paulette-paleron-boeuf-dessert-bistrot-chez-paulette-paleron-boeuf-dessert-bistrot-img-7472-375.jpeg\" class=\"attachment-gallery size-gallery\" alt=\"Chez paulette paleron boeuf dessert bistrot Chez paulette paleron boeuf dessert bistrot IMG_7472\" data-full-url=\"https:\/\/pokaa.fr\/wp-content\/uploads\/2025\/05\/22\/chez-paulette-paleron-boeuf-dessert-bistrot-chez-paulette-paleron-boeuf-dessert-bistrot-img-7472.jpeg\" decoding=\"async\" loading=\"lazy\"  \/>            <\/p>\n<p>                <img width=\"375\" height=\"500\" src=\"https:\/\/www.europesays.com\/fr\/wp-content\/uploads\/2025\/05\/chez-paulette-paleron-boeuf-dessert-bistrot-chez-paulette-paleron-boeuf-dessert-bistrot-img-7426-2-3.jpeg\" class=\"attachment-gallery size-gallery\" alt=\"Chez paulette paleron boeuf dessert bistrot Chez paulette paleron boeuf dessert bistrot IMG_7426 2\" data-full-url=\"https:\/\/pokaa.fr\/wp-content\/uploads\/2025\/05\/22\/chez-paulette-paleron-boeuf-dessert-bistrot-chez-paulette-paleron-boeuf-dessert-bistrot-img-7426-2.jpeg\" decoding=\"async\" loading=\"lazy\"  \/>            <\/p>\n<p>                <img width=\"634\" height=\"500\" src=\"https:\/\/www.europesays.com\/fr\/wp-content\/uploads\/2025\/05\/chez-paulette-paleron-boeuf-dessert-bistrot-chez-paulette-paleron-boeuf-dessert-bistrot-img-7412-634.jpeg\" class=\"attachment-gallery size-gallery\" alt=\"Chez paulette paleron boeuf dessert bistrot Chez paulette paleron boeuf dessert bistrot IMG_7412\" data-full-url=\"https:\/\/pokaa.fr\/wp-content\/uploads\/2025\/05\/22\/chez-paulette-paleron-boeuf-dessert-bistrot-chez-paulette-paleron-boeuf-dessert-bistrot-img-7412.jpeg\" decoding=\"async\" loading=\"lazy\"  \/>            <\/p>\n<p>                <img width=\"375\" height=\"500\" src=\"https:\/\/www.europesays.com\/fr\/wp-content\/uploads\/2025\/05\/chez-paulette-paleron-boeuf-dessert-bistrot-chez-paulette-paleron-boeuf-dessert-bistrot-img-7420-2-3.jpeg\" class=\"attachment-gallery size-gallery\" alt=\"Chez paulette paleron boeuf dessert bistrot Chez paulette paleron boeuf dessert bistrot IMG_7420 2\" data-full-url=\"https:\/\/pokaa.fr\/wp-content\/uploads\/2025\/05\/22\/chez-paulette-paleron-boeuf-dessert-bistrot-chez-paulette-paleron-boeuf-dessert-bistrot-img-7420-2.jpeg\" decoding=\"async\" loading=\"lazy\"  \/>            <\/p>\n<p>                <img width=\"375\" height=\"500\" src=\"https:\/\/www.europesays.com\/fr\/wp-content\/uploads\/2025\/05\/chez-paulette-paleron-boeuf-dessert-bistrot-chez-paulette-paleron-boeuf-dessert-bistrot-img-7364-2-3.jpeg\" class=\"attachment-gallery size-gallery\" alt=\"Chez paulette paleron boeuf dessert bistrot Chez paulette paleron boeuf dessert bistrot IMG_7364 2\" data-full-url=\"https:\/\/pokaa.fr\/wp-content\/uploads\/2025\/05\/22\/chez-paulette-paleron-boeuf-dessert-bistrot-chez-paulette-paleron-boeuf-dessert-bistrot-img-7364-2.jpeg\" decoding=\"async\" loading=\"lazy\"  \/>            <\/p>\n<p>                <img width=\"375\" height=\"500\" src=\"https:\/\/www.europesays.com\/fr\/wp-content\/uploads\/2025\/05\/chez-paulette-paleron-boeuf-dessert-bistrot-chez-paulette-paleron-boeuf-dessert-bistrot-img-7384-2-3.jpeg\" class=\"attachment-gallery size-gallery\" alt=\"Chez paulette paleron boeuf dessert bistrot Chez paulette paleron boeuf dessert bistrot IMG_7384 2\" data-full-url=\"https:\/\/pokaa.fr\/wp-content\/uploads\/2025\/05\/22\/chez-paulette-paleron-boeuf-dessert-bistrot-chez-paulette-paleron-boeuf-dessert-bistrot-img-7384-2.jpeg\" decoding=\"async\" loading=\"lazy\"  \/>            <\/p>\n<p>                <img width=\"667\" height=\"500\" src=\"https:\/\/www.europesays.com\/fr\/wp-content\/uploads\/2025\/05\/chez-paulette-paleron-boeuf-dessert-bistrot-chez-paulette-paleron-boeuf-dessert-bistrot-img-7337-667.jpeg\" class=\"attachment-gallery size-gallery\" alt=\"Chez paulette paleron boeuf dessert bistrot Chez paulette paleron boeuf dessert bistrot IMG_7337\" data-full-url=\"https:\/\/pokaa.fr\/wp-content\/uploads\/2025\/05\/22\/chez-paulette-paleron-boeuf-dessert-bistrot-chez-paulette-paleron-boeuf-dessert-bistrot-img-7337.jpeg\" decoding=\"async\" loading=\"lazy\"  \/>            <\/p>\n<p>                <img width=\"375\" height=\"500\" src=\"https:\/\/www.europesays.com\/fr\/wp-content\/uploads\/2025\/05\/chez-paulette-paleron-boeuf-dessert-bistrot-chez-paulette-paleron-boeuf-dessert-bistrot-img-7328-375.jpeg\" class=\"attachment-gallery size-gallery\" alt=\"Chez paulette paleron boeuf dessert bistrot Chez paulette paleron boeuf dessert bistrot IMG_7328\" data-full-url=\"https:\/\/pokaa.fr\/wp-content\/uploads\/2025\/05\/22\/chez-paulette-paleron-boeuf-dessert-bistrot-chez-paulette-paleron-boeuf-dessert-bistrot-img-7328.jpeg\" decoding=\"async\" loading=\"lazy\"  \/>            <\/p>\n<p>                <img width=\"667\" height=\"500\" src=\"https:\/\/www.europesays.com\/fr\/wp-content\/uploads\/2025\/05\/chez-paulette-paleron-boeuf-dessert-bistrot-chez-paulette-paleron-boeuf-dessert-bistrot-img-7321-667.jpeg\" class=\"attachment-gallery size-gallery\" alt=\"Chez paulette paleron boeuf dessert bistrot Chez paulette paleron boeuf dessert bistrot IMG_7321\" data-full-url=\"https:\/\/pokaa.fr\/wp-content\/uploads\/2025\/05\/22\/chez-paulette-paleron-boeuf-dessert-bistrot-chez-paulette-paleron-boeuf-dessert-bistrot-img-7321.jpeg\" decoding=\"async\" loading=\"lazy\"  \/>            <\/p>\n<p>                    \u00a9 Bastien Pietronave \/ Pokaa<\/p>\n","protected":false},"excerpt":{"rendered":"D\u00e9cid\u00e9ment, le monde de la restauration est en pleine forme \u00e0 Strasbourg ! La preuve avec l\u2019ouverture de&hellip;\n","protected":false},"author":2,"featured_media":130508,"comment_status":"","ping_status":"","sticky":false,"template":"","format":"standard","meta":{"footnotes":""},"categories":[2820],"tags":[1111,11,19808,25481,1777,674,1011,27,775,12,5775,25,640],"class_list":{"0":"post-130507","1":"post","2":"type-post","3":"status-publish","4":"format-standard","5":"has-post-thumbnail","7":"category-strasbourg","8":"tag-actu","9":"tag-actualites","10":"tag-bistrot","11":"tag-chez-paulette","12":"tag-eu","13":"tag-europe","14":"tag-fr","15":"tag-france","16":"tag-grand-est","17":"tag-news","18":"tag-quartier","19":"tag-republique-francaise","20":"tag-strasbourg"},"share_on_mastodon":{"url":"https:\/\/pubeurope.com\/@fr\/114576918697128440","error":""},"_links":{"self":[{"href":"https:\/\/www.europesays.com\/fr\/wp-json\/wp\/v2\/posts\/130507","targetHints":{"allow":["GET"]}}],"collection":[{"href":"https:\/\/www.europesays.com\/fr\/wp-json\/wp\/v2\/posts"}],"about":[{"href":"https:\/\/www.europesays.com\/fr\/wp-json\/wp\/v2\/types\/post"}],"author":[{"embeddable":true,"href":"https:\/\/www.europesays.com\/fr\/wp-json\/wp\/v2\/users\/2"}],"replies":[{"embeddable":true,"href":"https:\/\/www.europesays.com\/fr\/wp-json\/wp\/v2\/comments?post=130507"}],"version-history":[{"count":0,"href":"https:\/\/www.europesays.com\/fr\/wp-json\/wp\/v2\/posts\/130507\/revisions"}],"wp:featuredmedia":[{"embeddable":true,"href":"https:\/\/www.europesays.com\/fr\/wp-json\/wp\/v2\/media\/130508"}],"wp:attachment":[{"href":"https:\/\/www.europesays.com\/fr\/wp-json\/wp\/v2\/media?parent=130507"}],"wp:term":[{"taxonomy":"category","embeddable":true,"href":"https:\/\/www.europesays.com\/fr\/wp-json\/wp\/v2\/categories?post=130507"},{"taxonomy":"post_tag","embeddable":true,"href":"https:\/\/www.europesays.com\/fr\/wp-json\/wp\/v2\/tags?post=130507"}],"curies":[{"name":"wp","href":"https:\/\/api.w.org\/{rel}","templated":true}]}}