{"id":130509,"date":"2025-05-27T00:16:17","date_gmt":"2025-05-27T00:16:17","guid":{"rendered":"https:\/\/www.europesays.com\/fr\/130509\/"},"modified":"2025-05-27T00:16:17","modified_gmt":"2025-05-27T00:16:17","slug":"ce-nouveau-restaurant-indien-propose-une-formule-dejeuner-a-1250-e","status":"publish","type":"post","link":"https:\/\/www.europesays.com\/fr\/130509\/","title":{"rendered":"ce nouveau restaurant indien propose une formule d\u00e9jeuner \u00e0 12,50 \u20ac"},"content":{"rendered":"<p>            Par<br \/>\n        <strong><br \/>\n            <a href=\"https:\/\/actu.fr\/auteur\/ivan-capecchi\" title=\"Consulter tous les articles de Ivan CAPECCHI\" rel=\"nofollow noopener\" target=\"_blank\">Ivan CAPECCHI<\/a><br \/>\n        <\/strong><\/p>\n<p>        Publi\u00e9 le<\/p>\n<p>            26 mai 2025 \u00e0 18h04<br \/>\n        ; mis \u00e0 jour le 26 mai 2025 \u00e0 19h07    <\/p>\n<p>Rasoi, un <strong>restaurant indien v\u00e9g\u00e9tarien<\/strong> qui a ouvert en mars dernier \u00e0 <strong>Strasbourg<\/strong>, propose une <strong>formule d\u00e9jeuner entr\u00e9e + plat \u00e0 12,50 \u20ac<\/strong>.<\/p>\n<p class=\" wall-content\">Derri\u00e8re, on retrouve Rohit Satnam, <a href=\"https:\/\/actu.fr\/grand-est\/schiltigheim_67447\/eurometropole-de-strasbourg-ce-restaurant-bien-note-sur-google-propose-une-formule-dejeuner-a-10_60634687.html\" rel=\"nofollow noopener\" target=\"_blank\">le g\u00e9rant du Taj Mahal \u00e0 Schiltigheim<\/a>, un restaurant d\u00e9j\u00e0 connu pour ses prix peu \u00e9lev\u00e9s.<\/p>\n<p>Panipuri, dhal, palak paneer\u2026\u00a0<\/p>\n<p class=\" wall-content\">Chez Rasoi, on ne trouve <strong>que des recettes v\u00e9g\u00e9tariennes<\/strong> donc, avec <strong>options v\u00e9ganes<\/strong>.<\/p>\n<p class=\" wall-content\">\u00ab\u00a0En entr\u00e9e, on propose par exemple du <strong>panipuri<\/strong>, autrement dit des bouch\u00e9es croustillantes \u00e0 base de pommes de terre et de pois chiche, accompagn\u00e9es d\u2019eau menthol\u00e9e et de tamarin [une datte indienne]\u00a0\u00bb, d\u00e9taille Rohit Satnam.<\/p>\n<p class=\" wall-content\">\u00ab\u00a0En plat, vous pourrez retrouver entre autres choses des <strong>dhals<\/strong> [plats \u00e0 base de l\u00e9gumineuses], du <strong>palak paneer<\/strong>, c\u2019est-\u00e0-dire un plat avec des \u00e9pinards hach\u00e9s et du fromage indien, ou encore du <strong>malai kofta<\/strong>, soit des boulettes \u00e0 base de pomme de terre et de fromage indien, cuites dans une sauce cr\u00e9meuse avec des noix de cajou et des amandes\u00a0\u00bb, ajoute-t-il.<\/p>\n<p>Vid\u00e9os : en ce moment sur ActuUne formule d\u00e9jeuner valable en semaine<\/p>\n<p class=\" wall-content\">La formule d\u00e9jeuner est <strong>valable du lundi au vendredi<\/strong>.<\/p>\n<p>Rasoi, restaurant indien v\u00e9g\u00e9tarien<br \/>2 rue des Bouchers, Strasbourg<br \/>Ouvert tous les jours<\/p>\n<p class=\" wall-content\">Suivez toute l\u2019actualit\u00e9 de vos villes et m\u00e9dias favoris en vous inscrivant \u00e0 <a href=\"https:\/\/moncompte.actu.fr\" title=\"D\u00e9couvez Mon Actu\" rel=\"nofollow noopener\" data-trk=\"{&quot;cta&quot;:{&quot;action&quot;:&quot;https:\\\/\\\/moncompte.actu.fr&quot;,&quot;category&quot;:&quot;mon compte&quot;,&quot;from&quot;:&quot;article footer&quot;,&quot;name&quot;:&quot;Mon actu&quot;,&quot;type&quot;:&quot;cta&quot;}}\" target=\"_blank\">Mon Actu<\/a>.<\/p>\n","protected":false},"excerpt":{"rendered":"Par Ivan CAPECCHI Publi\u00e9 le 26 mai 2025 \u00e0 18h04 ; mis \u00e0 jour le 26 mai 2025&hellip;\n","protected":false},"author":2,"featured_media":130510,"comment_status":"","ping_status":"","sticky":false,"template":"","format":"standard","meta":{"footnotes":""},"categories":[2820],"tags":[1111,11,258,1777,674,1011,27,775,12,25,1340,104,640],"class_list":{"0":"post-130509","1":"post","2":"type-post","3":"status-publish","4":"format-standard","5":"has-post-thumbnail","7":"category-strasbourg","8":"tag-actu","9":"tag-actualites","10":"tag-alimentation","11":"tag-eu","12":"tag-europe","13":"tag-fr","14":"tag-france","15":"tag-grand-est","16":"tag-news","17":"tag-republique-francaise","18":"tag-restaurant","19":"tag-societe","20":"tag-strasbourg"},"share_on_mastodon":{"url":"https:\/\/pubeurope.com\/@fr\/114576921917295915","error":""},"_links":{"self":[{"href":"https:\/\/www.europesays.com\/fr\/wp-json\/wp\/v2\/posts\/130509","targetHints":{"allow":["GET"]}}],"collection":[{"href":"https:\/\/www.europesays.com\/fr\/wp-json\/wp\/v2\/posts"}],"about":[{"href":"https:\/\/www.europesays.com\/fr\/wp-json\/wp\/v2\/types\/post"}],"author":[{"embeddable":true,"href":"https:\/\/www.europesays.com\/fr\/wp-json\/wp\/v2\/users\/2"}],"replies":[{"embeddable":true,"href":"https:\/\/www.europesays.com\/fr\/wp-json\/wp\/v2\/comments?post=130509"}],"version-history":[{"count":0,"href":"https:\/\/www.europesays.com\/fr\/wp-json\/wp\/v2\/posts\/130509\/revisions"}],"wp:featuredmedia":[{"embeddable":true,"href":"https:\/\/www.europesays.com\/fr\/wp-json\/wp\/v2\/media\/130510"}],"wp:attachment":[{"href":"https:\/\/www.europesays.com\/fr\/wp-json\/wp\/v2\/media?parent=130509"}],"wp:term":[{"taxonomy":"category","embeddable":true,"href":"https:\/\/www.europesays.com\/fr\/wp-json\/wp\/v2\/categories?post=130509"},{"taxonomy":"post_tag","embeddable":true,"href":"https:\/\/www.europesays.com\/fr\/wp-json\/wp\/v2\/tags?post=130509"}],"curies":[{"name":"wp","href":"https:\/\/api.w.org\/{rel}","templated":true}]}}