{"id":130517,"date":"2025-05-27T00:20:30","date_gmt":"2025-05-27T00:20:30","guid":{"rendered":"https:\/\/www.europesays.com\/fr\/130517\/"},"modified":"2025-05-27T00:20:30","modified_gmt":"2025-05-27T00:20:30","slug":"un-gouesnousien-sur-le-podium-du-tournoi-de-crossminton-pres-de-nantes","status":"publish","type":"post","link":"https:\/\/www.europesays.com\/fr\/130517\/","title":{"rendered":"Un Gouesnousien sur le podium du tournoi de crossminton pr\u00e8s de Nantes"},"content":{"rendered":"<p>Ce week-end des 24 et 25 mai 2025, l\u2019Association sportive de speedbadminton de Gouesnou a envoy\u00e9 quatre comp\u00e9titeurs au tournoi de crossminton \u00e0 Saint-P\u00e8re-en-Retz (44), pr\u00e8s de Nantes. Seul Herv\u00e9 D\u00e9roulez est sorti des poules. Ce dernier s\u2019est ensuite inclin\u00e9 en demi-finale devant le futur vainqueur, Laurent Bufarul (Saint-P\u00e8re), et a donc fini sur le podium. Le tournoi Open a \u00e9t\u00e9 remport\u00e9 par la Rennaise Audrey Brannelec chez les f\u00e9minines et le Nordiste Francesco Palmieri chez les hommes.<\/p>\n","protected":false},"excerpt":{"rendered":"Ce week-end des 24 et 25 mai 2025, l\u2019Association sportive de speedbadminton de Gouesnou a envoy\u00e9 quatre comp\u00e9titeurs&hellip;\n","protected":false},"author":2,"featured_media":130518,"comment_status":"","ping_status":"","sticky":false,"template":"","format":"standard","meta":{"footnotes":""},"categories":[2818],"tags":[1111,11,5406,1777,674,1011,27,10151,766,12,2636,25],"class_list":{"0":"post-130517","1":"post","2":"type-post","3":"status-publish","4":"format-standard","5":"has-post-thumbnail","7":"category-nantes","8":"tag-actu","9":"tag-actualites","10":"tag-badminton","11":"tag-eu","12":"tag-europe","13":"tag-fr","14":"tag-france","15":"tag-gouesnou","16":"tag-nantes","17":"tag-news","18":"tag-pays-de-la-loire","19":"tag-republique-francaise"},"share_on_mastodon":{"url":"https:\/\/pubeurope.com\/@fr\/114576937639698075","error":""},"_links":{"self":[{"href":"https:\/\/www.europesays.com\/fr\/wp-json\/wp\/v2\/posts\/130517","targetHints":{"allow":["GET"]}}],"collection":[{"href":"https:\/\/www.europesays.com\/fr\/wp-json\/wp\/v2\/posts"}],"about":[{"href":"https:\/\/www.europesays.com\/fr\/wp-json\/wp\/v2\/types\/post"}],"author":[{"embeddable":true,"href":"https:\/\/www.europesays.com\/fr\/wp-json\/wp\/v2\/users\/2"}],"replies":[{"embeddable":true,"href":"https:\/\/www.europesays.com\/fr\/wp-json\/wp\/v2\/comments?post=130517"}],"version-history":[{"count":0,"href":"https:\/\/www.europesays.com\/fr\/wp-json\/wp\/v2\/posts\/130517\/revisions"}],"wp:featuredmedia":[{"embeddable":true,"href":"https:\/\/www.europesays.com\/fr\/wp-json\/wp\/v2\/media\/130518"}],"wp:attachment":[{"href":"https:\/\/www.europesays.com\/fr\/wp-json\/wp\/v2\/media?parent=130517"}],"wp:term":[{"taxonomy":"category","embeddable":true,"href":"https:\/\/www.europesays.com\/fr\/wp-json\/wp\/v2\/categories?post=130517"},{"taxonomy":"post_tag","embeddable":true,"href":"https:\/\/www.europesays.com\/fr\/wp-json\/wp\/v2\/tags?post=130517"}],"curies":[{"name":"wp","href":"https:\/\/api.w.org\/{rel}","templated":true}]}}