{"id":130527,"date":"2025-05-27T00:27:12","date_gmt":"2025-05-27T00:27:12","guid":{"rendered":"https:\/\/www.europesays.com\/fr\/130527\/"},"modified":"2025-05-27T00:27:12","modified_gmt":"2025-05-27T00:27:12","slug":"hairdex-la-clinique-digitale-marseillaise-axee-sur-la-chute-de-cheveux","status":"publish","type":"post","link":"https:\/\/www.europesays.com\/fr\/130527\/","title":{"rendered":"Hairdex, la clinique digitale marseillaise ax\u00e9e sur la chute de cheveux"},"content":{"rendered":"<p>Tout sauf une histoire tir\u00e9e par les cheveux. Apr\u00e8s avoir lanc\u00e9 une premi\u00e8re bo\u00eete dans la tech et connu un bref passage comme salari\u00e9, Nicholas de Ro\u00fcalle a \u00e9galement fait l&rsquo;am\u00e8re exp\u00e9rience de la perte de cheveux qui concerne un homme sur trois (d\u00e8s 30 ans) en France. \u00ab\u00a0J&rsquo;ai test\u00e9 beaucoup de choses pendant un an et demi. Mais il manquait de l&rsquo;accompagnement s\u00e9rieux, des m\u00e9decins personnalis\u00e9s et des diagnostics. On se fait &lsquo;targuetter&rsquo; de pubs sur Instagram. Cela commen\u00e7ait \u00e0 m&rsquo;\u00e9nerver. L&rsquo;id\u00e9e grandissait de monter une bo\u00eete sp\u00e9cialis\u00e9e sur la chute de cheveux\u00a0\u00bb, raconte l&rsquo;homme \u00e2g\u00e9 de 33 ans.<\/p>\n","protected":false},"excerpt":{"rendered":"Tout sauf une histoire tir\u00e9e par les cheveux. Apr\u00e8s avoir lanc\u00e9 une premi\u00e8re bo\u00eete dans la tech et&hellip;\n","protected":false},"author":2,"featured_media":130528,"comment_status":"","ping_status":"","sticky":false,"template":"","format":"standard","meta":{"footnotes":""},"categories":[2814],"tags":[17,1111,11,25483,837,3562,12419,33,1777,674,1011,27,25482,11989,884,12,882,25,3356],"class_list":{"0":"post-130527","1":"post","2":"type-post","3":"status-publish","4":"format-standard","5":"has-post-thumbnail","7":"category-marseille","8":"tag-17","9":"tag-actu","10":"tag-actualites","11":"tag-axee","12":"tag-chute","13":"tag-clinique","14":"tag-digitale","15":"tag-economie","16":"tag-eu","17":"tag-europe","18":"tag-fr","19":"tag-france","20":"tag-hairdex","21":"tag-marseillaise","22":"tag-marseille","23":"tag-news","24":"tag-provence-alpes-cote-dazur","25":"tag-republique-francaise","26":"tag-sur"},"share_on_mastodon":{"url":"https:\/\/pubeurope.com\/@fr\/114576965169993106","error":""},"_links":{"self":[{"href":"https:\/\/www.europesays.com\/fr\/wp-json\/wp\/v2\/posts\/130527","targetHints":{"allow":["GET"]}}],"collection":[{"href":"https:\/\/www.europesays.com\/fr\/wp-json\/wp\/v2\/posts"}],"about":[{"href":"https:\/\/www.europesays.com\/fr\/wp-json\/wp\/v2\/types\/post"}],"author":[{"embeddable":true,"href":"https:\/\/www.europesays.com\/fr\/wp-json\/wp\/v2\/users\/2"}],"replies":[{"embeddable":true,"href":"https:\/\/www.europesays.com\/fr\/wp-json\/wp\/v2\/comments?post=130527"}],"version-history":[{"count":0,"href":"https:\/\/www.europesays.com\/fr\/wp-json\/wp\/v2\/posts\/130527\/revisions"}],"wp:featuredmedia":[{"embeddable":true,"href":"https:\/\/www.europesays.com\/fr\/wp-json\/wp\/v2\/media\/130528"}],"wp:attachment":[{"href":"https:\/\/www.europesays.com\/fr\/wp-json\/wp\/v2\/media?parent=130527"}],"wp:term":[{"taxonomy":"category","embeddable":true,"href":"https:\/\/www.europesays.com\/fr\/wp-json\/wp\/v2\/categories?post=130527"},{"taxonomy":"post_tag","embeddable":true,"href":"https:\/\/www.europesays.com\/fr\/wp-json\/wp\/v2\/tags?post=130527"}],"curies":[{"name":"wp","href":"https:\/\/api.w.org\/{rel}","templated":true}]}}