{"id":130529,"date":"2025-05-27T00:28:17","date_gmt":"2025-05-27T00:28:17","guid":{"rendered":"https:\/\/www.europesays.com\/fr\/130529\/"},"modified":"2025-05-27T00:28:17","modified_gmt":"2025-05-27T00:28:17","slug":"30-ans-de-reclusion-pour-un-everest-de-folie-meurtriere-a-marseille-en-2016","status":"publish","type":"post","link":"https:\/\/www.europesays.com\/fr\/130529\/","title":{"rendered":"30 ans de r\u00e9clusion pour \u00ab\u00a0un Everest de folie meurtri\u00e8re\u00a0\u00bb \u00e0 Marseille en 2016"},"content":{"rendered":"<p>Neuf ans apr\u00e8s \u00ab\u00a0l&rsquo;Everest de folie meurtri\u00e8re\u00a0\u00bb qu&rsquo;avait connu la cit\u00e9 marseillaise de Bassens, en avril 2016, avec la mort de trois hommes, abattus alors qu&rsquo;ils regardaient un match dans l&rsquo;\u00e9picerie du quartier, la justice a rendu son verdict lundi, avec 30 ans de r\u00e9clusion pour les trois auteurs.<\/p>\n<p>Pour ces trois membres pr\u00e9sum\u00e9s du narcobanditisme marseillais dont un, en fuite, ne s&rsquo;est jamais pr\u00e9sent\u00e9 au proc\u00e8s, entam\u00e9 le 12 mai devant la cour d&rsquo;assises des Bouches-du-Rh\u00f4ne, \u00e0 Aix-en-Provence, cette peine a \u00e9t\u00e9 assortie d&rsquo;une p\u00e9riode de s\u00fbret\u00e9 des deux tiers.<\/p>\n<p>L&rsquo;avocat g\u00e9n\u00e9ral, Pierre Cortes, avait lui requis la perp\u00e9tuit\u00e9 pour les trois hommes, tous jug\u00e9s en \u00e9tat de r\u00e9cidive l\u00e9gale. Les avocats des trois accus\u00e9s avaient, eux, plaid\u00e9 l&rsquo;acquittement.<\/p>\n<p>Le 2 avril\u00a0 2016, un commando avait fait irruption dans la petite \u00e9picerie-alimentation de la cit\u00e9 Bassens, dans les quartiers populaires du nord de la cit\u00e9 phoc\u00e9enne, o\u00f9 une quinzaine de personnes regardaient un match de foot\u00a0 \u00e0 la t\u00e9l\u00e9vision.<\/p>\n<p>Visiblement recherch\u00e9s par les agresseurs, deux\u00a0hommes \u00e2g\u00e9s de 30 ans avaient \u00e9t\u00e9 cribl\u00e9s de balles, tandis qu&rsquo;un troisi\u00e8me, un chauffeur routier de 21 ans, \u00e9tait mortellement atteint par une balle perdue.<\/p>\n<p>Ce dernier\u00a0\u00e9tait rapidement apparu comme une victime collat\u00e9rale, dans une fusillade qui avait aussi fait trois bless\u00e9s.<\/p>\n<p>Le procureur de la R\u00e9publique de Marseille, Brice Robin, avait alors d\u00e9nonc\u00e9 \u00ab\u00a0un Everest de folie meurtri\u00e8re, (&#8230;) une folie meurtri\u00e8re inadmissible qui interpelle sur l&rsquo;\u00e9tat d&rsquo;inhumanit\u00e9 de ses auteurs\u00a0\u00bb.<\/p>\n<p>Pour l&rsquo;accusation, ce triple assassinat s&rsquo;inscrivait dans le cycle de violences opposant alors deux clans adverses, les \u00ab\u00a0blacks\u00a0\u00bb et les \u00ab\u00a0gitans\u00a0\u00bb, sur fond de guerre de territoires pour le contr\u00f4le des points de vente de stup\u00e9fiants.<\/p>\n<p>La tuerie de l&rsquo;\u00e9picerie apparaissait \u00e9galement aux yeux des enqu\u00eateurs\u00a0comme une riposte \u00e0 un triple assassinat perp\u00e9tr\u00e9 en d\u00e9cembre 2011, ayant co\u00fbt\u00e9 la vie\u00a0\u00e0 des proches des accus\u00e9s et pour lequel les patrons du \u00ab\u00a0plan stups\u00a0\u00bb de Bassens avaient \u00e9t\u00e9 condamn\u00e9s.<\/p>\n<p>&#8211; \u00ab\u00a0Donneur de +go+\u00a0\u00bb &#8211;<\/p>\n<p>Durant l&rsquo;audience, Lenny Albarello, 28 ans, alias \u00ab\u00a0Bobotte\u00a0\u00bb, et Mehdi Lekhetari, 39 ans,\u00a0se sont oppos\u00e9s d&rsquo;arrache-pied \u00e0 un dossier bas\u00e9 sur des \u00e9l\u00e9ments de t\u00e9l\u00e9phonie occulte, des reconnaissances de t\u00e9moins et des renseignements parvenus anonymement aux policiers.<\/p>\n<p>Driss Allouche, l&rsquo;accus\u00e9 absent lors des d\u00e9bats et contre lequel la cour a d\u00e9cern\u00e9 un mandat d&rsquo;arr\u00eat, avait lui contest\u00e9 \u00eatre l&rsquo;agresseur accidentellement bless\u00e9 par le tir d&rsquo;un de ses deux complices, qui avait abandonn\u00e9 sur place un fusil\u00a0\u00e0 pompe. Durant l&rsquo;enqu\u00eate, il avait ni\u00e9 avoir fait partie de ce commando, affirmant avoir \u00e9t\u00e9 bless\u00e9 alors qu&rsquo;il venait acheter du cannabis \u00e0 Bassens.<\/p>\n<p>Un individu d\u00e9sign\u00e9 par des renseignements anonymes comme le \u00ab\u00a0donneur de +go+\u00a0\u00bb, celui qui aurait confirm\u00e9 au commando la pr\u00e9sence des futures victimes ce soir-l\u00e0 \u00e0 la cit\u00e9 Bassens, avait \u00e9t\u00e9 assassin\u00e9 deux mois plus tard, apr\u00e8s avoir \u00e9chapp\u00e9 \u00e0 une premi\u00e8re tentative d&rsquo;assassinat peu de temps apr\u00e8s la fusillade de l&rsquo;alimentation.<\/p>\n<p>Initialement programm\u00e9 en f\u00e9vrier 2024, ce proc\u00e8s avait d\u00fb \u00eatre report\u00e9 en raison de la violente agression subie par Lenny Albarello\u00a0lors d&rsquo;une promenade \u00e0 la maison d&rsquo;arr\u00eat d&rsquo;Aix-Luynes.<\/p>\n<p>ll\/ol\/jco<\/p>\n","protected":false},"excerpt":{"rendered":"Neuf ans apr\u00e8s \u00ab\u00a0l&rsquo;Everest de folie meurtri\u00e8re\u00a0\u00bb qu&rsquo;avait connu la cit\u00e9 marseillaise de Bassens, en avril 2016, avec&hellip;\n","protected":false},"author":2,"featured_media":130530,"comment_status":"","ping_status":"","sticky":false,"template":"","format":"standard","meta":{"footnotes":""},"categories":[2814],"tags":[1111,11,1764,22487,1777,674,25484,1011,27,884,25485,12,25486,882,25],"class_list":{"0":"post-130529","1":"post","2":"type-post","3":"status-publish","4":"format-standard","5":"has-post-thumbnail","7":"category-marseille","8":"tag-actu","9":"tag-actualites","10":"tag-ans","11":"tag-bassens","12":"tag-eu","13":"tag-europe","14":"tag-folie-meurtriere","15":"tag-fr","16":"tag-france","17":"tag-marseille","18":"tag-match-de-foot","19":"tag-news","20":"tag-procureur-de-la-republique-de-marseille","21":"tag-provence-alpes-cote-dazur","22":"tag-republique-francaise"},"share_on_mastodon":{"url":"https:\/\/pubeurope.com\/@fr\/114576969131342134","error":""},"_links":{"self":[{"href":"https:\/\/www.europesays.com\/fr\/wp-json\/wp\/v2\/posts\/130529","targetHints":{"allow":["GET"]}}],"collection":[{"href":"https:\/\/www.europesays.com\/fr\/wp-json\/wp\/v2\/posts"}],"about":[{"href":"https:\/\/www.europesays.com\/fr\/wp-json\/wp\/v2\/types\/post"}],"author":[{"embeddable":true,"href":"https:\/\/www.europesays.com\/fr\/wp-json\/wp\/v2\/users\/2"}],"replies":[{"embeddable":true,"href":"https:\/\/www.europesays.com\/fr\/wp-json\/wp\/v2\/comments?post=130529"}],"version-history":[{"count":0,"href":"https:\/\/www.europesays.com\/fr\/wp-json\/wp\/v2\/posts\/130529\/revisions"}],"wp:featuredmedia":[{"embeddable":true,"href":"https:\/\/www.europesays.com\/fr\/wp-json\/wp\/v2\/media\/130530"}],"wp:attachment":[{"href":"https:\/\/www.europesays.com\/fr\/wp-json\/wp\/v2\/media?parent=130529"}],"wp:term":[{"taxonomy":"category","embeddable":true,"href":"https:\/\/www.europesays.com\/fr\/wp-json\/wp\/v2\/categories?post=130529"},{"taxonomy":"post_tag","embeddable":true,"href":"https:\/\/www.europesays.com\/fr\/wp-json\/wp\/v2\/tags?post=130529"}],"curies":[{"name":"wp","href":"https:\/\/api.w.org\/{rel}","templated":true}]}}