{"id":130531,"date":"2025-05-27T00:29:14","date_gmt":"2025-05-27T00:29:14","guid":{"rendered":"https:\/\/www.europesays.com\/fr\/130531\/"},"modified":"2025-05-27T00:29:14","modified_gmt":"2025-05-27T00:29:14","slug":"doucet-dans-larene-face-aux-lyonnais-2","status":"publish","type":"post","link":"https:\/\/www.europesays.com\/fr\/130531\/","title":{"rendered":"Doucet dans l\u2019ar\u00e8ne face aux Lyonnais"},"content":{"rendered":"<p>\u00ab\u00a0Il faut savoir \u00e9couter les col\u00e8res.\u00a0\u00bb \u00c0 l\u2019heure de la premi\u00e8re r\u00e9union publique \u201cEnsemble, mesurons le chemin parcouru\u201d qui se tient ce lundi soir, dans le 8 e arrondissement, le maire, <a href=\"http:\/\/www.leprogres.fr\/p\/gregory-doucet\" target=\"_blank\" rel=\"noopener\">Gr\u00e9gory Doucet<\/a>, se tient pr\u00eat \u00e0 rendre des comptes.<\/p>\n<p>\u00ab\u00a0Ce dont nous allons parler ce soir, c\u2019est de bilan, rien que de bilan.\u00a0\u00bb Comprenez, pas de campagne municipale, ni de candidat pas tout \u00e0 fait d\u00e9clar\u00e9. L\u2019\u00e9cologiste qui a annonc\u00e9 qu\u2019il briguait un second mandat depuis longtemps et que ses adversaires accusent de se lancer aujourd\u2019hui dans la bataille \u00e9lectorale de mani\u00e8re d\u00e9guis\u00e9e, balaie d\u2019une main\u00a0: \u00ab\u00a0Cela viendra dans un autre temps\u00a0\u00bb.<\/p>\n<p><strong>&gt;&gt;\u00a0<a href=\"https:\/\/www.leprogres.fr\/elections\/2025\/05\/19\/municipales-2026-doucet-presente-son-bilan-a-grand-renfort-de-communication-et-d-argent-public-ses-adversaires-denoncent-une-entree-en-campagne-deguisee\" target=\"_blank\" rel=\"noopener\">Municipales 2026\u00a0: Doucet pr\u00e9sente son bilan \u00e0 grand renfort de communication et d\u2019argent public, ses adversaires d\u00e9noncent une entr\u00e9e en campagne d\u00e9guis\u00e9e<\/a><\/strong><\/p>\n<p>Aux c\u00f4t\u00e9s du maire de l\u2019arrondissement, Olivier Berzane, il affiche une certaine s\u00e9r\u00e9nit\u00e9 et remercie ceux&#8230;<\/p>\n","protected":false},"excerpt":{"rendered":"\u00ab\u00a0Il faut savoir \u00e9couter les col\u00e8res.\u00a0\u00bb \u00c0 l\u2019heure de la premi\u00e8re r\u00e9union publique \u201cEnsemble, mesurons le chemin parcouru\u201d&hellip;\n","protected":false},"author":2,"featured_media":130532,"comment_status":"","ping_status":"","sticky":false,"template":"","format":"standard","meta":{"footnotes":""},"categories":[1889],"tags":[1111,11,2430,2757,1777,674,107,1011,27,3539,2428,2756,12,316,25,2429],"class_list":{"0":"post-130531","1":"post","2":"type-post","3":"status-publish","4":"format-standard","5":"has-post-thumbnail","7":"category-lyon","8":"tag-actu","9":"tag-actualites","10":"tag-auvergne-rhone-alpes","11":"tag-edition-lyon-villeurbanne","12":"tag-eu","13":"tag-europe","14":"tag-fil-info","15":"tag-fr","16":"tag-france","17":"tag-les-ecologistes","18":"tag-lyon","19":"tag-lyon-bassin","20":"tag-news","21":"tag-politique","22":"tag-republique-francaise","23":"tag-rhone"},"share_on_mastodon":{"url":"https:\/\/pubeurope.com\/@fr\/114576973060247545","error":""},"_links":{"self":[{"href":"https:\/\/www.europesays.com\/fr\/wp-json\/wp\/v2\/posts\/130531","targetHints":{"allow":["GET"]}}],"collection":[{"href":"https:\/\/www.europesays.com\/fr\/wp-json\/wp\/v2\/posts"}],"about":[{"href":"https:\/\/www.europesays.com\/fr\/wp-json\/wp\/v2\/types\/post"}],"author":[{"embeddable":true,"href":"https:\/\/www.europesays.com\/fr\/wp-json\/wp\/v2\/users\/2"}],"replies":[{"embeddable":true,"href":"https:\/\/www.europesays.com\/fr\/wp-json\/wp\/v2\/comments?post=130531"}],"version-history":[{"count":0,"href":"https:\/\/www.europesays.com\/fr\/wp-json\/wp\/v2\/posts\/130531\/revisions"}],"wp:featuredmedia":[{"embeddable":true,"href":"https:\/\/www.europesays.com\/fr\/wp-json\/wp\/v2\/media\/130532"}],"wp:attachment":[{"href":"https:\/\/www.europesays.com\/fr\/wp-json\/wp\/v2\/media?parent=130531"}],"wp:term":[{"taxonomy":"category","embeddable":true,"href":"https:\/\/www.europesays.com\/fr\/wp-json\/wp\/v2\/categories?post=130531"},{"taxonomy":"post_tag","embeddable":true,"href":"https:\/\/www.europesays.com\/fr\/wp-json\/wp\/v2\/tags?post=130531"}],"curies":[{"name":"wp","href":"https:\/\/api.w.org\/{rel}","templated":true}]}}