{"id":130533,"date":"2025-05-27T00:30:24","date_gmt":"2025-05-27T00:30:24","guid":{"rendered":"https:\/\/www.europesays.com\/fr\/130533\/"},"modified":"2025-05-27T00:30:24","modified_gmt":"2025-05-27T00:30:24","slug":"les-mosquees-de-lyon-contre-attaquent","status":"publish","type":"post","link":"https:\/\/www.europesays.com\/fr\/130533\/","title":{"rendered":"les mosqu\u00e9es de Lyon contre-attaquent"},"content":{"rendered":"<p>            Par<br \/>\n        <strong><br \/>\n            <a href=\"https:\/\/actu.fr\/auteur\/nicolas-zaugra\" title=\"Consulter tous les articles de Nicolas Zaugra\" rel=\"nofollow noopener\" target=\"_blank\">Nicolas Zaugra<\/a><br \/>\n        <\/strong><\/p>\n<p>        Publi\u00e9 le<\/p>\n<p>            26 mai 2025 \u00e0 18h03        <\/p>\n<p>Des associations vis\u00e9es, deux mosqu\u00e9es et un groupe scolaire point\u00e9s du doigt : dans le Rh\u00f4ne et dans la m\u00e9tropole de <a href=\"https:\/\/actu.fr\/auvergne-rhone-alpes\/lyon_69123\" rel=\"nofollow noopener\" target=\"_blank\">Lyon<\/a>, le <a href=\"https:\/\/actu.fr\/auvergne-rhone-alpes\/lyon_69123\/rapport-choc-et-inquietant-sur-les-freres-musulmans-ce-qu-il-revele-a-lyon_62666289.html\" rel=\"nofollow noopener\" target=\"_blank\">rapport sur l\u2019influence des Fr\u00e8res musulmans<\/a>, publi\u00e9 la semaine derni\u00e8re par le minist\u00e8re de l\u2019Int\u00e9rieur, a \u00e9t\u00e9 re\u00e7u fraichement par la communaut\u00e9 musulmane. Le recteur de la Grande mosqu\u00e9e de Lyon, l\u2019ensemble des mosqu\u00e9es du d\u00e9partement ou encore l\u2019\u00e9cole vis\u00e9e r\u00e9pliquent et s\u2019inqui\u00e8tent des cons\u00e9quences du d\u00e9bat autour de l\u2019islam en France.<\/p>\n<p>\u00ab\u00a0M\u00e9fiance g\u00e9n\u00e9ralis\u00e9e\u00a0\u00bb envers les musulmans<\/p>\n<p class=\" wall-content\">\u00ab\u00a0Nous faisons part de notre profonde pr\u00e9occupation face \u00e0 la <strong>suspicion persistante<\/strong> qui entoure les musulmans dans notre pays. Cette m\u00e9fiance g\u00e9n\u00e9ralis\u00e9e nourrit leur mise \u00e0 l\u2019\u00e9cart symbolique et renforce leur exclusion du r\u00e9cit national\u00a0\u00bb, a \u00e9crit dans un communiqu\u00e9 ce lundi 26 mai le Conseil des Mosqu\u00e9es du Rh\u00f4ne (CMR).\u00a0<\/p>\n<blockquote class=\"ac-article-quote wall-content\">\n<p>Nous connaissons leur s\u00e9rieux, leur attachement sinc\u00e8re aux valeurs de la R\u00e9publique et leur engagement quotidien aupr\u00e8s de la communaut\u00e9. Leur action s&rsquo;inscrit r\u00e9solument dans un esprit de responsabilit\u00e9, de loyaut\u00e9 et de respect des lois. [&#8230;] Les all\u00e9gations contenues dans ce rapport nous inqui\u00e8tent pour notre s\u00e9curit\u00e9 et nous interpellent car elles ne refl\u00e8tent en rien la r\u00e9alit\u00e9 v\u00e9cue sur le terrain.<\/p>\n<p>    <strong>Conseil des Mosqu\u00e9es du Rh\u00f4ne (CMR)<\/strong>\n            <\/p><\/blockquote>\n<p class=\" wall-content\">Le Conseil demande de \u00ab\u00a0faire preuve de rigueur, <strong>de prudence et de discernement<\/strong> dans l\u2019analyse, la communication et l\u2019interpr\u00e9tation de donn\u00e9es aussi sensibles, dont l\u2019impact peut \u00eatre profond et durable\u00a0\u00bb.<\/p>\n<p class=\" wall-content\">Ce communiqu\u00e9 est sign\u00e9 par 36 mosqu\u00e9es du d\u00e9partement, dont la mosqu\u00e9e Othmane de Villeurbanne, vis\u00e9e dans le rapport, accus\u00e9e de diffuser une vision radicale de l\u2019islam.<\/p>\n<p>Des accusations \u00ab exag\u00e9r\u00e9es \u00bb selon le recteur de Lyon<\/p>\n<p class=\" wall-content\">Dans une interview exclusive accord\u00e9e \u00e0 actu Lyon jeudi dernier, <a href=\"https:\/\/actu.fr\/auvergne-rhone-alpes\/lyon_69123\/freres-musulmans-le-recteur-de-la-grande-mosquee-de-lyon-sort-du-silence-et-tape-fort_62674520.html\" rel=\"nofollow noopener\" target=\"_blank\">Kamel Kabtane, Recteur de la Grande mosqu\u00e9e de Lyon<\/a>, montait au cr\u00e9neau contre ce rapport.\u00a0<\/p>\n<p class=\" wall-content\">\u00ab\u00a0Compte tenu des annonces qui sont faites, le contenu du rapport nous inqui\u00e8te. Et surtout, c\u2019est toute la communaut\u00e9 musulmane qui est mise \u00e0 l\u2019index. Cela nous inqui\u00e8te encore plus. Les musulmans sont des citoyens qui veulent vivre et on les taxe de porter des id\u00e9es contraires aux valeurs r\u00e9publicaines\u00a0\u00bb, disait-il.<\/p>\n<p class=\" wall-content\">Il d\u00e9non\u00e7ait aussi des \u00ab\u00a0accusations exag\u00e9r\u00e9es\u00a0\u00bb concernant la cinquantaine d\u2019associations du Rh\u00f4ne point\u00e9e dans le rapport.<\/p>\n<p>Le groupe scolaire musulman Al-Kindi se d\u00e9fend<\/p>\n<p class=\" wall-content\">Quant au <a href=\"https:\/\/actu.fr\/auvergne-rhone-alpes\/decines-charpieu_69275\/lyon-cette-ecole-musulmane-perd-son-contrat-avec-l-etat-elle-l-attaque-en-justice_62353172.html\" rel=\"nofollow noopener\" target=\"_blank\">groupe scolaire musulman Al-Kindi de D\u00e9cines-Charpieu<\/a> accus\u00e9 de radicalisation, qui n\u2019a pas r\u00e9pondu \u00e0 notre sollicitation, c\u2019est aussi un communiqu\u00e9 qui a \u00e9t\u00e9 publi\u00e9 en r\u00e9ponse au rapport.<\/p>\n<p class=\" wall-content\">L\u2019\u00e9cole d\u00e9ment \u00ab\u00a0formellement toute ob\u00e9dience ou tout activisme politico-religieux\u00a0\u00bb.\u00a0<\/p>\n<p class=\" wall-content\">L\u2019ensemble scolaire engag\u00e9 dans un bras de fer avec la pr\u00e9fecture du Rh\u00f4ne d\u00e9nonce \u00e9galement \u00ab\u00a0l\u2019extr\u00eame <strong>m\u00e9diocrit\u00e9<\/strong> d\u2019un rapport administratif dont les auteurs, qui n\u2019ont jamais rencontr\u00e9 les membres de l\u2019\u00e9tablissement et ne s\u2019y sont jamais rendus, ont r\u00e9ussi la gageure de commettre une \u00e9tude de 76 pages sur l\u2019islamisme politique sans en donner la moindre d\u00e9finition\u00a0\u00bb.<\/p>\n<p class=\" wall-content\">\u00ab\u00a0Rendu public dans l\u2019unique dessein de justifier la convocation in\u00e9dite d\u2019un conseil de d\u00e9fense (\u2026) l\u2019ex\u00e9cutif, confront\u00e9 \u00e0 sa pr\u00e9carit\u00e9 politique, nourrit l\u2019action de l\u2019\u00c9tat de<strong> th\u00e8ses ouvertement islamophobes<\/strong> pour d\u00e9tourner l\u2019attention des Fran\u00e7ais.\u00a0\u00bb<\/p>\n<p class=\" wall-content\">Ce lundi matin, le ministre de l\u2019Int\u00e9rieur Bruno Retailleau a martel\u00e9 ses accusations envers l\u2019islam politique. \u00ab\u00a0Ce rapport montre bien qu\u2019il y a une menace vis-\u00e0-vis des principes r\u00e9publicains, des institutions r\u00e9publicaines, de la coh\u00e9sion nationale.\u00a0\u00bb Il a aussi d\u00e9nonc\u00e9 les \u00e9lus Insoumis qu\u2019il a qualifi\u00e9s de \u00ab\u00a0complices\u00a0\u00bb et \u00ab\u00a0idiots utiles\u00a0\u00bb de l\u2019islamisme.<\/p>\n<p class=\" wall-content\">Suivez toute l\u2019actualit\u00e9 de vos villes et m\u00e9dias favoris en vous inscrivant \u00e0 <a href=\"https:\/\/moncompte.actu.fr\" title=\"D\u00e9couvez Mon Actu\" rel=\"nofollow noopener\" data-trk=\"{&quot;cta&quot;:{&quot;action&quot;:&quot;https:\\\/\\\/moncompte.actu.fr&quot;,&quot;category&quot;:&quot;mon compte&quot;,&quot;from&quot;:&quot;article footer&quot;,&quot;name&quot;:&quot;Mon actu&quot;,&quot;type&quot;:&quot;cta&quot;}}\" target=\"_blank\">Mon Actu<\/a>.<\/p>\n","protected":false},"excerpt":{"rendered":"Par Nicolas Zaugra Publi\u00e9 le 26 mai 2025 \u00e0 18h03 Des associations vis\u00e9es, deux mosqu\u00e9es et un groupe&hellip;\n","protected":false},"author":2,"featured_media":130534,"comment_status":"","ping_status":"","sticky":false,"template":"","format":"standard","meta":{"footnotes":""},"categories":[1889],"tags":[1111,11,2430,1777,674,1011,27,5318,1253,2428,12,4020,25,104],"class_list":{"0":"post-130533","1":"post","2":"type-post","3":"status-publish","4":"format-standard","5":"has-post-thumbnail","7":"category-lyon","8":"tag-actu","9":"tag-actualites","10":"tag-auvergne-rhone-alpes","11":"tag-eu","12":"tag-europe","13":"tag-fr","14":"tag-france","15":"tag-islam","16":"tag-islamisme","17":"tag-lyon","18":"tag-news","19":"tag-religion","20":"tag-republique-francaise","21":"tag-societe"},"share_on_mastodon":{"url":"https:\/\/pubeurope.com\/@fr\/114576976979433437","error":""},"_links":{"self":[{"href":"https:\/\/www.europesays.com\/fr\/wp-json\/wp\/v2\/posts\/130533","targetHints":{"allow":["GET"]}}],"collection":[{"href":"https:\/\/www.europesays.com\/fr\/wp-json\/wp\/v2\/posts"}],"about":[{"href":"https:\/\/www.europesays.com\/fr\/wp-json\/wp\/v2\/types\/post"}],"author":[{"embeddable":true,"href":"https:\/\/www.europesays.com\/fr\/wp-json\/wp\/v2\/users\/2"}],"replies":[{"embeddable":true,"href":"https:\/\/www.europesays.com\/fr\/wp-json\/wp\/v2\/comments?post=130533"}],"version-history":[{"count":0,"href":"https:\/\/www.europesays.com\/fr\/wp-json\/wp\/v2\/posts\/130533\/revisions"}],"wp:featuredmedia":[{"embeddable":true,"href":"https:\/\/www.europesays.com\/fr\/wp-json\/wp\/v2\/media\/130534"}],"wp:attachment":[{"href":"https:\/\/www.europesays.com\/fr\/wp-json\/wp\/v2\/media?parent=130533"}],"wp:term":[{"taxonomy":"category","embeddable":true,"href":"https:\/\/www.europesays.com\/fr\/wp-json\/wp\/v2\/categories?post=130533"},{"taxonomy":"post_tag","embeddable":true,"href":"https:\/\/www.europesays.com\/fr\/wp-json\/wp\/v2\/tags?post=130533"}],"curies":[{"name":"wp","href":"https:\/\/api.w.org\/{rel}","templated":true}]}}