{"id":13054,"date":"2025-04-09T16:25:12","date_gmt":"2025-04-09T16:25:12","guid":{"rendered":"https:\/\/www.europesays.com\/fr\/13054\/"},"modified":"2025-04-09T16:25:12","modified_gmt":"2025-04-09T16:25:12","slug":"des-montants-pareils-ca-ne-peut-pas-disparaitre-comme-ca-au-proces-de-nicolas-sarkozy-ses-avocats-sen-prennent-au-parquet-national-financier","status":"publish","type":"post","link":"https:\/\/www.europesays.com\/fr\/13054\/","title":{"rendered":"\u00ab\u00a0Des montants pareils, \u00e7a ne peut pas dispara\u00eetre comme \u00e7a\u00a0\u00bb : au proc\u00e8s de Nicolas Sarkozy, ses avocats s&rsquo;en prennent au parquet national financier"},"content":{"rendered":"<p>C\u2019est la foule des grands jours et tous les fans de Nicolas Sarkozy sont l\u00e0. Son fr\u00e8re Guillaume, ses fils Pierre et Jean. Son \u00e9pouse, Carla Bruni. Mais aussi la journaliste Mich\u00e8le Cotta, la photographe Bettina Rheims, l\u2019autrice Yasmina Reza. M\u00eame <a href=\"https:\/\/www.humanite.fr\/politique\/corruption\/ziad-takieddine-alexandre-djouhri-les-intermediaires-des-agents-de-corruption-plus-si-discrets\" target=\"_blank\" rel=\"noopener\">l\u2019interm\u00e9diaire Alexandre Djouhri<\/a>, pr\u00e9venu fant\u00f4me depuis plusieurs audiences, fait son apparition. Au moment o\u00f9 la d\u00e9fense de l\u2019ancien chef de l\u2019\u00c9tat s\u2019appr\u00eate \u00e0 prendre la parole, la salle est aussi pleine qu\u2019un \u0153uf, on doit refuser du monde. Rien de tr\u00e8s spectaculaire, pourtant. <\/p>\n<p>L\u2019id\u00e9e g\u00e9n\u00e9rale est simple\u00a0: mettre en pi\u00e8ces l\u2019accusation dont le r\u00e9quisitoire, s\u00e9v\u00e8re, a fix\u00e9 \u00e0 7\u00a0ans de prison la peine r\u00e9clam\u00e9e contre le principal pr\u00e9venu de cette \u00ab\u00a0association de malfaiteurs\u00a0\u00bb. D\u00e9montrer qu\u2019il n\u2019y a pas eu de \u00ab\u00a0pacte de corruption\u00a0\u00bb. \u00c9gratigner, au passage, le parquet national financier (PNF) qui, avec ce&#8230;<\/p>\n","protected":false},"excerpt":{"rendered":"C\u2019est la foule des grands jours et tous les fans de Nicolas Sarkozy sont l\u00e0. Son fr\u00e8re Guillaume,&hellip;\n","protected":false},"author":2,"featured_media":13055,"comment_status":"","ping_status":"","sticky":false,"template":"","format":"standard","meta":{"footnotes":""},"categories":[2],"tags":[11,1011,27,12,3091,5927,5928,25],"class_list":{"0":"post-13054","1":"post","2":"type-post","3":"status-publish","4":"format-standard","5":"has-post-thumbnail","7":"category-actualites","8":"tag-actualites","9":"tag-fr","10":"tag-france","11":"tag-news","12":"tag-nicolas-sarkozy","13":"tag-procu00e8s","14":"tag-procu00e8s-sarkozy-financement-libyen","15":"tag-republique-francaise"},"share_on_mastodon":{"url":"https:\/\/pubeurope.com\/@fr\/114308941435432843","error":""},"_links":{"self":[{"href":"https:\/\/www.europesays.com\/fr\/wp-json\/wp\/v2\/posts\/13054","targetHints":{"allow":["GET"]}}],"collection":[{"href":"https:\/\/www.europesays.com\/fr\/wp-json\/wp\/v2\/posts"}],"about":[{"href":"https:\/\/www.europesays.com\/fr\/wp-json\/wp\/v2\/types\/post"}],"author":[{"embeddable":true,"href":"https:\/\/www.europesays.com\/fr\/wp-json\/wp\/v2\/users\/2"}],"replies":[{"embeddable":true,"href":"https:\/\/www.europesays.com\/fr\/wp-json\/wp\/v2\/comments?post=13054"}],"version-history":[{"count":0,"href":"https:\/\/www.europesays.com\/fr\/wp-json\/wp\/v2\/posts\/13054\/revisions"}],"wp:featuredmedia":[{"embeddable":true,"href":"https:\/\/www.europesays.com\/fr\/wp-json\/wp\/v2\/media\/13055"}],"wp:attachment":[{"href":"https:\/\/www.europesays.com\/fr\/wp-json\/wp\/v2\/media?parent=13054"}],"wp:term":[{"taxonomy":"category","embeddable":true,"href":"https:\/\/www.europesays.com\/fr\/wp-json\/wp\/v2\/categories?post=13054"},{"taxonomy":"post_tag","embeddable":true,"href":"https:\/\/www.europesays.com\/fr\/wp-json\/wp\/v2\/tags?post=13054"}],"curies":[{"name":"wp","href":"https:\/\/api.w.org\/{rel}","templated":true}]}}