{"id":130541,"date":"2025-05-27T00:35:25","date_gmt":"2025-05-27T00:35:25","guid":{"rendered":"https:\/\/www.europesays.com\/fr\/130541\/"},"modified":"2025-05-27T00:35:25","modified_gmt":"2025-05-27T00:35:25","slug":"quinte-quinte-du-mardi-27-mai-a-auteuil-magic-flight-latout-fraicheur","status":"publish","type":"post","link":"https:\/\/www.europesays.com\/fr\/130541\/","title":{"rendered":"Quint\u00e9+: Quint\u00e9+ du mardi 27 mai \u00e0 Auteuil : Magic Flight, l&rsquo;atout fra\u00eecheur"},"content":{"rendered":"<p><strong>Les partants du Quint\u00e9+ de ce mardi 27 mai<\/strong><strong style=\"float: left;margin-left: 2%;\">PRIX DE LA MUETTE<\/strong><strong style=\"float: right;margin-right: 2%;\">MARDI 27 MAI<\/strong><br \/>AUTEUIL &#8211; 3600 METRES &#8211; \u00a0<img decoding=\"async\" alt=\"picto_obstacle\" class=\"img2\" src=\"https:\/\/www.europesays.com\/fr\/wp-content\/uploads\/2025\/04\/obstacles.svg.svg+xml\"\/>D\u00c9PART : 13H55<\/p>\n<tr class=\"row1\" style=\"border: thin solid #020338; width: 50%; padding: 5px; background-color: #020338; color: #FFFFFF; text-align: left; line-height: 15px;\">N\u00b0\u00a0CHEVAL\u00a0JOCKEYPOIDS\u00a0ENTRA\u00ceNEURVALEURGAINS<\/tr>\n<tr class=\"row2\" style=\"text-align: left; background-color: #FFFFFF; line-height: 15px;\">\n<td class=\"col1\" style=\"text-align: center; width: 65px;font-weight: bold;\">1<\/td>\n<td class=\"col2\"><a href=\"https:\/\/www.equidia.fr\/chevaux\/french-baron?horse_uuid=917f4186-22f6-4268-9592-a16bd413cbd4\" target=\"_blank\" rel=\"noopener\">FRENCH BARON<\/a><\/td>\n<td class=\"col3\">J.CHARRON<\/td>\n<td class=\"col4\">72.0 kg<\/td>\n<td class=\"col5\">MME D.MELE<\/td>\n<td class=\"col6\" style=\"text-align: center;\">63.0<\/td>\n<td class=\"col7\" style=\"text-align: right;\">46055 \u20ac<\/td>\n<\/tr>\n<tr class=\"row3\" style=\"text-align: left; background-color: rgb(218, 218, 226); line-height: 15px;\">\n<td class=\"col1\" style=\"text-align: center; width: 65px;font-weight: bold;\">2<\/td>\n<td class=\"col2\"><a href=\"https:\/\/www.equidia.fr\/chevaux\/chance-de-ballon?horse_uuid=5c956cc0-f541-427b-aedb-30792cca9fa4\" target=\"_blank\" rel=\"noopener\">CHANCE DE BALLON<\/a><\/td>\n<td class=\"col3\">O.JOUIN<\/td>\n<td class=\"col4\">71.5 kg<\/td>\n<td class=\"col5\">M.SOLIER<\/td>\n<td class=\"col6\" style=\"text-align: center;\">62.5<\/td>\n<td class=\"col7\" style=\"text-align: right;\">106630 \u20ac<\/td>\n<\/tr>\n<tr class=\"row2\" style=\"text-align: left; background-color: #FFFFFF; line-height: 15px;\">\n<td class=\"col1\" style=\"text-align: center; width: 65px;font-weight: bold;\">3<\/td>\n<td class=\"col2\"><a href=\"https:\/\/www.equidia.fr\/chevaux\/rock-of-you?horse_uuid=8410d5b2-7484-4854-a57d-096fd0833f07\" target=\"_blank\" rel=\"noopener\">ROCK OF YOU<\/a><\/td>\n<td class=\"col3\">D.THOMAS<\/td>\n<td class=\"col4\">71.0 kg<\/td>\n<td class=\"col5\">C.LEQUIEN (S)<\/td>\n<td class=\"col6\" style=\"text-align: center;\">62.0<\/td>\n<td class=\"col7\" style=\"text-align: right;\">54890 \u20ac<\/td>\n<\/tr>\n<tr class=\"row3\" style=\"text-align: left; background-color: rgb(218, 218, 226); line-height: 15px;\">\n<td class=\"col1\" style=\"text-align: center; width: 65px;font-weight: bold;\">4<\/td>\n<td class=\"col2\"><a href=\"https:\/\/www.equidia.fr\/chevaux\/mask-damour?horse_uuid=be95ddc5-d6a1-4703-b3df-740f2554640c\" target=\"_blank\" rel=\"noopener\">MASK D&rsquo;AMOUR<\/a><\/td>\n<td class=\"col3\">C.LEFEBVRE<\/td>\n<td class=\"col4\">70.0 kg<\/td>\n<td class=\"col5\">F.NICOLLE<\/td>\n<td class=\"col6\" style=\"text-align: center;\">61.0<\/td>\n<td class=\"col7\" style=\"text-align: right;\">79430 \u20ac<\/td>\n<\/tr>\n<tr class=\"row2\" style=\"text-align: left; background-color: #FFFFFF; line-height: 15px;\">\n<td class=\"col1\" style=\"text-align: center; width: 65px;font-weight: bold;\">5<\/td>\n<td class=\"col2\"><a href=\"https:\/\/www.equidia.fr\/chevaux\/kim-roque?horse_uuid=070a7cea-40e8-444a-9d28-47a1d228a355\" target=\"_blank\" rel=\"noopener\">KIM ROQUE<\/a><\/td>\n<td class=\"col3\">L.BRECHET<\/td>\n<td class=\"col4\">69.5 kg<\/td>\n<td class=\"col5\">MME D.MELE<\/td>\n<td class=\"col6\" style=\"text-align: center;\">60.5<\/td>\n<td class=\"col7\" style=\"text-align: right;\">59965 \u20ac<\/td>\n<\/tr>\n<tr class=\"row3\" style=\"text-align: left; background-color: rgb(218, 218, 226); line-height: 15px;\">\n<td class=\"col1\" style=\"text-align: center; width: 65px;font-weight: bold;\">6<\/td>\n<td class=\"col2\"><a href=\"https:\/\/www.equidia.fr\/chevaux\/ginagold?horse_uuid=9c0e459c-8c07-4d69-b3a7-dd2279071ae8\" target=\"_blank\" rel=\"noopener\">GINAGOLD<\/a><\/td>\n<td class=\"col3\">T.ANDRIEUX<\/td>\n<td class=\"col4\">69.5 kg<\/td>\n<td class=\"col5\">C&amp;Y.LERNER (S)<\/td>\n<td class=\"col6\" style=\"text-align: center;\">60.5<\/td>\n<td class=\"col7\" style=\"text-align: right;\">51750 \u20ac<\/td>\n<\/tr>\n<tr class=\"row2\" style=\"text-align: left; background-color: #FFFFFF; line-height: 15px;\">\n<td class=\"col1\" style=\"text-align: center; width: 65px;font-weight: bold;\">7<\/td>\n<td class=\"col2\"><a href=\"https:\/\/www.equidia.fr\/chevaux\/apaniiwa?horse_uuid=0ab60678-de14-498f-8adf-969e73fbfb39\" target=\"_blank\" rel=\"noopener\">APANIIWA<\/a><\/td>\n<td class=\"col3\">A.CHESNEAU<\/td>\n<td class=\"col4\">68.5 kg<\/td>\n<td class=\"col5\">Y.FOUIN (S)<\/td>\n<td class=\"col6\" style=\"text-align: center;\">59.5<\/td>\n<td class=\"col7\" style=\"text-align: right;\">156960 \u20ac<\/td>\n<\/tr>\n<tr class=\"row3\" style=\"text-align: left; background-color: rgb(218, 218, 226); line-height: 15px;\">\n<td class=\"col1\" style=\"text-align: center; width: 65px;font-weight: bold;\">8<\/td>\n<td class=\"col2\"><a href=\"https:\/\/www.equidia.fr\/chevaux\/magic-flight?horse_uuid=58f54e17-63bb-4686-89f9-d90996c976ea\" target=\"_blank\" rel=\"noopener\">MAGIC FLIGHT<\/a><\/td>\n<td class=\"col3\">J.REVELEY<\/td>\n<td class=\"col4\">68.5 kg<\/td>\n<td class=\"col5\">JPH .DUBOIS<\/td>\n<td class=\"col6\" style=\"text-align: center;\">59.5<\/td>\n<td class=\"col7\" style=\"text-align: right;\">102160 \u20ac<\/td>\n<\/tr>\n<tr class=\"row2\" style=\"text-align: left; background-color: #FFFFFF; line-height: 15px;\">\n<td class=\"col1\" style=\"text-align: center; width: 65px;font-weight: bold;\">9<\/td>\n<td class=\"col2\"><a href=\"https:\/\/www.equidia.fr\/chevaux\/mickdebomec?horse_uuid=564da9d3-06f4-4985-9213-d48275301192\" target=\"_blank\" rel=\"noopener\">MICKDEBOMEC<\/a><\/td>\n<td class=\"col3\">S.PLANQUE<\/td>\n<td class=\"col4\">68.0 kg<\/td>\n<td class=\"col5\">E.ANDIGNE D&rsquo;<\/td>\n<td class=\"col6\" style=\"text-align: center;\">59.0<\/td>\n<td class=\"col7\" style=\"text-align: right;\">38870 \u20ac<\/td>\n<\/tr>\n<tr class=\"row3\" style=\"text-align: left; background-color: rgb(218, 218, 226); line-height: 15px;\">\n<td class=\"col1\" style=\"text-align: center; width: 65px;font-weight: bold;\">10<\/td>\n<td class=\"col2\"><a href=\"https:\/\/www.equidia.fr\/chevaux\/beaubourg?horse_uuid=8cfea93d-96b5-4183-b040-5a49d12a128b\" target=\"_blank\" rel=\"noopener\">BEAUBOURG<\/a><\/td>\n<td class=\"col3\">L.ZULIANI<\/td>\n<td class=\"col4\">68.0 kg<\/td>\n<td class=\"col5\">A.BOISBRUNET (S)<\/td>\n<td class=\"col6\" style=\"text-align: center;\">59.0<\/td>\n<td class=\"col7\" style=\"text-align: right;\">21840 \u20ac<\/td>\n<\/tr>\n<tr class=\"row2\" style=\"text-align: left; background-color: #FFFFFF; line-height: 15px;\">\n<td class=\"col1\" style=\"text-align: center; width: 65px;font-weight: bold;\">11<\/td>\n<td class=\"col2\"><a href=\"https:\/\/www.equidia.fr\/chevaux\/kocotte-mag?horse_uuid=072e8a00-226f-4cb2-a3b7-3ba3cdf2899b\" target=\"_blank\" rel=\"noopener\">KOCOTTE MAG<\/a><\/td>\n<td class=\"col3\">K.NABET<\/td>\n<td class=\"col4\">68.0 kg<\/td>\n<td class=\"col5\">F.NICOLLE<\/td>\n<td class=\"col6\" style=\"text-align: center;\">59.0<\/td>\n<td class=\"col7\" style=\"text-align: right;\">58290 \u20ac<\/td>\n<\/tr>\n<tr class=\"row3\" style=\"text-align: left; background-color: rgb(218, 218, 226); line-height: 15px;\">\n<td class=\"col1\" style=\"text-align: center; width: 65px;font-weight: bold;\">12<\/td>\n<td class=\"col2\"><a href=\"https:\/\/www.equidia.fr\/chevaux\/frere-vert?horse_uuid=4ae32189-94dd-40a9-86d7-3ec18cbd454d\" target=\"_blank\" rel=\"noopener\">FRERE VERT<\/a><\/td>\n<td class=\"col3\">B.LESTRADE<\/td>\n<td class=\"col4\">68.0 kg<\/td>\n<td class=\"col5\">J.DA SILVA<\/td>\n<td class=\"col6\" style=\"text-align: center;\">59.0<\/td>\n<td class=\"col7\" style=\"text-align: right;\">37950 \u20ac<\/td>\n<\/tr>\n<tr class=\"row2\" style=\"text-align: left; background-color: #FFFFFF; line-height: 15px;\">\n<td class=\"col1\" style=\"text-align: center; width: 65px;font-weight: bold;\">13<\/td>\n<td class=\"col2\"><a href=\"https:\/\/www.equidia.fr\/chevaux\/surinfil?horse_uuid=ce780130-83e2-4117-a383-b5f696d4582f\" target=\"_blank\" rel=\"noopener\">SURINFIL<\/a><\/td>\n<td class=\"col3\">L.VANDAMME<\/td>\n<td class=\"col4\">67.5 kg<\/td>\n<td class=\"col5\">BUTEL &amp; BEAUNEZ (S)<\/td>\n<td class=\"col6\" style=\"text-align: center;\">58.5<\/td>\n<td class=\"col7\" style=\"text-align: right;\">94670 \u20ac<\/td>\n<\/tr>\n<tr class=\"row3\" style=\"text-align: left; background-color: rgb(218, 218, 226); line-height: 15px;\">\n<td class=\"col1\" style=\"text-align: center; width: 65px;font-weight: bold;\">14<\/td>\n<td class=\"col2\"><a href=\"https:\/\/www.equidia.fr\/chevaux\/kel-story?horse_uuid=3cf048f2-3a46-4481-b4a3-a71c240b2fe4\" target=\"_blank\" rel=\"noopener\">KEL STORY<\/a><\/td>\n<td class=\"col3\">L.PHILIPPERON<\/td>\n<td class=\"col4\">66.5 kg<\/td>\n<td class=\"col5\">M.SEROR (S)<\/td>\n<td class=\"col6\" style=\"text-align: center;\">57.5<\/td>\n<td class=\"col7\" style=\"text-align: right;\">114885 \u20ac<\/td>\n<\/tr>\n<tr class=\"row2\" style=\"text-align: left; background-color: #FFFFFF; line-height: 15px;\">\n<td class=\"col1\" style=\"text-align: center; width: 65px;font-weight: bold;\">15<\/td>\n<td class=\"col2\"><a href=\"https:\/\/www.equidia.fr\/chevaux\/parfum-dune-reine?horse_uuid=f81cf0fe-8129-4c67-8e5a-6f1e908232fa\" target=\"_blank\" rel=\"noopener\">PARFUM D&rsquo;UNE REINE<\/a><\/td>\n<td class=\"col3\">G.MEUNIER<\/td>\n<td class=\"col4\">66.0 kg<\/td>\n<td class=\"col5\">H.MERIENNE (S)<\/td>\n<td class=\"col6\" style=\"text-align: center;\">57.0<\/td>\n<td class=\"col7\" style=\"text-align: right;\">62885 \u20ac<\/td>\n<\/tr>\n<tr class=\"row3\" style=\"text-align: left; background-color: rgb(218, 218, 226); line-height: 15px;\">\n<td class=\"col1\" style=\"text-align: center; width: 65px;font-weight: bold;\">16<\/td>\n<td class=\"col2\"><a href=\"https:\/\/www.equidia.fr\/chevaux\/belisma?horse_uuid=037f98a6-4609-40a0-b334-99b9a7d6cc04\" target=\"_blank\" rel=\"noopener\">BELISMA<\/a><\/td>\n<td class=\"col3\">P.DUBOURG<\/td>\n<td class=\"col4\">64.0 kg<\/td>\n<td class=\"col5\">CHAILLE-CHAILLE &amp; PAMART<\/td>\n<td class=\"col6\" style=\"text-align: center;\">55.0<\/td>\n<td class=\"col7\" style=\"text-align: right;\">42880 \u20ac<\/td>\n<\/tr>\n<tr class=\"row2\" style=\"text-align: left; background-color: #FFFFFF; line-height: 15px;\">\n<td class=\"col1\" style=\"text-align: center; width: 65px;font-weight: bold;\">17<\/td>\n<td class=\"col2\"><a href=\"https:\/\/www.equidia.fr\/chevaux\/mazarin-du-berlais?horse_uuid=1049bb21-147b-4286-8fe4-6e5e04eb777a\" target=\"_blank\" rel=\"noopener\">MAZARIN DU BERLAIS<\/a><\/td>\n<td class=\"col3\">THO .JOURNIAC<\/td>\n<td class=\"col4\">62.0 kg<\/td>\n<td class=\"col5\">ROB.COLLET (S)<\/td>\n<td class=\"col6\" style=\"text-align: center;\">52.0<\/td>\n<td class=\"col7\" style=\"text-align: right;\">42455 \u20ac<\/td>\n<\/tr>\n<tr class=\"row3\" style=\"text-align: left; background-color: rgb(218, 218, 226); line-height: 15px;\">\n<td class=\"col1\" style=\"text-align: center; width: 65px;font-weight: bold;\">18<\/td>\n<td class=\"col2\"><a href=\"https:\/\/www.equidia.fr\/chevaux\/shinco-du-ficheau?horse_uuid=fa4626d9-a73e-42df-8426-707c53b3cb22\" target=\"_blank\" rel=\"noopener\">SHINCO DU FICHEAU<\/a><\/td>\n<td class=\"col3\">C.POINCOT<\/td>\n<td class=\"col4\">62.0 kg<\/td>\n<td class=\"col5\">L.PONTOIR (S)<\/td>\n<td class=\"col6\" style=\"text-align: center;\">49.0<\/td>\n<td class=\"col7\" style=\"text-align: right;\">7805 \u20ac<\/td>\n<\/tr>\n<p><strong>Les forces en pr\u00e9sence<\/strong><\/p>\n<p style=\"text-align: justify;\">Apr\u00e8s une r\u00e9apparition n\u00e9cessaire en plat, <a href=\"https:\/\/www.equidia.fr\/chevaux\/magic-flight?horse_uuid=58f54e17-63bb-4686-89f9-d90996c976ea\" target=\"_blank\" rel=\"noopener\">MAGIC FLIGHT (8)<\/a> a pris une bonne deuxi\u00e8me place pour son retour sur les obstacles. Il va certainement progresser sur cette sortie et pourrait bien faire briller les couleurs de l&rsquo;\u00e9curie Victoria Dreams. <a href=\"https:\/\/www.equidia.fr\/chevaux\/kocotte-mag?horse_uuid=072e8a00-226f-4cb2-a3b7-3ba3cdf2899b\" target=\"_blank\" rel=\"noopener\">KOCOTTE MAG (11)<\/a> et <a href=\"https:\/\/www.equidia.fr\/chevaux\/beaubourg?horse_uuid=8cfea93d-96b5-4183-b040-5a49d12a128b\" target=\"_blank\" rel=\"noopener\">BEAUBOURG (10)<\/a> avaient laiss\u00e9 de tr\u00e8s belles impressions lors de leur rentr\u00e9e commune \u00e0 Toulouse. Ils conduiront l&rsquo;opposition en compagnie d&rsquo;<a href=\"https:\/\/www.equidia.fr\/chevaux\/apaniiwa?horse_uuid=0ab60678-de14-498f-8adf-969e73fbfb39\" target=\"_blank\" rel=\"noopener\">APANIIWA (7)<\/a>, qui vient de tr\u00e8s bien se comporter sur plus long dans la Grande Course de Haies de Printemps. Apr\u00e8s avoir tent\u00e9 en vain sa chance en steeple-chase, <a href=\"https:\/\/www.equidia.fr\/chevaux\/frere-vert?horse_uuid=4ae32189-94dd-40a9-86d7-3ec18cbd454d\" target=\"_blank\" rel=\"noopener\">FRERE VERT (12)<\/a> retrouve les \u00ab balais \u00bb avec un engagement plut\u00f4t int\u00e9ressant. Il ambitionnera une place sur le podium, \u00e0 l&rsquo;instar de <a href=\"https:\/\/www.equidia.fr\/chevaux\/ginagold?horse_uuid=9c0e459c-8c07-4d69-b3a7-dd2279071ae8\" target=\"_blank\" rel=\"noopener\">GINAGOLD (6)<\/a>, qui poss\u00e8de une certaine marge de progression. <a href=\"https:\/\/www.equidia.fr\/chevaux\/mask-damour?horse_uuid=be95ddc5-d6a1-4703-b3df-740f2554640c\" target=\"_blank\" rel=\"noopener\">MASK D&rsquo;AMOUR (4)<\/a> vient de s&rsquo;imposer pour son retour dans la sp\u00e9cialit\u00e9 qui nous int\u00e9resse en dominant le bon Diyashal et m\u00e9rite d\u00e8s lors un certain cr\u00e9dit dans cette \u00e9preuve toutefois tr\u00e8s ouverte.<\/p>\n<p><strong>Le prono de FREDDY BOERSCH<\/strong><\/p>\n<tr cellpadding=\"0\" cellspacing=\"10\" class=\"row5\" style=\"text-align: left; background-color: #FFFFFF; font-size: 130%;\">\n<td style=\"text-align: center;\">8<\/td>\n<td style=\"text-align: center;\">11<\/td>\n<td style=\"text-align: center;\">10<\/td>\n<td style=\"text-align: center;\">1<\/td>\n<td style=\"text-align: center;\">7<\/td>\n<td style=\"text-align: center;\">12<\/td>\n<td style=\"text-align: center;\">6<\/td>\n<td style=\"text-align: center;\">4<\/td>\n<\/tr>\n<tr class=\"row6\" style=\"text-align: center; background-color: #FFFFFF; column-width: 6rem;\">\n<td class=\"col8\"><img decoding=\"async\" alt=\"casaque_MAGIC FLIGHT\" class=\"cas\" src=\"https:\/\/www.europesays.com\/fr\/wp-content\/uploads\/2025\/05\/20250527-r1c1p8-png.png\" style=\" width: 70%;\"\/><\/p>\n<p class=\"col10\" style=\"font-size: x-small; line-height: 11px;;\">MAGIC FLIGHT<\/p>\n<\/td>\n<td class=\"col11\"><img decoding=\"async\" alt=\"casaque_KOCOTTE MAG\" class=\"cas\" src=\"https:\/\/www.europesays.com\/fr\/wp-content\/uploads\/2025\/05\/20250527-r1c1p11-png.png\" style=\" width: 70%;\"\/><\/p>\n<p class=\"col10\" style=\"font-size: x-small; line-height: 11px;;\">KOCOTTE MAG<\/p>\n<\/td>\n<td class=\"col10\"><img decoding=\"async\" alt=\"casaque_BEAUBOURG\" class=\"cas\" src=\"https:\/\/www.europesays.com\/fr\/wp-content\/uploads\/2025\/05\/20250527-r1c1p10-png.png\" style=\" width: 70%;\"\/><\/p>\n<p class=\"col10\" style=\"font-size: x-small; line-height: 11px;;\">BEAUBOURG<\/p>\n<\/td>\n<td class=\"col1\"><img decoding=\"async\" alt=\"casaque_FRENCH BARON\" class=\"cas\" src=\"https:\/\/www.europesays.com\/fr\/wp-content\/uploads\/2025\/05\/20250527-r1c1p1-png.png\" style=\" width: 70%;\"\/><\/p>\n<p class=\"col10\" style=\"font-size: x-small; line-height: 11px;;\">FRENCH BARON<\/p>\n<\/td>\n<td class=\"col7\"><img decoding=\"async\" alt=\"casaque_APANIIWA\" class=\"cas\" src=\"https:\/\/www.europesays.com\/fr\/wp-content\/uploads\/2025\/05\/20250527-r1c1p7-png.png\" style=\" width: 70%;\"\/><\/p>\n<p class=\"col10\" style=\"font-size: x-small; line-height: 11px;;\">APANIIWA<\/p>\n<\/td>\n<td class=\"col12\"><img decoding=\"async\" alt=\"casaque_FRERE VERT\" class=\"cas\" src=\"https:\/\/www.europesays.com\/fr\/wp-content\/uploads\/2025\/05\/20250527-r1c1p12-png.png\" style=\" width: 70%;\"\/><\/p>\n<p class=\"col10\" style=\"font-size: x-small; line-height: 11px;;\">FRERE VERT<\/p>\n<\/td>\n<td class=\"col6\"><img decoding=\"async\" alt=\"casaque_GINAGOLD\" class=\"cas\" src=\"https:\/\/www.europesays.com\/fr\/wp-content\/uploads\/2025\/05\/20250527-r1c1p6-png.png\" style=\" width: 70%;\"\/><\/p>\n<p class=\"col10\" style=\"font-size: x-small; line-height: 11px;;\">GINAGOLD<\/p>\n<\/td>\n<td class=\"col4\"><img decoding=\"async\" alt=\"casaque_MASK D'AMOUR\" class=\"cas\" src=\"https:\/\/www.europesays.com\/fr\/wp-content\/uploads\/2025\/05\/20250527-r1c1p4-png.png\" style=\" width: 70%;\"\/><\/p>\n<p class=\"col10\" style=\"font-size: x-small; line-height: 11px;;\">MASK D&rsquo;AMOUR<\/p>\n<\/td>\n<\/tr>\n<p><a href=\"https:\/\/servedby.revive-adserver.net\/ck.php?n=a3265498&amp;cb=1234\" target=\"_blank\" rel=\"noopener\"><img decoding=\"async\" alt=\"\" border=\"0\" src=\"https:\/\/www.europesays.com\/fr\/wp-content\/uploads\/2025\/05\/1748306116_669_avw\"\/><\/a><\/p>\n<p><strong>Les partants en d\u00e9tail (par F. BOERSCH) et l&rsquo;avis des pros (par E. RIVRON)<\/strong><\/p>\n<p id=\"ch_FRENCH BARON\" style=\"margin-bottom: 1%;\"><a href=\"https:\/\/www.equidia.fr\/chevaux\/french-baron?horse_uuid=917f4186-22f6-4268-9592-a16bd413cbd4\" target=\"_blank\" rel=\"noopener\">1 &#8211; \u00a0<img decoding=\"async\" alt=\"casaque_FRENCH BARON\" src=\"https:\/\/www.europesays.com\/fr\/wp-content\/uploads\/2025\/05\/1748306116_18_20250527-r1c1p1-png.png\" style=\"width: 4.5%; margin :0; vertical-align : middle;\"\/>\u00a0\u00a0FRENCH BARON<\/a><\/p>\n<p style=\"text-align: justify;\">Ce fr\u00e8re de Rosario Baron r\u00e9alise un d\u00e9but de carri\u00e8re int\u00e9ressant. En plein \u00e9panouissement, il vient de laisser une superbe impression en s&rsquo;imposant sur 3 900 m\u00e8tres. Il ne devrait pas \u00eatre d\u00e9rang\u00e9 par un retour sur 3 600 m\u00e8tres et s&rsquo;annonce comp\u00e9titif d\u00e8s sa premi\u00e8re tentative au niveau handicap.<\/p>\n<p><strong>Johnny Charron, jockey : <\/strong><\/p>\n<p style=\"text-align: justify;\">\u00ab Vu ce qu&rsquo;il vient de r\u00e9aliser, French Baron (1) b\u00e9n\u00e9ficie d&rsquo;un bel engagement. Mentalement, cette victoire facile lui aura certainement fait du bien. Comme son demi-fr\u00e8re Rosario, il a beaucoup de temp\u00e9rament, mais il s&rsquo;est rapidement pos\u00e9 la derni\u00e8re fois. Le raccourcissement de la distance ne lui posera aucun probl\u00e8me, bien au contraire. S&rsquo;il r\u00e9p\u00e8te sa derni\u00e8re prestation, il d\u00e9tient une tr\u00e8s belle chance \u00e0 d\u00e9fendre. \u00bb<\/p>\n<p id=\"ch_CHANCE DE BALLON\" style=\"margin-bottom: 1%;\"><a href=\"https:\/\/www.equidia.fr\/chevaux\/chance-de-ballon?horse_uuid=5c956cc0-f541-427b-aedb-30792cca9fa4\" target=\"_blank\" rel=\"noopener\">2 &#8211; \u00a0<img decoding=\"async\" alt=\"casaque_CHANCE DE BALLON\" src=\"https:\/\/www.europesays.com\/fr\/wp-content\/uploads\/2025\/05\/20250527-r1c1p2-png.png\" style=\"width: 4.5%; margin :0; vertical-align : middle;\"\/>\u00a0\u00a0CHANCE DE BALLON<\/a><\/p>\n<p style=\"text-align: justify;\">Ce repr\u00e9sentant de la Mustang Sarl reste sur plusieurs bonnes tentatives, mais dans l&rsquo;autre sp\u00e9cialit\u00e9. La derni\u00e8re fois qu&rsquo;il a couru sur les \u00ab\u00a0balais\u00a0\u00bb, il avait logiquement \u00e9t\u00e9 domin\u00e9 dans le Prix Renaud du Vivier (Gr. 1). M\u00eame s&rsquo;il a \u00e9t\u00e9 plus en vue en steeple ces derniers temps, il s&rsquo;est d\u00e9j\u00e0 impos\u00e9 en haies et m\u00e9rite ainsi une note de m\u00e9fiance.<\/p>\n<p><strong>Mathias Solier, entra\u00eeneur : <\/strong><\/p>\n<p style=\"text-align: justify;\">\u00ab Chance de Ballon (2) s&rsquo;est tr\u00e8s bien comport\u00e9 derni\u00e8rement sur le steeple. Initialement, je ne comptais pas le recourir tout de suite, mais je le pense encore mieux que l&rsquo;autre jour. J&rsquo;ai h\u00e9sit\u00e9 entre cette course et le Prix des Drags la semaine prochaine. En septembre dernier, il avait pris la sixi\u00e8me place d&rsquo;une Listed sur les balais, apr\u00e8s avoir \u00e9t\u00e9 mont\u00e9 loin. Sa derni\u00e8re tentative dans la sp\u00e9cialit\u00e9 s&rsquo;\u00e9tait d\u00e9roul\u00e9e dans un Groupe 1, un lot trop relev\u00e9 pour lui. Il aurait pr\u00e9f\u00e9r\u00e9 une distance un peu plus longue, mais il faudra faire avec. Il portera 71,5 kg, ce qui n&rsquo;est pas id\u00e9al, car il n&rsquo;est pas un gros porteur. \u00bb<\/p>\n<p id=\"ch_ROCK OF YOU\" style=\"margin-bottom: 1%;\"><a href=\"https:\/\/www.equidia.fr\/chevaux\/rock-of-you?horse_uuid=8410d5b2-7484-4854-a57d-096fd0833f07\" target=\"_blank\" rel=\"noopener\">3 &#8211; \u00a0<img decoding=\"async\" alt=\"casaque_ROCK OF YOU\" src=\"https:\/\/www.europesays.com\/fr\/wp-content\/uploads\/2025\/05\/20250527-r1c1p3-png.png\" style=\"width: 4.5%; margin :0; vertical-align : middle;\"\/>\u00a0\u00a0ROCK OF YOU<\/a><\/p>\n<p style=\"text-align: justify;\">Ce concurrent de C\u00e9line Lequien est un cheval dur \u00e0 l&rsquo;effort et l&rsquo;a encore prouv\u00e9 lors de ses d\u00e9buts sur cette piste, qui se sont d&rsquo;ailleurs sold\u00e9s par une cinqui\u00e8me place. M\u00eame s&rsquo;il ne poss\u00e8de pas une grande marge de man\u0153uvre, il a r\u00e9cemment prouv\u00e9 sa comp\u00e9titivit\u00e9 \u00e0 ce niveau et garde son mot \u00e0 dire pour les places, comme beaucoup d&rsquo;autres.<\/p>\n<p><strong>C\u00e9line Lequien, entra\u00eeneur : <\/strong><\/p>\n<p style=\"text-align: justify;\">\u00ab Rock of You (3) a couru en cheval dur pour ses d\u00e9buts \u00e0 Auteuil. Je n&rsquo;ai pas trop le choix des engagements. Il est bien, mais affronte un tr\u00e8s bon lot ici. Il est compliqu\u00e9 et fait un peu comme il veut en course : il est mieux en allant de l&rsquo;avant. Il avait \u00e9chou\u00e9 lors de son unique essai \u00e0 ce niveau mais il \u00e9tait moins bien ce jour-l\u00e0 et avait d\u00fb arriver la veille de la course. Et comme il n&rsquo;aime pas changer ses habitudes, cela n&rsquo;avait pas d\u00fb lui convenir. J&rsquo;esp\u00e8re cette fois le voir prendre une bonne place. \u00bb<\/p>\n<p id=\"ch_MASK D'AMOUR\" style=\"margin-bottom: 1%;\"><a href=\"https:\/\/www.equidia.fr\/chevaux\/mask-damour?horse_uuid=be95ddc5-d6a1-4703-b3df-740f2554640c\" target=\"_blank\" rel=\"noopener\">4 &#8211; \u00a0<img decoding=\"async\" alt=\"casaque_MASK D'AMOUR\" src=\"https:\/\/www.europesays.com\/fr\/wp-content\/uploads\/2025\/05\/1748306117_384_20250527-r1c1p4-png.png\" style=\"width: 4.5%; margin :0; vertical-align : middle;\"\/>\u00a0\u00a0MASK D&rsquo;AMOUR<\/a><\/p>\n<p style=\"text-align: justify;\">Bien que plus en vue en steeple-chase depuis le d\u00e9but de sa carri\u00e8re, ce prot\u00e9g\u00e9 de Lynne MacLennan a r\u00e9alis\u00e9 une course de rentr\u00e9e tonitruante sur les \u00ab\u00a0balais\u00a0\u00bb de Nantes, dominant ce jour-l\u00e0 le bon Diyashal. S&rsquo;il r\u00e9p\u00e8te cette tentative, il devrait prendre une part active \u00e0 l&#8217;emballage final.<\/p>\n<p><strong>Fran\u00e7ois Nicolle, entra\u00eeneur : <\/strong><\/p>\n<p style=\"text-align: justify;\">\u00ab Mask d&rsquo;Amour (4) nous a agr\u00e9ablement surpris \u00e0 Nantes car les haies n&rsquo;\u00e9taient pas trop sa tasse de th\u00e9 jusque-l\u00e0. Ce jour-l\u00e0, il a tr\u00e8s plaisamment battu un bon cheval. Depuis, il a eu des petits soucis de myosite, mais tout est rentr\u00e9 dans l&rsquo;ordre. Il a l&rsquo;air d&rsquo;\u00eatre bien et pr\u00e9sente l&rsquo;avantage de conna\u00eetre le steeple d&rsquo;Auteuil. Il est pris un peu haut sur l&rsquo;\u00e9chelle des valeurs, comme souvent pour mes pensionnaires, mais il faut faire avec. Il est dur, saute bien et ne sera pas g\u00ean\u00e9 du tout par un \u00e9ventuel assouplissement des pistes. \u00bb<\/p>\n<p id=\"ch_KIM ROQUE\" style=\"margin-bottom: 1%;\"><a href=\"https:\/\/www.equidia.fr\/chevaux\/kim-roque?horse_uuid=070a7cea-40e8-444a-9d28-47a1d228a355\" target=\"_blank\" rel=\"noopener\">5 &#8211; \u00a0<img decoding=\"async\" alt=\"casaque_KIM ROQUE\" src=\"https:\/\/www.europesays.com\/fr\/wp-content\/uploads\/2025\/05\/20250527-r1c1p5-png.png\" style=\"width: 4.5%; margin :0; vertical-align : middle;\"\/>\u00a0\u00a0KIM ROQUE<\/a><\/p>\n<p style=\"text-align: justify;\">Auteur d&rsquo;une rentr\u00e9e int\u00e9ressante dans le convoit\u00e9 Prix Jean Granel, ce concurrent de Daniela Mele s&rsquo;est plaisamment impos\u00e9 pour ses d\u00e9buts en steeple-chase, \u00e0 Dieppe, avant de jouer de malchance le 17 mai ici m\u00eame. Pour son retour sur les balais, il semble pris \u00e0 sa juste valeur et garde son mot \u00e0 dire pour les places. Un gros regret.<\/p>\n<p><strong>L\u00e9o-Paul Br\u00e9chet, jockey : <\/strong><\/p>\n<p style=\"text-align: justify;\">\u00ab Kim Roque (5) a \u00e9t\u00e9 malheureux derni\u00e8rement, ne pouvant \u00e9viter un rival \u00e0 terre. Je l&rsquo;ai travaill\u00e9 samedi matin et il est rest\u00e9 en bonne forme. Facile, ce bon cheval est performant dans les deux sp\u00e9cialit\u00e9s et devrait tr\u00e8s bien courir. \u00bb<\/p>\n<p id=\"ch_GINAGOLD\" style=\"margin-bottom: 1%;\"><a href=\"https:\/\/www.equidia.fr\/chevaux\/ginagold?horse_uuid=9c0e459c-8c07-4d69-b3a7-dd2279071ae8\" target=\"_blank\" rel=\"noopener\">6 &#8211; \u00a0<img decoding=\"async\" alt=\"casaque_GINAGOLD\" src=\"https:\/\/www.europesays.com\/fr\/wp-content\/uploads\/2025\/05\/1748306118_119_20250527-r1c1p6-png.png\" style=\"width: 4.5%; margin :0; vertical-align : middle;\"\/>\u00a0\u00a0GINAGOLD<\/a><\/p>\n<p style=\"text-align: justify;\">Cette laur\u00e9ate d&rsquo;un Prix Finot a connu une longue interruption de carri\u00e8re avant de r\u00e9aliser un retour tr\u00e8s int\u00e9ressant \u00e0 la comp\u00e9tition (2e) \u00e0 l&rsquo;automne dernier. Le 16 avril, elle est all\u00e9e devant alors qu&rsquo;elle pr\u00e9f\u00e8re attendre, mais a malgr\u00e9 tout pris une honorable deuxi\u00e8me place. M\u00eame si elle va certainement progresser au fil des courses, elle est d\u00e9j\u00e0 \u00e0 suivre.<\/p>\n<p><strong>Yann Lerner, entra\u00eeneur : <\/strong><\/p>\n<p style=\"text-align: justify;\">\u00ab \u00c0 Fontainebleau, nous n&rsquo;avons pas voulu prendre de risque avec Ginagold (6) ce jour-l\u00e0, c&rsquo;est pourquoi nous avons occup\u00e9 les avant-postes, alors qu&rsquo;elle est nettement plus performante lorsqu&rsquo;elle vient sur les autres. Elle n&rsquo;a trouv\u00e9 que Justice, qui a bien couru depuis, pour la devancer. Mon \u00e9l\u00e8ve est un peu tardive, mais elle semble en bonne forme. \u00bb<\/p>\n<p id=\"ch_APANIIWA\" style=\"margin-bottom: 1%;\"><a href=\"https:\/\/www.equidia.fr\/chevaux\/apaniiwa?horse_uuid=0ab60678-de14-498f-8adf-969e73fbfb39\" target=\"_blank\" rel=\"noopener\">7 &#8211; \u00a0<img decoding=\"async\" alt=\"casaque_APANIIWA\" src=\"https:\/\/www.europesays.com\/fr\/wp-content\/uploads\/2025\/05\/1748306118_376_20250527-r1c1p7-png.png\" style=\"width: 4.5%; margin :0; vertical-align : middle;\"\/>\u00a0\u00a0APANIIWA<\/a><\/p>\n<p style=\"text-align: justify;\">Apr\u00e8s une belle fin d&rsquo;ann\u00e9e derni\u00e8re, avec notamment une victoire dans le Quint\u00e9+ du 24 novembre, cette \u00e9l\u00e8ve de Yannick Fouin a connu un d\u00e9but d&rsquo;ann\u00e9e 2025 un peu mitig\u00e9, avant de renouer avec les bonnes performances dans la Grande Course de Haies de Printemps, sur plus long. Elle a d\u00e9j\u00e0 bien fait sur 3 600 m\u00e8tres et est rompue \u00e0 ce genre d&rsquo;exercice. \u00c0 retenir en bon rang.<\/p>\n<p><strong>Yannick Fouin, entra\u00eeneur : <\/strong><\/p>\n<p style=\"text-align: justify;\">\u00ab Apaniiwa (7) a tr\u00e8s bien couru dans la Grande Course de Haies de Printemps (Gr.3). On ne peut rien lui reprocher. Sachez qu&rsquo;elle est rest\u00e9 en forme. \u00bb<\/p>\n<p id=\"ch_MAGIC FLIGHT\" style=\"margin-bottom: 1%;\"><a href=\"https:\/\/www.equidia.fr\/chevaux\/magic-flight?horse_uuid=58f54e17-63bb-4686-89f9-d90996c976ea\" target=\"_blank\" rel=\"noopener\">8 &#8211; \u00a0<img decoding=\"async\" alt=\"casaque_MAGIC FLIGHT\" src=\"https:\/\/www.europesays.com\/fr\/wp-content\/uploads\/2025\/05\/1748306118_246_20250527-r1c1p8-png.png\" style=\"width: 4.5%; margin :0; vertical-align : middle;\"\/>\u00a0\u00a0MAGIC FLIGHT<\/a><\/p>\n<p style=\"text-align: justify;\">Apr\u00e8s une rentr\u00e9e n\u00e9cessaire en plat, ce repr\u00e9sentant de l&rsquo;\u00e9curie Victoria Dreams a fourni un tr\u00e8s bel effort final, prenant ainsi une bonne deuxi\u00e8me place derri\u00e8re KEL STORY (14). Il devrait logiquement progresser sur cette sortie et a incontestablement la pointure en valeur 59,5. De nouveau associ\u00e9 \u00e0 James Reveley, il pourrait bien mettre tout le monde d&rsquo;accord.<\/p>\n<p><strong>Jean-Philippe Dubois, entra\u00eeneur : <\/strong><\/p>\n<p style=\"text-align: justify;\">\u00ab Magic Flight (8) vient de tr\u00e8s bien courir pour son retour sur les obstacles. Il a \u00e9t\u00e9 quelque peu contrari\u00e9 sur le plat, mais je ne pense pas que cela lui ait co\u00fbt\u00e9 un meilleur classement. Le cheval a l&rsquo;air d&rsquo;\u00eatre rest\u00e9 en forme et devrait probablement \u00eatre mont\u00e9 en condition pour cette course. Il a d\u00e9j\u00e0 gagn\u00e9 sur ce parcours et devrait encore fournir sa valeur. \u00bb<\/p>\n<p id=\"ch_MICKDEBOMEC\" style=\"margin-bottom: 1%;\"><a href=\"https:\/\/www.equidia.fr\/chevaux\/mickdebomec?horse_uuid=564da9d3-06f4-4985-9213-d48275301192\" target=\"_blank\" rel=\"noopener\">9 &#8211; \u00a0<img decoding=\"async\" alt=\"casaque_MICKDEBOMEC\" src=\"https:\/\/www.europesays.com\/fr\/wp-content\/uploads\/2025\/05\/20250527-r1c1p9-png.png\" style=\"width: 4.5%; margin :0; vertical-align : middle;\"\/>\u00a0\u00a0MICKDEBOMEC<\/a><\/p>\n<p style=\"text-align: justify;\">L&rsquo;an dernier, ce pensionnaire du tr\u00e8s habile Etienne d&rsquo;Andign\u00e9 s&rsquo;\u00e9tait class\u00e9 sixi\u00e8me du Prix Guillaume de Pracomtal, prouvant sa comp\u00e9titivit\u00e9 \u00e0 ce niveau. Il a depuis effectu\u00e9 une rentr\u00e9e victorieuse \u00e0 Lyon-Parilly, d\u00e9j\u00e0 associ\u00e9 \u00e0 Simon Planque, et retrouve la butte Mortemart avec quelques ambitions.<\/p>\n<p><strong>Etienne d&rsquo;Andign\u00e9, entra\u00eeneur : <\/strong><\/p>\n<p style=\"text-align: justify;\">\u00ab Lors de son premier essai dans un Quint\u00e9+, Mickdebomec (9) avait tr\u00e8s bien couru malgr\u00e9 son manque de m\u00e9tier. Il a ensuite \u00e9chou\u00e9 fin octobre, mais il \u00e9tait un peu d\u00e9fra\u00eechi et est un peu moins percutant en terrain souple. Il a bien \u00e9volu\u00e9 entre 4 et 5 ans, comme en t\u00e9moigne sa tr\u00e8s bonne rentr\u00e9e, o\u00f9 il a battu un lot correct. Ce cheval, qui pr\u00e9f\u00e8re le bon terrain, me semble vraiment tr\u00e8s bien. Il a le niveau pour remporter ce genre d&rsquo;\u00e9preuves, mais il affronte un bon lot, notamment en haut de tableau. \u00bb<\/p>\n<p id=\"ch_BEAUBOURG\" style=\"margin-bottom: 1%;\"><a href=\"https:\/\/www.equidia.fr\/chevaux\/beaubourg?horse_uuid=8cfea93d-96b5-4183-b040-5a49d12a128b\" target=\"_blank\" rel=\"noopener\">10 &#8211; \u00a0<img decoding=\"async\" alt=\"casaque_BEAUBOURG\" src=\"https:\/\/www.europesays.com\/fr\/wp-content\/uploads\/2025\/05\/1748306119_363_20250527-r1c1p10-png.png\" style=\"width: 4.5%; margin :0; vertical-align : middle;\"\/>\u00a0\u00a0BEAUBOURG<\/a><\/p>\n<p style=\"text-align: justify;\">Apr\u00e8s une longue interruption de carri\u00e8re, ce concurrent d&rsquo;Yves Maupoil a effectu\u00e9 une course de rentr\u00e9e int\u00e9ressante, se classant deuxi\u00e8me de KOCOTTE MAG (11), avant d&rsquo;ouvrir son palmar\u00e8s \u00e0 La Teste avec un certain brio. En plein sur la montante, il va d\u00e9couvrir les handicaps en valeur 59 et pourrait bien s&rsquo;illustrer d&rsquo;entr\u00e9e de jeu, s&rsquo;il ne p\u00eache pas par manque de duret\u00e9.<\/p>\n<p><strong>Augustin de Boisbrunet, entra\u00eeneur : <\/strong><\/p>\n<p style=\"text-align: justify;\">\u00ab Beaubourg (10) est un tr\u00e8s bon cheval, qui a eu un petit souci \u00e0 la fin de sa saison de 3 ans. Lors de sa rentr\u00e9e, il n&rsquo;\u00e9tait pas trop pr\u00eat avant de gagner tr\u00e8s correctement \u00e0 La Teste. Je suis certain qu&rsquo;il va appr\u00e9cier le profil d&rsquo;Auteuil, car il a de l&rsquo;abattage et poss\u00e8de une bonne facult\u00e9 d&rsquo;acc\u00e9l\u00e9ration. Il peut manquer un peu de m\u00e9tier, et il ne faut pas br\u00fbler les \u00e9tapes, mais je l&rsquo;adore. Je suis tr\u00e8s confiant. Il ne devrait pas sortir des cinq premiers. \u00bb<\/p>\n<p id=\"ch_KOCOTTE MAG\" style=\"margin-bottom: 1%;\"><a href=\"https:\/\/www.equidia.fr\/chevaux\/kocotte-mag?horse_uuid=072e8a00-226f-4cb2-a3b7-3ba3cdf2899b\" target=\"_blank\" rel=\"noopener\">11 &#8211; \u00a0<img decoding=\"async\" alt=\"casaque_KOCOTTE MAG\" src=\"https:\/\/www.europesays.com\/fr\/wp-content\/uploads\/2025\/05\/1748306119_579_20250527-r1c1p11-png.png\" style=\"width: 4.5%; margin :0; vertical-align : middle;\"\/>\u00a0\u00a0KOCOTTE MAG<\/a><\/p>\n<p style=\"text-align: justify;\">Lors de sa rentr\u00e9e \u00e0 Toulouse, cette jument du Comte Antoine-Audoin Maggiar s&rsquo;est plaisamment impos\u00e9e, dominant notamment BEAUBOURG (10), estim\u00e9 par son entourage. Elle a ensuite \u00e9t\u00e9 domin\u00e9e pour ses d\u00e9buts \u00e0 Auteuil, mais retrouve la butte Mortemart \u00e0 l&rsquo;occasion d&rsquo;un handicap o\u00f9 elle semble plut\u00f4t bien plac\u00e9e. \u00c0 surveiller de tr\u00e8s pr\u00e8s.<\/p>\n<p><strong>Fran\u00e7ois Nicolle, entra\u00eeneur : <\/strong><\/p>\n<p style=\"text-align: justify;\">\u00ab Kocotte Mag (11) n&rsquo;avait pas tr\u00e8s bien couru \u00e0 Auteuil lors de ses d\u00e9buts sur cette piste, dans un bon lot toutefois. Elle a gagn\u00e9 sur le steeple de Compi\u00e8gne depuis. Comme elle n&rsquo;a pas grand-chose \u00e0 courir dans l&rsquo;imm\u00e9diat, je la ram\u00e8ne sur la butte Mortemart. Elle a l&rsquo;air d&rsquo;\u00eatre bien, mais il faut voir si elle est comp\u00e9titive \u00e0 cette valeur. Sachez que l&rsquo;\u00e9tat du terrain lui est indiff\u00e9rent. \u00bb<\/p>\n<p id=\"ch_FRERE VERT\" style=\"margin-bottom: 1%;\"><a href=\"https:\/\/www.equidia.fr\/chevaux\/frere-vert?horse_uuid=4ae32189-94dd-40a9-86d7-3ec18cbd454d\" target=\"_blank\" rel=\"noopener\">12 &#8211; \u00a0<img decoding=\"async\" alt=\"casaque_FRERE VERT\" src=\"https:\/\/www.europesays.com\/fr\/wp-content\/uploads\/2025\/05\/1748306120_711_20250527-r1c1p12-png.png\" style=\"width: 4.5%; margin :0; vertical-align : middle;\"\/>\u00a0\u00a0FRERE VERT<\/a><\/p>\n<p style=\"text-align: justify;\">Auteur d&rsquo;une plaisante rentr\u00e9e dans le Prix Hubert de Navailles, sur ce parcours, ce concurrent de la famille Papot s&rsquo;est ensuite essay\u00e9 au steeple-chase avec moins de r\u00e9ussite. Il retrouve toutefois les \u00ab balais \u00bb et va d\u00e9buter dans les handicaps. En valeur 59, il semble comp\u00e9titif et m\u00e9rite un certain cr\u00e9dit.<\/p>\n<p><strong>J\u00e9r\u00e9my da Silva, entra\u00eeneur : <\/strong><\/p>\n<p style=\"text-align: justify;\">\u00ab Apr\u00e8s une tr\u00e8s bonne rentr\u00e9e sur les haies en mars, il a ensuite couru en steeple, mais cela ne s&rsquo;est pas tr\u00e8s bien pass\u00e9. Comme cette course est r\u00e9serv\u00e9e aux 5 ans, \u00e7a vaut le coup d&rsquo;essayer \u00e0 ce niveau afin d&rsquo;en savoir plus sur sa comp\u00e9titivit\u00e9 en vue du second semestre. Il travaille bien, mais il affronte des rivaux habitu\u00e9s \u00e0 disputer ces courses l\u00e0. \u00bb<\/p>\n<p id=\"ch_SURINFIL\" style=\"margin-bottom: 1%;\"><a href=\"https:\/\/www.equidia.fr\/chevaux\/surinfil?horse_uuid=ce780130-83e2-4117-a383-b5f696d4582f\" target=\"_blank\" rel=\"noopener\">13 &#8211; \u00a0<img decoding=\"async\" alt=\"casaque_SURINFIL\" src=\"https:\/\/www.europesays.com\/fr\/wp-content\/uploads\/2025\/05\/20250527-r1c1p13-png.png\" style=\"width: 4.5%; margin :0; vertical-align : middle;\"\/>\u00a0\u00a0SURINFIL<\/a><\/p>\n<p style=\"text-align: justify;\">Ce fils de Great Pretender a r\u00e9alis\u00e9 une course de rentr\u00e9e honorable sur le parcours qui nous int\u00e9resse. Il a prouv\u00e9 par le pass\u00e9 qu&rsquo;il avait les moyens de s&rsquo;illustrer \u00e0 cette valeur, mais il ne r\u00e9p\u00e8te pas ses courses. Dans un bon jour, il est tout de m\u00eame capable de se placer, comme d&rsquo;autres.<\/p>\n<p><strong>Jean-Luc Beaunez, entra\u00eeneur : <\/strong><\/p>\n<p style=\"text-align: justify;\">\u00ab Apr\u00e8s avoir b\u00e9n\u00e9fici\u00e9 d&rsquo;un break, Surinfil (13) a fait une bonne rentr\u00e9e. Il a un peu craqu\u00e9 au bout de la ligne d&rsquo;en face, mais il est bien revenu terminer, tout en penchant. Cet effort final nous a satisfaits. Il est bien au travail et va progressivement monter en condition. Il sera ensuite dirig\u00e9 vers Clairefontaine cet \u00e9t\u00e9, o\u00f9 il avait bien couru l&rsquo;\u00e9t\u00e9 dernier. \u00bb<\/p>\n<p id=\"ch_KEL STORY\" style=\"margin-bottom: 1%;\"><a href=\"https:\/\/www.equidia.fr\/chevaux\/kel-story?horse_uuid=3cf048f2-3a46-4481-b4a3-a71c240b2fe4\" target=\"_blank\" rel=\"noopener\">14 &#8211; \u00a0<img decoding=\"async\" alt=\"casaque_KEL STORY\" src=\"https:\/\/www.europesays.com\/fr\/wp-content\/uploads\/2025\/05\/20250527-r1c1p14-png.png\" style=\"width: 4.5%; margin :0; vertical-align : middle;\"\/>\u00a0\u00a0KEL STORY<\/a><\/p>\n<p style=\"text-align: justify;\">Apr\u00e8s une rentr\u00e9e qui lui a certainement fait le plus grand bien, ce prot\u00e9g\u00e9 de Samuel Sutton a remport\u00e9 son handicap sur ce parcours face \u00e0 plusieurs de ses adversaires du jour. Il a toutefois \u00e9t\u00e9 p\u00e9nalis\u00e9 de cinq livres, et sa t\u00e2che se complique, d&rsquo;autant plus que le haut du tableau est bien compos\u00e9.<\/p>\n<p><strong>Micka\u00ebl Seror, entra\u00eeneur : <\/strong><\/p>\n<p style=\"text-align: justify;\">\u00ab Kel Story (14) a gagn\u00e9 avec autorit\u00e9 la derni\u00e8re fois et a \u00e9t\u00e9 logiquement p\u00e9nalis\u00e9 pour cela. Il est tr\u00e8s bien le matin. Il est probablement encore comp\u00e9titif, et j&rsquo;esp\u00e8re le voir r\u00e9aliser une bonne performance, mais il faut que tout se passe bien. \u00bb<\/p>\n<p id=\"ch_PARFUM D'UNE REINE\" style=\"margin-bottom: 1%;\"><a href=\"https:\/\/www.equidia.fr\/chevaux\/parfum-dune-reine?horse_uuid=f81cf0fe-8129-4c67-8e5a-6f1e908232fa\" target=\"_blank\" rel=\"noopener\">15 &#8211; \u00a0<img decoding=\"async\" alt=\"casaque_PARFUM D'UNE REINE\" src=\"https:\/\/www.europesays.com\/fr\/wp-content\/uploads\/2025\/05\/20250527-r1c1p15-png.png\" style=\"width: 4.5%; margin :0; vertical-align : middle;\"\/>\u00a0\u00a0PARFUM D&rsquo;UNE REINE<\/a><\/p>\n<p style=\"text-align: justify;\">Plaisante lors du second semestre 2024, cette repr\u00e9sentante de l&rsquo;\u00e9curie Jumelle est toutefois absente depuis sa victoire dans une deuxi\u00e8me \u00e9preuve en novembre dernier. Elle aura certainement besoin d&rsquo;une course pour se remettre dans le bain. Dans ces conditions, et face \u00e0 une telle opposition, nous ne l&rsquo;avons pas retenue.<\/p>\n<p><strong>Hugo M\u00e9rienne, entra\u00eeneur : <\/strong><\/p>\n<p style=\"text-align: justify;\">\u00ab Parfum d&rsquo;une Reine (15) a eu un petit souci au printemps et n&rsquo;a donc pas \u00e9t\u00e9 revue depuis sa victoire de l&rsquo;automne dernier. La jument est bien au travail, mais elle peut manquer d&rsquo;une course. L&rsquo;\u00e9tat du terrain lui est indiff\u00e9rent. \u00bb<\/p>\n<p id=\"ch_BELISMA\" style=\"margin-bottom: 1%;\"><a href=\"https:\/\/www.equidia.fr\/chevaux\/belisma?horse_uuid=037f98a6-4609-40a0-b334-99b9a7d6cc04\" target=\"_blank\" rel=\"noopener\">16 &#8211; \u00a0<img decoding=\"async\" alt=\"casaque_BELISMA\" src=\"https:\/\/www.europesays.com\/fr\/wp-content\/uploads\/2025\/05\/20250527-r1c1p16-png.png\" style=\"width: 4.5%; margin :0; vertical-align : middle;\"\/>\u00a0\u00a0BELISMA<\/a><\/p>\n<p style=\"text-align: justify;\">Apr\u00e8s une rentr\u00e9e n\u00e9cessaire sur cette piste, cette fille de Doctor Dino s&rsquo;est ensuite tr\u00e8s bien comport\u00e9e \u00e0 Dieppe et \u00e0 Compi\u00e8gne. Elle n&rsquo;aura toutefois pas de d\u00e9charge cette fois-ci et monte quelque peu de cat\u00e9gorie. Jamais mieux que septi\u00e8me dans les Quint\u00e9+, nous lui en pr\u00e9f\u00e9rons d&rsquo;autres.<\/p>\n<p><strong>L&rsquo;avis du reporter : <\/strong><\/p>\n<p style=\"text-align: justify;\">\u00ab Neuvi\u00e8me du Quint\u00e9+ du 10 avril pour sa rentr\u00e9e, elle a ensuite couru en progr\u00e8s \u00e0 Dieppe et \u00e0 Compi\u00e8gne, terminant \u00e0 chaque fois dans une tr\u00e8s belle action. Bien plac\u00e9e en bas de tableau, elle semble tr\u00e8s comp\u00e9titive pour ses d\u00e9buts avec Pierre Dubourg. \u00bb<\/p>\n<p id=\"ch_MAZARIN DU BERLAIS\" style=\"margin-bottom: 1%;\"><a href=\"https:\/\/www.equidia.fr\/chevaux\/mazarin-du-berlais?horse_uuid=1049bb21-147b-4286-8fe4-6e5e04eb777a\" target=\"_blank\" rel=\"noopener\">17 &#8211; \u00a0<img decoding=\"async\" alt=\"casaque_MAZARIN DU BERLAIS\" src=\"https:\/\/www.europesays.com\/fr\/wp-content\/uploads\/2025\/05\/20250527-r1c1p17-png.png\" style=\"width: 4.5%; margin :0; vertical-align : middle;\"\/>\u00a0\u00a0MAZARIN DU BERLAIS<\/a><\/p>\n<p style=\"text-align: justify;\">Ce repr\u00e9sentant de l&rsquo;\u00e9curie Black and White a r\u00e9guli\u00e8rement \u00e9t\u00e9 vu dans des lots d&rsquo;un niveau inf\u00e9rieur. Il est \u00e9galement p\u00e9nalis\u00e9 d&rsquo;un kilo pour prendre part \u00e0 cette \u00e9preuve. Avant le coup, il ne d\u00e9tient qu&rsquo;une chance secondaire. Pas \u00e9vident !<\/p>\n<p><strong>Thomas Journiac, jockey : <\/strong><\/p>\n<p style=\"text-align: justify;\">\u00ab Mazarin du Berlais (17) avait bien couru l&rsquo;avant-derni\u00e8re fois \u00e0 Auteuil, face aux seuls 5 ans. Je pense l&rsquo;avoir mont\u00e9 trop offensivement ensuite \u00e0 Compi\u00e8gne, d&rsquo;o\u00f9 sa baisse de r\u00e9gime en face et dans le tournant final, avant de revenir faire un bon bout pour finir. \u00c0 mon avis, il parviendra \u00e0 gagner son handicap dans l&rsquo;ann\u00e9e. \u00bb<\/p>\n<p id=\"ch_SHINCO DU FICHEAU\" style=\"margin-bottom: 1%;\"><a href=\"https:\/\/www.equidia.fr\/chevaux\/shinco-du-ficheau?horse_uuid=fa4626d9-a73e-42df-8426-707c53b3cb22\" target=\"_blank\" rel=\"noopener\">18 &#8211; \u00a0<img decoding=\"async\" alt=\"casaque_SHINCO DU FICHEAU\" src=\"https:\/\/www.europesays.com\/fr\/wp-content\/uploads\/2025\/05\/20250527-r1c1p18-png.png\" style=\"width: 4.5%; margin :0; vertical-align : middle;\"\/>\u00a0\u00a0SHINCO DU FICHEAU<\/a><\/p>\n<p style=\"text-align: justify;\">Ce pensionnaire de Lucie Pontoir reste sur une honorable troisi\u00e8me place dans un handicap toutefois nettement inf\u00e9rieur. Pour participer \u00e0 ce Quint\u00e9+, il est p\u00e9nalis\u00e9 de quatre kilos et fait donc face \u00e0 un engagement difficile. Sa pr\u00e9sence \u00e0 l&rsquo;arriv\u00e9e serait synonyme de grosse surprise. Sans nous.<\/p>\n<p><strong>Lucie Pontoir, entra\u00eeneur : <\/strong><\/p>\n<p style=\"text-align: justify;\">\u00ab Shinco du Ficheau (18) est un vrai cheval d&rsquo;Auteuil mais il est tr\u00e8s tardif. Il vient de bien courir pour sa semi-rentr\u00e9e, apr\u00e8s avoir \u00e9t\u00e9 \u00e9limin\u00e9 \u00e0 plusieurs reprises. Il est en forme. Cela dit, l&rsquo;engagement de ce samedi n&rsquo;est pas bon mais le programme d&rsquo;Auteuil pour un cheval de 5 ans \u00e0 cette valeur handicap n&rsquo;est vraiment pas l&rsquo;id\u00e9al. \u00bb<\/p>\n<p><strong>Les favoris de la presse<\/strong><\/p>\n<p class=\"synthese\"><strong>SYNTH\u00c8SE \u00a0\u00a0\u00a0\u00a01\u00a0\u00a0&#8211;\u00a0\u00a04\u00a0\u00a0&#8211;\u00a0\u00a08\u00a0\u00a0&#8211;\u00a0\u00a07\u00a0\u00a0&#8211;\u00a0\u00a06\u00a0\u00a0&#8211;\u00a0\u00a011\u00a0\u00a0&#8211;\u00a0\u00a02\u00a0\u00a0&#8211;\u00a0\u00a015<\/strong><\/p>\n<p><a href=\"https:\/\/servedby.revive-adserver.net\/ck.php?n=aa10a822&amp;cb=1234\" target=\"_blank\" rel=\"noopener\"><img decoding=\"async\" alt=\"\" border=\"0\" src=\"https:\/\/www.europesays.com\/fr\/wp-content\/uploads\/2025\/05\/1748306122_153_avw\"\/><\/a><\/p>\n<p><strong>Les stats du jour<\/strong><\/p>\n<p><img decoding=\"async\" src=\"https:\/\/www.europesays.com\/fr\/wp-content\/uploads\/2025\/05\/0527_stats-web_2025-jpg\"\/><\/p>\n<p><strong>Nos \u00e9missions de pronos<\/strong><a href=\"https:\/\/www.equidia.fr\/emissions\/3-mn-q-2023\" target=\"_blank\" rel=\"noopener\"><img decoding=\"async\" alt=\"3min-pronos\" class=\"img_prono\" src=\"https:\/\/www.europesays.com\/fr\/wp-content\/uploads\/2025\/04\/vignette-article-3min-pronos-jpg-1.jpeg\"\/><\/a>3 mn PRONOS du 27\/05<br \/>(Disponible lundi 26 mai 2025, \u00e0 partir de 17h55)<a href=\"https:\/\/www.equidia.fr\/emissions\/ticket-gagnant-2023\" target=\"_blank\" rel=\"noopener\"><img decoding=\"async\" alt=\"ticket-gagnant\" class=\"img_prono\" src=\"https:\/\/www.europesays.com\/fr\/wp-content\/uploads\/2025\/04\/vignette-article-ticket-gagnant-jpg-1.jpeg\"\/><\/a>TICKET GAGNANT du 27\/05<br \/>(Disponible lundi 26 mai 2025, \u00e0 partir de 18h00)<\/p>\n","protected":false},"excerpt":{"rendered":"Les partants du Quint\u00e9+ de ce mardi 27 maiPRIX DE LA MUETTEMARDI 27 MAIAUTEUIL &#8211; 3600 METRES &#8211;&hellip;\n","protected":false},"author":2,"featured_media":130542,"comment_status":"","ping_status":"","sticky":false,"template":"","format":"standard","meta":{"footnotes":""},"categories":[1888],"tags":[11,1777,674,1011,27,3014,10339,12,626,1821,3015,25],"class_list":{"0":"post-130541","1":"post","2":"type-post","3":"status-publish","4":"format-standard","5":"has-post-thumbnail","7":"category-paris","8":"tag-actualites","9":"tag-eu","10":"tag-europe","11":"tag-fr","12":"tag-france","13":"tag-galop","14":"tag-haies","15":"tag-news","16":"tag-paris","17":"tag-pronostics","18":"tag-qrcode","19":"tag-republique-francaise"},"share_on_mastodon":{"url":"https:\/\/pubeurope.com\/@fr\/114577001186283614","error":""},"_links":{"self":[{"href":"https:\/\/www.europesays.com\/fr\/wp-json\/wp\/v2\/posts\/130541","targetHints":{"allow":["GET"]}}],"collection":[{"href":"https:\/\/www.europesays.com\/fr\/wp-json\/wp\/v2\/posts"}],"about":[{"href":"https:\/\/www.europesays.com\/fr\/wp-json\/wp\/v2\/types\/post"}],"author":[{"embeddable":true,"href":"https:\/\/www.europesays.com\/fr\/wp-json\/wp\/v2\/users\/2"}],"replies":[{"embeddable":true,"href":"https:\/\/www.europesays.com\/fr\/wp-json\/wp\/v2\/comments?post=130541"}],"version-history":[{"count":0,"href":"https:\/\/www.europesays.com\/fr\/wp-json\/wp\/v2\/posts\/130541\/revisions"}],"wp:featuredmedia":[{"embeddable":true,"href":"https:\/\/www.europesays.com\/fr\/wp-json\/wp\/v2\/media\/130542"}],"wp:attachment":[{"href":"https:\/\/www.europesays.com\/fr\/wp-json\/wp\/v2\/media?parent=130541"}],"wp:term":[{"taxonomy":"category","embeddable":true,"href":"https:\/\/www.europesays.com\/fr\/wp-json\/wp\/v2\/categories?post=130541"},{"taxonomy":"post_tag","embeddable":true,"href":"https:\/\/www.europesays.com\/fr\/wp-json\/wp\/v2\/tags?post=130541"}],"curies":[{"name":"wp","href":"https:\/\/api.w.org\/{rel}","templated":true}]}}