{"id":130547,"date":"2025-05-27T00:38:09","date_gmt":"2025-05-27T00:38:09","guid":{"rendered":"https:\/\/www.europesays.com\/fr\/130547\/"},"modified":"2025-05-27T00:38:09","modified_gmt":"2025-05-27T00:38:09","slug":"les-allies-occidentaux-nimposeront-plus-de-limitation-de-la-portee-des-armes-livrees-a-kiev-affirme-merz","status":"publish","type":"post","link":"https:\/\/www.europesays.com\/fr\/130547\/","title":{"rendered":"les alli\u00e9s occidentaux n\u2019imposeront \u00abplus de limitation\u00bb de la port\u00e9e des armes livr\u00e9es \u00e0 Kiev, affirme Merz"},"content":{"rendered":"<p><strong>LE POINT SUR LA SITUATION &#8211;<\/strong> \u00abCela signifie que l\u2019Ukraine peut d\u00e9sormais se d\u00e9fendre, par exemple en attaquant des positions militaires en Russie\u00bb, a d\u00e9clar\u00e9 le dirigeant allemand.<\/p>\n<p class=\"fig-paragraph\">La Russie a lanc\u00e9 355 drones sur l\u2019Ukraine dans la nuit de dimanche \u00e0 lundi, un record depuis le d\u00e9but du\u00a0<a href=\"https:\/\/www.lefigaro.fr\/international\/dossier\/tensions-entre-la-russie-et-l-ukraine-tout-comprendre-a-la-menace-d-une-invasion-russe\" target=\"_blank\" data-fig-type=\"Topic\" rel=\"noopener nofollow\" data-gtm-custom-categorie=\"navigation\" data-gtm-custom-action=\"crossclick\" data-gtm-custom-label=\"Contextuel\" data-gtm-event=\"customEventSPE\" data-fig-domain=\"LEFIGARO\">conflit<\/a>. Dans le m\u00eame temps, la\u00a0<a href=\"https:\/\/www.lefigaro.fr\/tag\/finlande\" target=\"_blank\" rel=\"noopener nofollow\" data-gtm-custom-categorie=\"navigation\" data-gtm-custom-action=\"crossclick\" data-gtm-custom-label=\"Contextuel\" data-gtm-event=\"customEventSPE\">Finlande<\/a>\u00a0a convoqu\u00e9 l\u2019ambassadeur russe pour une possible violation de l\u2019espace a\u00e9rien finlandais, alors que le chancelier Friedrich Merz a affirm\u00e9 qu\u2019\u00abil n\u2019y avait plus aucune limitation de la port\u00e9e des armes livr\u00e9es \u00e0 l\u2019Ukraine\u00bb. Le Figaro fait le point sur la situation.<\/p>\n<p><strong>Poutine menace d\u2019<\/strong><strong>\u00ab\u00e9trangler\u00bb<\/strong> <strong>les entreprises occidentales qui restent en Russie<\/strong><\/p>\n<p class=\"fig-paragraph\">Le pr\u00e9sident russe\u00a0<a href=\"http:\/\/www.lefigaro.fr\/international\/en-exigeant-une-reddition-de-l-ukraine-vladimir-poutine-campe-sur-sa-position-maximaliste-20250518\" target=\"_blank\" data-fig-type=\"Article\" rel=\"noopener nofollow\" data-gtm-custom-categorie=\"navigation\" data-gtm-custom-action=\"crossclick\" data-gtm-custom-label=\"Contextuel\" data-gtm-event=\"customEventSPE\" data-fig-domain=\"LEFIGARO\">Vladimir Poutine<\/a>\u00a0a menac\u00e9 lundi d\u2019\u00ab\u00e9trangler\u00bb les entreprises occidentales restant en Russie et agissant contre ses int\u00e9r\u00eats, dans le cadre des efforts de Moscou pour renforcer le d\u00e9veloppement de logiciels russes. \u00abNous devons les \u00e9trangler. Je suis compl\u00e8tement d\u2019accord, et je le dis sans h\u00e9sitation\u00bb, a d\u00e9clar\u00e9 Vladimir Poutine en r\u00e9ponse \u00e0 l\u2019appel d\u2019un homme d\u2019affaires \u00e0 restreindre les activit\u00e9s des entreprises technologiques am\u00e9ricaines Zoom et Microsoft, qui ne fournissent actuellement que des services limit\u00e9s en Russie.<\/p>\n<p class=\"fig-paragraph\">De nombreuses entreprises occidentales ont quitt\u00e9 la Russie ou r\u00e9duit consid\u00e9rablement leurs activit\u00e9s dans le pays apr\u00e8s que Moscou a lanc\u00e9 son offensive militaire en Ukraine en f\u00e9vrier 2022, entra\u00eenant une s\u00e9rie de sanctions \u00e9conomiques de la part des alli\u00e9s de Kiev. \u00abNous n\u2019avons expuls\u00e9 personne&#8230; Nous avons offert les conditions les plus favorables pour qu\u2019ils travaillent sur notre march\u00e9, et eux, ils essaient de nous \u00e9trangler\u00bb, a poursuivi le pr\u00e9sident russe lors d\u2019une r\u00e9union avec des entrepreneurs, sans pr\u00e9ciser comment exactement les entreprises occidentales nuisent \u00e0 la Russie. \u00abNous devons r\u00e9pondre de la m\u00eame mani\u00e8re, refl\u00e9ter leurs actions\u00bb, a ajout\u00e9 le pr\u00e9sident russe, qui a consid\u00e9rablement durci les conditions de sortie du pays pour les entreprises cherchant \u00e0 quitter la Russie, en for\u00e7ant beaucoup \u00e0 vendre leurs actifs avec des rabais importants.<\/p>\n<p>\u00abPlus aucune limitation\u00bb de la port\u00e9e des armes livr\u00e9es \u00e0 l\u2019Ukraine, affirme Merz<\/p>\n<p class=\"fig-paragraph\">Le chancelier\u00a0<a href=\"http:\/\/www.lefigaro.fr\/flash-eco\/friedrich-merz-plaide-pour-renoncer-a-une-loi-europeenne-sur-le-devoir-de-vigilance-des-entreprises-20250509\" target=\"_blank\" data-fig-type=\"NewsFlash\" rel=\"noopener nofollow\" data-gtm-custom-categorie=\"navigation\" data-gtm-custom-action=\"crossclick\" data-gtm-custom-label=\"Contextuel\" data-gtm-event=\"customEventSPE\" data-fig-domain=\"LEFIGARO\">Friedrich Merz<\/a>\u00a0a affirm\u00e9 lundi qu\u2019\u00abil n\u2019y avait plus aucune limitation de la port\u00e9e des armes livr\u00e9es \u00e0 l\u2019Ukraine\u00bb de la part de ses principaux alli\u00e9s occidentaux que sont l\u2019Allemagne, les \u00c9tats-Unis, le Royaume-Uni et la France.<\/p>\n<p>\u00a0\u00bb<br \/>\n        data-script=\u00a0\u00bbhttps:\/\/static.lefigaro.fr\/widget-video\/short-ttl\/video\/index.js\u00a0\u00bb<br \/>\n    &gt;<\/p>\n<p class=\"fig-paragraph\">\u00abCela signifie que l\u2019Ukraine peut d\u00e9sormais se d\u00e9fendre, par exemple en attaquant des positions militaires en Russie (&#8230;) ce qu\u2019elle ne faisait pas il y a quelque temps, \u00e0 quelques exceptions pr\u00e8s. Elle peut le faire maintenant\u00bb, a d\u00e9clar\u00e9 le dirigeant allemand lors d\u2019un entretien \u00e0 la t\u00e9l\u00e9vision publique WDR \u00e0 Berlin.<\/p>\n<p><strong>Le Kremlin d\u00e9plore une \u00abd\u00e9cision assez dangereuse\u00bb<\/strong><\/p>\n<p class=\"fig-paragraph\">Le\u00a0<a href=\"http:\/\/www.lefigaro.fr\/international\/papa-rentre-a-la-maison-quand-des-anciens-soldats-ukrainiens-profitent-d-un-echange-de-prisonniers-avec-la-russie-20250525\" data-fig-type=\"Article\" data-gtm-custom-categorie=\"navigation\" data-gtm-custom-action=\"crossclick\" data-gtm-custom-label=\"Contextuel\" data-gtm-event=\"customEventSPE\" data-fig-domain=\"LEFIGARO\" rel=\"nofollow noopener\" target=\"_blank\">Kremlin\u00a0<\/a>a jug\u00e9 lundi \u00abassez dangereuse\u00bb l\u2019annonce de la fin de la limitation de la port\u00e9e des armes. \u00abSi ces d\u00e9cisions ont vraiment eu lieu, elles vont absolument \u00e0 l\u2019encontre de nos aspirations \u00e0 entrer dans un r\u00e8glement politique (\u2026) Et donc c\u2019est une d\u00e9cision assez dangereuse\u00bb, a d\u00e9clar\u00e9 Dmitri Peskov, le porte-parole de la pr\u00e9sidence russe, dans une vid\u00e9o diffus\u00e9e par des m\u00e9dias russes.<\/p>\n<p>Record de drones lanc\u00e9s par la Russie sur l\u2019Ukraine depuis le d\u00e9but de la guerre<\/p>\n<p class=\"fig-paragraph\">Moscou a lanc\u00e9 sur l&rsquo;<a href=\"http:\/\/www.lefigaro.fr\/international\/andrei-mordvitchev-le-general-russe-qui-monte-et-prepare-la-guerre-apres-l-ukraine-20250523\" target=\"_blank\" data-fig-type=\"Article\" rel=\"noopener nofollow\" data-gtm-custom-categorie=\"navigation\" data-gtm-custom-action=\"crossclick\" data-gtm-custom-label=\"Contextuel\" data-gtm-event=\"customEventSPE\" data-fig-domain=\"LEFIGARO\">Ukraine<\/a>\u00a0355 drones dans la nuit de dimanche \u00e0 lundi, un nouveau record depuis le d\u00e9but de son invasion \u00e0 grande \u00e9chelle en f\u00e9vrier 2022, a indiqu\u00e9 l&rsquo;arm\u00e9e de l&rsquo;air ukrainienne.<\/p>\n<p class=\"fig-paragraph\">\u00abL&rsquo;ennemi a lanc\u00e9 une attaque combin\u00e9e contre l&rsquo;Ukraine en utilisant 364 projectiles d&rsquo;attaque a\u00e9rienne\u00bb, dont 355<a href=\"http:\/\/www.lefigaro.fr\/international\/a-kherson-la-vie-sous-la-menace-incessante-des-drones-tueurs-le-recit-de-l-envoye-special-du-figaro-20250514\" target=\"_blank\" data-fig-type=\"Article\" rel=\"noopener nofollow\" data-gtm-custom-categorie=\"navigation\" data-gtm-custom-action=\"crossclick\" data-gtm-custom-label=\"Contextuel\" data-gtm-event=\"customEventSPE\" data-fig-domain=\"LEFIGARO\">\u00a0drones de combat et drones leurres<\/a>, ainsi que neuf missiles de croisi\u00e8re, a rapport\u00e9 lundi l&rsquo;arm\u00e9e de l&rsquo;air dans un communiqu\u00e9. L\u2019arm\u00e9e a affirm\u00e9 avoir abattu ces neuf missiles et 233 drones. En outre, 55 autres drones ont \u00e9t\u00e9 brouill\u00e9s par la d\u00e9fense a\u00e9rienne ou sont tomb\u00e9s sans faire de d\u00e9g\u00e2ts, a-t-elle ajout\u00e9. Cinq sites ont \u00e9t\u00e9 touch\u00e9s par les projectiles russes et dix autres par des d\u00e9bris de drones abattus, a ajout\u00e9 cette source.<\/p>\n<p class=\"fig-paragraph\">L\u2019arm\u00e9e russe a intensifi\u00e9 ses<a href=\"https:\/\/www.lefigaro.fr\/international\/guerre-en-ukraine-kiev-s-inquiete-de-l-intensification-par-moscou-des-attaques-aeriennes-meurtrieres-20240328\" target=\"_blank\" data-fig-type=\"Article\" rel=\"noopener nofollow\" data-gtm-custom-categorie=\"navigation\" data-gtm-custom-action=\"crossclick\" data-gtm-custom-label=\"Contextuel\" data-gtm-event=\"customEventSPE\" data-fig-domain=\"LEFIGARO\">\u00a0attaques a\u00e9riennes contre l\u2019Ukraine<\/a>\u00a0ces derniers jours. Il s\u2019agit de la troisi\u00e8me vague de bombardements nocturnes massifs men\u00e9s d\u2019affil\u00e9e depuis vendredi par Moscou contre son voisin ukrainien, au moment o\u00f9 les deux pays proc\u00e9daient durant tout le week-end \u00e0 un \u00e9change massif de prisonniers.<\/p>\n<p class=\"fig-paragraph\">Dans la nuit de samedi \u00e0 dimanche, le pays a subi une attaque combin\u00e9e de 367 projectiles, dont 69 missiles et 298 drones. Une attaque qui avait \u00e9tabli le pr\u00e9c\u00e9dent record du nombre de drones russes lanc\u00e9s en une nuit sur l\u2019<a href=\"http:\/\/www.lefigaro.fr\/international\/en-ukraine-l-attente-et-l-emotion-des-familles-au-retour-des-soldats-echanges-avec-les-russes-20250525\" target=\"_blank\" data-fig-type=\"Article\" rel=\"noopener nofollow\" data-gtm-custom-categorie=\"navigation\" data-gtm-custom-action=\"crossclick\" data-gtm-custom-label=\"Contextuel\" data-gtm-event=\"customEventSPE\" data-fig-domain=\"LEFIGARO\">Ukrain<\/a>e et a fait au moins 13 morts, dont trois enfants. La nuit pr\u00e9c\u00e9dente, la Russie avait lanc\u00e9 250 drones et 14 missiles sur le pays.<\/p>\n<p><strong>La Finlande convoque l\u2019ambassadeur de Russie pour une possible violation de l\u2019espace a\u00e9rien<\/strong><\/p>\n<p class=\"fig-paragraph\">Le minist\u00e8re finlandais des Affaires \u00e9trang\u00e8res a annonc\u00e9 lundi qu\u2019il avait convoqu\u00e9 l\u2019ambassadeur de Russie en raison de la possible violation de l\u2019espace a\u00e9rien finlandais par deux avions militaires russes la semaine derni\u00e8re.<\/p>\n<p class=\"fig-paragraph\">\u00abLe minist\u00e8re finlandais des Affaires \u00e9trang\u00e8res a convoqu\u00e9 aujourd\u2019hui l\u2019ambassadeur de Russie et lui a demand\u00e9 des explications concernant la violation pr\u00e9sum\u00e9e de l\u2019espace a\u00e9rien\u00bb, a-t-il indiqu\u00e9 sur X, en r\u00e9f\u00e9rence au passage vendredi de deux avions militaires russes.<\/p>\n","protected":false},"excerpt":{"rendered":"LE POINT SUR LA SITUATION &#8211; \u00abCela signifie que l\u2019Ukraine peut d\u00e9sormais se d\u00e9fendre, par exemple en attaquant&hellip;\n","protected":false},"author":2,"featured_media":130548,"comment_status":"","ping_status":"","sticky":false,"template":"","format":"standard","meta":{"footnotes":""},"categories":[1590],"tags":[259,11,260,564,1777,674,131,14,261,12,262,220],"class_list":{"0":"post-130547","1":"post","2":"type-post","3":"status-publish","4":"format-standard","5":"has-post-thumbnail","7":"category-ukraine","8":"tag-actualite-internationale","9":"tag-actualites","10":"tag-affaires-etrangeres","11":"tag-drone","12":"tag-eu","13":"tag-europe","14":"tag-guerre-en-ukraine","15":"tag-international","16":"tag-ministere-des-affaires-etrangeres","17":"tag-news","18":"tag-politique-etrangere","19":"tag-ukraine"},"share_on_mastodon":{"url":"","error":""},"_links":{"self":[{"href":"https:\/\/www.europesays.com\/fr\/wp-json\/wp\/v2\/posts\/130547","targetHints":{"allow":["GET"]}}],"collection":[{"href":"https:\/\/www.europesays.com\/fr\/wp-json\/wp\/v2\/posts"}],"about":[{"href":"https:\/\/www.europesays.com\/fr\/wp-json\/wp\/v2\/types\/post"}],"author":[{"embeddable":true,"href":"https:\/\/www.europesays.com\/fr\/wp-json\/wp\/v2\/users\/2"}],"replies":[{"embeddable":true,"href":"https:\/\/www.europesays.com\/fr\/wp-json\/wp\/v2\/comments?post=130547"}],"version-history":[{"count":0,"href":"https:\/\/www.europesays.com\/fr\/wp-json\/wp\/v2\/posts\/130547\/revisions"}],"wp:featuredmedia":[{"embeddable":true,"href":"https:\/\/www.europesays.com\/fr\/wp-json\/wp\/v2\/media\/130548"}],"wp:attachment":[{"href":"https:\/\/www.europesays.com\/fr\/wp-json\/wp\/v2\/media?parent=130547"}],"wp:term":[{"taxonomy":"category","embeddable":true,"href":"https:\/\/www.europesays.com\/fr\/wp-json\/wp\/v2\/categories?post=130547"},{"taxonomy":"post_tag","embeddable":true,"href":"https:\/\/www.europesays.com\/fr\/wp-json\/wp\/v2\/tags?post=130547"}],"curies":[{"name":"wp","href":"https:\/\/api.w.org\/{rel}","templated":true}]}}