{"id":130557,"date":"2025-05-27T00:43:10","date_gmt":"2025-05-27T00:43:10","guid":{"rendered":"https:\/\/www.europesays.com\/fr\/130557\/"},"modified":"2025-05-27T00:43:10","modified_gmt":"2025-05-27T00:43:10","slug":"protection-des-consommateurs-europeens-shein-menacee-damendes","status":"publish","type":"post","link":"https:\/\/www.europesays.com\/fr\/130557\/","title":{"rendered":"Protection des consommateurs europ\u00e9ens : Shein menac\u00e9e d&rsquo;amendes"},"content":{"rendered":"<p>&#13;<br \/>\n                        Protection des consommateurs europ\u00e9ens : Shein menac\u00e9e d&rsquo;amendes&#13;\n                    <\/p>\n<p style=\"text-align:\">Fausses r\u00e9ductions, informations trompeuses&#8230; : l&rsquo;Union europ\u00e9enne a mis en cause lundi 26 mai le vendeur en ligne Shein, g\u00e9ant du pr\u00eat-\u00e0-porter tr\u00e8s bon march\u00e9, accus\u00e9 de pratiques contraires aux droits des consommateurs europ\u00e9ens et menac\u00e9 d&rsquo;amendes.<\/p>\n<p><a href=\"https:\/\/lecourrier.vn\/shein-vers-une-introduction-boursiere-a-pres-de-60-milliards-deuros-a-londres\/1252963.html\" title=\"Shein vers une introduction boursi\u00e8re \u00e0 pr\u00e8s de 60 milliards d&#039;euros \u00e0 Londres\" rel=\"nofollow noopener\" target=\"_blank\">&gt;&gt; Shein vers une introduction boursi\u00e8re \u00e0 pr\u00e8s de 60 milliards d&rsquo;euros \u00e0 Londres<\/a><\/p>\n<p><a href=\"https:\/\/lecourrier.vn\/mango-a-engrange-des-resultats-records-en-2024-malgre-une-forte-concurrence\/1278986.html\" title=\"Mango a engrang\u00e9 des r\u00e9sultats records en 2024, malgr\u00e9 une forte concurrence\" rel=\"nofollow noopener\" target=\"_blank\">&gt;&gt; Mango a engrang\u00e9 des r\u00e9sultats records en 2024, malgr\u00e9 une forte concurrence<\/a><\/p>\n<p style=\"text-align:left\">La plateforme d&rsquo;origine chinoise dispose maintenant d&rsquo;un mois pour r\u00e9pondre aux inqui\u00e9tudes soulev\u00e9es par la Commission europ\u00e9enne et les autorit\u00e9s de protection des consommateurs belge, fran\u00e7aise, irlandaise et n\u00e9erlandaise.<\/p>\n<tr>\n<td class=\"pic\"><img decoding=\"async\" class=\"lazyload\" src=\"https:\/\/www.europesays.com\/fr\/wp-content\/uploads\/2025\/05\/215523-shein.jpg\" alt=\"\"\/><\/td>\n<\/tr>\n<tr>\n<td class=\"caption\">Le logo de l&rsquo;application Shein, \u00e0 Francfort le 16 avril.\u00a0<\/td>\n<\/tr>\n<tr align=\"right\">\n<td class=\"author\">Photo : AFP\/VNA\/CVN<\/td>\n<\/tr>\n<p style=\"text-align:left\">Si le g\u00e9ant de la \u00ab\u00a0fast fashion\u00a0\u00bb \u00ab\u00a0ne r\u00e9pond pas aux pr\u00e9occupations soulev\u00e9es, les autorit\u00e9s nationales peuvent prendre des mesures coercitives\u00a0\u00bb, dont des amendes index\u00e9es sur le chiffre d&rsquo;affaires annuel de Shein dans les pays concern\u00e9s, indique la Commission.<\/p>\n<p style=\"text-align:left\">L&rsquo;Union europ\u00e9enne a lanc\u00e9 en f\u00e9vrier une enqu\u00eate sur cette plateforme en ligne, soup\u00e7onn\u00e9e de ne pas suffisamment lutter contre la vente de produits qui enfreignent les normes europ\u00e9ennes.<\/p>\n<p style=\"text-align:left\">Lundi 26 mai, la Commission a d\u00e9nonc\u00e9 un \u00ab\u00a0large \u00e9ventail\u00a0\u00bb d&rsquo;infractions potentielles, dont des \u00ab\u00a0faux rabais\u00a0\u00bb, des \u00ab\u00a0faux d\u00e9lais\u00a0\u00bb d&rsquo;achat pour pousser \u00e0 la consommation, des \u00ab\u00a0\u00e9tiquettes de produits trompeuses\u00a0\u00bb ou des \u00ab\u00a0all\u00e9gations trompeuses\u00a0\u00bb en mati\u00e8re de durabilit\u00e9 des produits.<\/p>\n<p style=\"text-align:left\">L&rsquo;UE souligne aussi que \u00ab\u00a0les consommateurs ne peuvent pas facilement contacter Shein pour des questions ou des plaintes\u00a0\u00bb.<\/p>\n<p style=\"text-align:left\">Dans un communiqu\u00e9 transmis \u00e0 l&rsquo;AFP, Shein a assur\u00e9 travailler \u00ab\u00a0de mani\u00e8re constructive avec les autorit\u00e9s nationales de protection des consommateurs et la Commission europ\u00e9enne pour d\u00e9montrer [son] engagement \u00e0 respecter les lois et r\u00e8glements de l&rsquo;Union europ\u00e9enne\u00a0\u00bb.<\/p>\n<p style=\"text-align:left\">\u00ab\u00a0Nous demeurons engag\u00e9s dans ce processus pour r\u00e9pondre \u00e0 toutes les pr\u00e9occupations. Notre priorit\u00e9 reste de garantir aux consommateurs europ\u00e9ens une exp\u00e9rience d&rsquo;achat en ligne s\u00fbre, fiable et agr\u00e9able\u00a0\u00bb, a ajout\u00e9 l&rsquo;entreprise.<\/p>\n<p style=\"text-align:left\">Le 20 mai, l&rsquo;UE a en outre propos\u00e9 d&rsquo;imposer des frais de 2 euros sur chaque petit colis entrant en Europe et actuellement exempt\u00e9s de droits de douane, ce qui affecterait des plateformes asiatiques comme Shein et Temu.<\/p>\n<p style=\"text-align:right\"><b>AFP\/VNA\/CVN<\/b><\/p>\n","protected":false},"excerpt":{"rendered":"&#13; Protection des consommateurs europ\u00e9ens : Shein menac\u00e9e d&rsquo;amendes&#13; Fausses r\u00e9ductions, informations trompeuses&#8230; : l&rsquo;Union europ\u00e9enne a mis&hellip;\n","protected":false},"author":2,"featured_media":130558,"comment_status":"","ping_status":"","sticky":false,"template":"","format":"standard","meta":{"footnotes":""},"categories":[1586],"tags":[11,7622,1067,1777,674,1779,1011,27,12,25,1104,1778,364],"class_list":{"0":"post-130557","1":"post","2":"type-post","3":"status-publish","4":"format-standard","5":"has-post-thumbnail","7":"category-europe","8":"tag-actualites","9":"tag-amendes","10":"tag-enquete","11":"tag-eu","12":"tag-europe","13":"tag-european-union","14":"tag-fr","15":"tag-france","16":"tag-news","17":"tag-republique-francaise","18":"tag-shein","19":"tag-ue","20":"tag-union-europeenne"},"share_on_mastodon":{"url":"https:\/\/pubeurope.com\/@fr\/114577028125982316","error":""},"_links":{"self":[{"href":"https:\/\/www.europesays.com\/fr\/wp-json\/wp\/v2\/posts\/130557","targetHints":{"allow":["GET"]}}],"collection":[{"href":"https:\/\/www.europesays.com\/fr\/wp-json\/wp\/v2\/posts"}],"about":[{"href":"https:\/\/www.europesays.com\/fr\/wp-json\/wp\/v2\/types\/post"}],"author":[{"embeddable":true,"href":"https:\/\/www.europesays.com\/fr\/wp-json\/wp\/v2\/users\/2"}],"replies":[{"embeddable":true,"href":"https:\/\/www.europesays.com\/fr\/wp-json\/wp\/v2\/comments?post=130557"}],"version-history":[{"count":0,"href":"https:\/\/www.europesays.com\/fr\/wp-json\/wp\/v2\/posts\/130557\/revisions"}],"wp:featuredmedia":[{"embeddable":true,"href":"https:\/\/www.europesays.com\/fr\/wp-json\/wp\/v2\/media\/130558"}],"wp:attachment":[{"href":"https:\/\/www.europesays.com\/fr\/wp-json\/wp\/v2\/media?parent=130557"}],"wp:term":[{"taxonomy":"category","embeddable":true,"href":"https:\/\/www.europesays.com\/fr\/wp-json\/wp\/v2\/categories?post=130557"},{"taxonomy":"post_tag","embeddable":true,"href":"https:\/\/www.europesays.com\/fr\/wp-json\/wp\/v2\/tags?post=130557"}],"curies":[{"name":"wp","href":"https:\/\/api.w.org\/{rel}","templated":true}]}}