{"id":13056,"date":"2025-04-09T16:26:13","date_gmt":"2025-04-09T16:26:13","guid":{"rendered":"https:\/\/www.europesays.com\/fr\/13056\/"},"modified":"2025-04-09T16:26:13","modified_gmt":"2025-04-09T16:26:13","slug":"apres-lexplosion-a-etretat-le-maire-emu","status":"publish","type":"post","link":"https:\/\/www.europesays.com\/fr\/13056\/","title":{"rendered":"apr\u00e8s l&rsquo;explosion \u00e0 \u00c9tretat, le maire \u00e9mu"},"content":{"rendered":"<p>            Par<br \/>\n        <strong><br \/>\n            <a href=\"https:\/\/actu.fr\/auteur\/louise-boutard\" title=\"Consulter tous les articles de Louise Boutard\" target=\"_blank\" rel=\"noopener\">Louise Boutard<\/a><br \/>\n        <\/strong><\/p>\n<p>        Publi\u00e9 le<\/p>\n<p>            8 avr. 2025 \u00e0 20h16        <\/p>\n<p>Apr\u00e8s <a href=\"https:\/\/actu.fr\/normandie\/etretat_76254\/explosion-et-violent-incendie-au-coeur-d-etretat-ce-que-l-on-sait-de-l-intervention-en-cours_62481241.html\" target=\"_blank\" rel=\"noopener\">l\u2019explosion ayant men\u00e9 \u00e0 un incendie<\/a> mardi 8\u00a0avril 2025 \u00e0 <a href=\"https:\/\/actu.fr\/normandie\/etretat_76254\" target=\"_blank\" rel=\"noopener\">\u00c9tretat (Seine-Maritime),<\/a> rue Notre-Dame, le maire Andr\u00e9 Baillard n\u2019a pas cach\u00e9 son \u00e9motion. Survenu en fin de matin\u00e9e, moment plut\u00f4t calme en <strong>tout d\u00e9but de saison touristique<\/strong> mais dans une rue tr\u00e8s passante, <a href=\"https:\/\/actu.fr\/normandie\/le-havre_76351\/carnaval-patisserie-sport-voici-nos-idees-sorties-pendant-les-vacances-au-havre_62450468.html\" target=\"_blank\" rel=\"noopener\">pendant des vacances scolaires<\/a>, avec seulement deux bless\u00e9s l\u00e9gers\u2026 La notion de \u00ab\u2009chance\u2009\u00bb \u00e9tait sur toutes les l\u00e8vres <a href=\"https:\/\/actu.fr\/normandie\/etretat_76254\/explosion-et-violent-incendie-au-coeur-d-etretat-ce-que-l-on-sait-de-l-intervention-en-cours_62481241.html\" target=\"_blank\" rel=\"noopener\">quelques heures apr\u00e8s l\u2019accident.<\/a><\/p>\n<p>Une explosion au gaz<\/p>\n<p class=\" wall-content\">\u00ab\u2009On \u00e9tait en r\u00e9union du CCAS, on a entendu le boum, raconte le maire. Aussit\u00f4t, <strong>on voyait par la fen\u00eatre l\u2019incendie sur la maison.<\/strong>\u2009\u00bb L\u2019accident s\u2019est d\u00e9roul\u00e9 \u00e0 quelques m\u00e8tres de la mairie. \u00ab\u2009On va passer la journ\u00e9e \u00e0 la mairie. On avait une r\u00e9union qu\u2019on a d\u00fb annuler, \u00e7a bouscule la vie municipale\u2009\u00bb, ajoute Andr\u00e9 Baillard. La mairie doit mettre \u00e0 disposition un lieu pour les riverains \u00e9vacu\u00e9s qui ne peuvent \u00eatre h\u00e9berg\u00e9s par des proches.<\/p>\n<p class=\" wall-content\">\u00ab\u2009C\u2019est une<strong> explosion au gaz,<\/strong> une entreprise qui fait des travaux et notamment des trous dans le mur. Ils n\u2019ont pas senti l\u2019odeur, mais la pi\u00e8ce s\u2019est remplie de gaz et le mur a explos\u00e9. Dans la rue, le mur est tomb\u00e9 sur <strong>une voiture qui est actuellement sous les d\u00e9combres<\/strong>\u2009\u00bb, relate Andr\u00e9 Baillard, maire d\u2019\u00c9tretat.<\/p>\n<p>      <img   decoding=\"async\" loading=\"lazy\" src=\"https:\/\/www.europesays.com\/fr\/wp-content\/uploads\/2025\/04\/incendie-etretat-960x640.jpg\" alt=\"Une explosion \u00e0 Etretat a provoqu\u00e9 un incendie et l'\u00e9boulement d'une fa\u00e7ade de maison mardi 8 avril 2025\" width=\"960\" height=\"640\"\/><br \/>\n    Une explosion \u00e0 Etretat a provoqu\u00e9 un incendie et l\u2019\u00e9boulement d\u2019une fa\u00e7ade de maison mardi 8\u00a0avril 2025 (\u00a9LB\/76actu)<\/p>\n<p class=\" wall-content\">En d\u00e9but d\u2019apr\u00e8s-midi, l\u2019\u00e9dile est encore <strong>sous le coup de l\u2019\u00e9motion<\/strong>. \u00ab\u2009Nous avons une bless\u00e9e et <strong>des gens psychologiquement touch\u00e9s.<\/strong> Je suis rest\u00e9 au pied du camion de secours, avec cette dame, pour lui expliquer que son maire \u00e9tait derri\u00e8re elle. Qu\u2019elle ne se sente pas seule\u2009\u00bb, d\u00e9clare-t-il.<\/p>\n<p>\u00ab\u2009S\u2019il y avait 10\u00a0personnes dans la rue\u2009?\u2009\u00bb<\/p>\n<p class=\" wall-content\"><strong>L\u2019odeur de br\u00fbl\u00e9 <\/strong>transport\u00e9e par le vent court jusqu\u2019aux parkings en entr\u00e9e de ville, et pourtant le danger est pass\u00e9, avec une centaine de pompiers encore en intervention sur place. Le passage dans le centre du village est interdit aux v\u00e9hicules, et notamment la D940, mais <strong>les touristes peuvent continuer \u00e0 circuler \u00e0 pied<\/strong>, sur le bord de mer et dans les commerces \u00e9loign\u00e9s de l\u2019incident.<\/p>\n<p class=\" wall-content\">\u00ab\u2009Vous imaginez si c\u2019\u00e9tait arriv\u00e9 en pleine saison quand il y a plein de monde, s\u2019il y avait 10\u00a0personnes dans la rue\u2009?\u2009\u00bb, s\u2019alarme le maire Andr\u00e9 Baillard. L\u2019ensemble des personnes pr\u00e9sentes ont pu souligner<strong> cette impression \u00ab\u2009d\u2019avoir \u00e9chapp\u00e9 au pire\u2009\u00bb,<\/strong> que l\u2019incident se soit d\u00e9roul\u00e9 avant la pleine saison o\u00f9 le village normand re\u00e7oit des milliers de visiteurs \u00e0 la journ\u00e9e. M\u00eame remarque chez les restaurateurs, qui, bien que g\u00ean\u00e9s dans leur travail, ont moins \u00e0 perdre en avril qu\u2019en ao\u00fbt.<\/p>\n<p class=\" wall-content\"><strong>Ce n\u2019est pas la premi\u00e8re fois<\/strong> qu\u2019un incendie dramatique se produit \u00e0 \u00c9tretat comme le rappelle le maire. <a href=\"https:\/\/actu.fr\/normandie\/etretat_76254\/une-maison-ravagee-par-les-flammes-a-etretat_54329372.html\" target=\"_blank\" rel=\"noopener\">En octobre\u00a02022, un p\u00e8re et sa fille de 14\u00a0ans<\/a> avaient trouv\u00e9 la mort dans leur maison en flammes au milieu de la nuit. \u00ab\u2009Cette fois, <strong>heureusement la dame est saine et sauve<\/strong>. Elle est choqu\u00e9e et c\u2019est bien normal\u2009\u00bb, note le maire.<\/p>\n<p>Suivez l\u2019actualit\u00e9 du\u00a0Havre sur <a href=\"https:\/\/www.whatsapp.com\/channel\/0029VaFqJYE8aKvLBwVrEe0o\" target=\"_blank\" rel=\"noopener\">notre cha\u00eene WhatsApp<\/a> et sur <a href=\"https:\/\/www.tiktok.com\/@76actu.fr?lang=fr\" target=\"_blank\" rel=\"noopener\">notre compte TikTok<\/a><\/p>\n<p class=\" wall-content\">Suivez toute l\u2019actualit\u00e9 de vos villes et m\u00e9dias favoris en vous inscrivant \u00e0 <a href=\"https:\/\/moncompte.actu.fr\" title=\"D\u00e9couvez Mon Actu\" rel=\"nofollow noopener\" data-trk=\"{&quot;cta&quot;:{&quot;action&quot;:&quot;https:\\\/\\\/moncompte.actu.fr&quot;,&quot;category&quot;:&quot;mon compte&quot;,&quot;from&quot;:&quot;article footer&quot;,&quot;name&quot;:&quot;Mon actu&quot;,&quot;type&quot;:&quot;cta&quot;}}\" target=\"_blank\">Mon Actu<\/a>.<\/p>\n<p>                    <script async src=\"\/\/www.tiktok.com\/embed.js\"><\/script><\/p>\n","protected":false},"excerpt":{"rendered":"Par Louise Boutard Publi\u00e9 le 8 avr. 2025 \u00e0 20h16 Apr\u00e8s l\u2019explosion ayant men\u00e9 \u00e0 un incendie mardi&hellip;\n","protected":false},"author":2,"featured_media":13057,"comment_status":"","ping_status":"","sticky":false,"template":"","format":"standard","meta":{"footnotes":""},"categories":[2],"tags":[11,1011,27,1310,12,1311,25,104,240],"class_list":{"0":"post-13056","1":"post","2":"type-post","3":"status-publish","4":"format-standard","5":"has-post-thumbnail","7":"category-actualites","8":"tag-actualites","9":"tag-fr","10":"tag-france","11":"tag-incendie","12":"tag-news","13":"tag-pompiers","14":"tag-republique-francaise","15":"tag-societe","16":"tag-temoignage"},"share_on_mastodon":{"url":"https:\/\/pubeurope.com\/@fr\/114308945246016416","error":""},"_links":{"self":[{"href":"https:\/\/www.europesays.com\/fr\/wp-json\/wp\/v2\/posts\/13056","targetHints":{"allow":["GET"]}}],"collection":[{"href":"https:\/\/www.europesays.com\/fr\/wp-json\/wp\/v2\/posts"}],"about":[{"href":"https:\/\/www.europesays.com\/fr\/wp-json\/wp\/v2\/types\/post"}],"author":[{"embeddable":true,"href":"https:\/\/www.europesays.com\/fr\/wp-json\/wp\/v2\/users\/2"}],"replies":[{"embeddable":true,"href":"https:\/\/www.europesays.com\/fr\/wp-json\/wp\/v2\/comments?post=13056"}],"version-history":[{"count":0,"href":"https:\/\/www.europesays.com\/fr\/wp-json\/wp\/v2\/posts\/13056\/revisions"}],"wp:featuredmedia":[{"embeddable":true,"href":"https:\/\/www.europesays.com\/fr\/wp-json\/wp\/v2\/media\/13057"}],"wp:attachment":[{"href":"https:\/\/www.europesays.com\/fr\/wp-json\/wp\/v2\/media?parent=13056"}],"wp:term":[{"taxonomy":"category","embeddable":true,"href":"https:\/\/www.europesays.com\/fr\/wp-json\/wp\/v2\/categories?post=13056"},{"taxonomy":"post_tag","embeddable":true,"href":"https:\/\/www.europesays.com\/fr\/wp-json\/wp\/v2\/tags?post=13056"}],"curies":[{"name":"wp","href":"https:\/\/api.w.org\/{rel}","templated":true}]}}