{"id":130562,"date":"2025-05-27T00:46:17","date_gmt":"2025-05-27T00:46:17","guid":{"rendered":"https:\/\/www.europesays.com\/fr\/130562\/"},"modified":"2025-05-27T00:46:17","modified_gmt":"2025-05-27T00:46:17","slug":"japonais-canadiens-la-france-recupere-les-voyageurs-mis-en-fuite-par-trump","status":"publish","type":"post","link":"https:\/\/www.europesays.com\/fr\/130562\/","title":{"rendered":"Japonais, Canadiens\u2026 La France r\u00e9cup\u00e8re les voyageurs mis en fuite par Trump"},"content":{"rendered":"<p><strong>TR\u00c8S TENDANCE &#8211; Le tourisme fran\u00e7ais profite d\u2019un report massif de voyageurs canadiens et japonais \u00e9vitant les Etats-Unis. Le minist\u00e8re pr\u00e9voit un nouveau record de fr\u00e9quentation apr\u00e8s les 100\u00a0millions de visiteurs en\u00a02024<\/strong><\/p>\n<p>Port\u00e9 par une dynamique internationale inattendue, le <a href=\"https:\/\/www.20minutes.fr\/dossier\/tourisme?at_medium=RSS%20feed&amp;at_campaign=ynews&amp;utm_source=yahoo&amp;utm_medium=rss&amp;utm_campaign=news_feed&amp;utm_content=in_article_link\" rel=\"nofollow noopener\" target=\"_blank\" data-ylk=\"slk:tourisme;elm:context_link;itc:0;sec:content-canvas\" class=\"link \">tourisme<\/a> fran\u00e7ais s\u00e9duit de plus en plus de visiteurs d\u00e9sireux d\u2019\u00e9viter les <a href=\"https:\/\/www.20minutes.fr\/monde\/etats-unis\/?at_medium=RSS%20feed&amp;at_campaign=ynews&amp;utm_source=yahoo&amp;utm_medium=rss&amp;utm_campaign=news_feed&amp;utm_content=in_article_link\" rel=\"nofollow noopener\" target=\"_blank\" data-ylk=\"slk:Etats-Unis;elm:context_link;itc:0;sec:content-canvas\" class=\"link \">Etats-Unis<\/a> de Donald Trump. \u00ab\u00a0Nous voyons arriver 30\u00a0% de plus de touristes canadiens et japonais, parce qu\u2019ils ne souhaitent pas aujourd\u2019hui visiter les Etats-Unis de Trump\u00a0\u00bb, a d\u00e9clar\u00e9 lundi Nathalie Delattre, ministre d\u00e9l\u00e9gu\u00e9e au Tourisme, en d\u00e9placement en Corse.<\/p>\n<p>Selon elle, la France b\u00e9n\u00e9ficie pleinement de cette \u00ab\u00a0man\u0153uvre d\u2019\u00e9vitement\u00a0\u00bb initi\u00e9e par certains voyageurs, notamment en provenance du <a href=\"https:\/\/www.20minutes.fr\/dossier\/japon?at_medium=RSS%20feed&amp;at_campaign=ynews&amp;utm_source=yahoo&amp;utm_medium=rss&amp;utm_campaign=news_feed&amp;utm_content=in_article_link\" rel=\"nofollow noopener\" target=\"_blank\" data-ylk=\"slk:Japon;elm:context_link;itc:0;sec:content-canvas\" class=\"link \">Japon<\/a> et du <a href=\"https:\/\/www.20minutes.fr\/dossier\/canada?at_medium=RSS%20feed&amp;at_campaign=ynews&amp;utm_source=yahoo&amp;utm_medium=rss&amp;utm_campaign=news_feed&amp;utm_content=in_article_link\" rel=\"nofollow noopener\" target=\"_blank\" data-ylk=\"slk:Canada;elm:context_link;itc:0;sec:content-canvas\" class=\"link \">Canada<\/a>, mais aussi de l\u2019arriv\u00e9e de \u00ab\u00a0touristes \u00e9mergents\u00a0\u00bb, comme les Br\u00e9siliens. Un effet d\u2019aubaine que le gouvernement entend pleinement exploiter\u00a0: \u00ab\u00a0Nous allons pouvoir leur d\u00e9montrer l\u2019hospitalit\u00e9 \u00e0 la fran\u00e7aise\u00a0\u00bb, a-t-elle affirm\u00e9 lors d\u2019un point presse dans la citadelle d\u2019Ajaccio.<\/p>\n<p>Des r\u00e9servations estivales \u00ab\u00a0bonnes\u00a0\u00bb<\/p>\n<p>Malgr\u00e9 l\u2019absence de grands \u00e9v\u00e9nements internationaux en\u00a02025, Nathalie Delattre se montre confiante\u00a0: \u00ab\u00a0Les r\u00e9servations estivales s\u2019annoncent tr\u00e8s bonnes\u00a0\u00bb et la France \u00ab\u00a0peut esp\u00e9rer battre encore un record\u00a0\u00bb, apr\u00e8s avoir franchi la barre symbolique des 100\u00a0millions de visiteurs en\u00a02024, ann\u00e9e olympique. Un chiffre en hausse de 12\u00a0% par rapport \u00e0\u00a02023.<\/p>\n<p>La ministre a \u00e9galement rappel\u00e9 le poids strat\u00e9gique de l\u2019\u00e9conomie touristique, qui repr\u00e9sente \u00ab\u00a08\u00a0% de notre richesse nationale\u00a0\u00bb, g\u00e9n\u00e8re \u00ab\u00a015\u00a0milliards dans notre balance commerciale\u00a0\u00bb et soutient \u00ab\u00a0deux millions d\u2019emplois\u00a0\u00bb. Elle a particuli\u00e8rement salu\u00e9 la Corse, (&#8230;)<\/p>\n<p><a href=\"https:\/\/www.20minutes.fr\/societe\/4155575-20250526-tourisme-japonais-canadiens-france-recupere-voyageurs-mis-fuite-trump?at_medium=RSS%20feed&amp;at_campaign=ynews&amp;utm_source=yahoo&amp;utm_medium=rss&amp;utm_campaign=news_feed&amp;utm_content=read_more_link&quot;\" rel=\"nofollow noopener\" target=\"_blank\" data-ylk=\"slk:Lire la suite sur 20minutes;elm:context_link;itc:0;sec:content-canvas\" class=\"link \">Lire la suite sur 20minutes<\/a><\/p>\n<p>\u00c0 lire aussi :<br \/><a href=\"https:\/\/www.20minutes.fr\/monde\/4155002-20250522-japon-predictions-troublantes-manga-font-fuir-touristes?at_medium=RSS%20feed&amp;at_campaign=ynews&amp;utm_source=yahoo&amp;utm_medium=rss&amp;utm_campaign=news_feed&amp;utm_content=related_content_link\" rel=\"nofollow noopener\" target=\"_blank\" data-ylk=\"slk:Japon\u00a0: Les pr\u00e9dictions troublantes d\u2019un manga font fuir les touristes;elm:context_link;itc:0;sec:content-canvas\" class=\"link \">Japon\u00a0: Les pr\u00e9dictions troublantes d\u2019un manga font fuir les touristes<\/a><br \/><a href=\"https:\/\/www.20minutes.fr\/monde\/4144874-20250323-donald-trump-etats-unis-attirent-moins-moins-touristes?at_medium=RSS%20feed&amp;at_campaign=ynews&amp;utm_source=yahoo&amp;utm_medium=rss&amp;utm_campaign=news_feed&amp;utm_content=related_content_link\" rel=\"nofollow noopener\" target=\"_blank\" data-ylk=\"slk:Avec Donald Trump, les Etats-Unis attirent de moins en moins de touristes;elm:context_link;itc:0;sec:content-canvas\" class=\"link \">Avec Donald Trump, les Etats-Unis attirent de moins en moins de touristes<\/a><\/p>\n","protected":false},"excerpt":{"rendered":"TR\u00c8S TENDANCE &#8211; Le tourisme fran\u00e7ais profite d\u2019un report massif de voyageurs canadiens et japonais \u00e9vitant les Etats-Unis.&hellip;\n","protected":false},"author":2,"featured_media":130563,"comment_status":"","ping_status":"","sticky":false,"template":"","format":"standard","meta":{"footnotes":""},"categories":[4],"tags":[11,75,73,1011,27,2070,24257,12,25,25487,8692],"class_list":{"0":"post-130562","1":"post","2":"type-post","3":"status-publish","4":"format-standard","5":"has-post-thumbnail","7":"category-france","8":"tag-actualites","9":"tag-donald-trump","10":"tag-etats-unis","11":"tag-fr","12":"tag-france","13":"tag-japon","14":"tag-nathalie-delattre","15":"tag-news","16":"tag-republique-francaise","17":"tag-tourisme-francais","18":"tag-voyageurs"},"share_on_mastodon":{"url":"https:\/\/pubeurope.com\/@fr\/114577039856185517","error":""},"_links":{"self":[{"href":"https:\/\/www.europesays.com\/fr\/wp-json\/wp\/v2\/posts\/130562","targetHints":{"allow":["GET"]}}],"collection":[{"href":"https:\/\/www.europesays.com\/fr\/wp-json\/wp\/v2\/posts"}],"about":[{"href":"https:\/\/www.europesays.com\/fr\/wp-json\/wp\/v2\/types\/post"}],"author":[{"embeddable":true,"href":"https:\/\/www.europesays.com\/fr\/wp-json\/wp\/v2\/users\/2"}],"replies":[{"embeddable":true,"href":"https:\/\/www.europesays.com\/fr\/wp-json\/wp\/v2\/comments?post=130562"}],"version-history":[{"count":0,"href":"https:\/\/www.europesays.com\/fr\/wp-json\/wp\/v2\/posts\/130562\/revisions"}],"wp:featuredmedia":[{"embeddable":true,"href":"https:\/\/www.europesays.com\/fr\/wp-json\/wp\/v2\/media\/130563"}],"wp:attachment":[{"href":"https:\/\/www.europesays.com\/fr\/wp-json\/wp\/v2\/media?parent=130562"}],"wp:term":[{"taxonomy":"category","embeddable":true,"href":"https:\/\/www.europesays.com\/fr\/wp-json\/wp\/v2\/categories?post=130562"},{"taxonomy":"post_tag","embeddable":true,"href":"https:\/\/www.europesays.com\/fr\/wp-json\/wp\/v2\/tags?post=130562"}],"curies":[{"name":"wp","href":"https:\/\/api.w.org\/{rel}","templated":true}]}}