{"id":130568,"date":"2025-05-27T00:52:12","date_gmt":"2025-05-27T00:52:12","guid":{"rendered":"https:\/\/www.europesays.com\/fr\/130568\/"},"modified":"2025-05-27T00:52:12","modified_gmt":"2025-05-27T00:52:12","slug":"motogp-la-nouvelle-grille-de-depart-apres-les-3-places-de-penalite-infligees-au-pilote-ducati","status":"publish","type":"post","link":"https:\/\/www.europesays.com\/fr\/130568\/","title":{"rendered":"MotoGP La nouvelle grille de d\u00e9part apr\u00e8s les 3 places de p\u00e9nalit\u00e9 inflig\u00e9es au pilote Ducati"},"content":{"rendered":"<p>Contrairement \u00e0 la grille du sprint, celle de la course principale du Grand-Prix de Grande Bretagne de MotoGP a \u00e9t\u00e9 modifi\u00e9e, par rapport au r\u00e9sultat des qualifications. Car, vendredi dernier, Franco Morbidelli a \u00e9t\u00e9 sanctionn\u00e9 de trois places de p\u00e9nalit\u00e9, apr\u00e8s une g\u00eane manifeste, fait dont l\u2019int\u00e9ress\u00e9 est coutumier. Autre pilote sanctionn\u00e9 mais sans cons\u00e9quence sur le classement au d\u00e9part, En\u00e9a Bastianini, qui devra observer un long lap au d\u00e9but de l\u2019\u00e9preuve.<\/p>\n<p>MotoGP : Franco Morbidelli sort du top dix en Grande Bretagne<\/p>\n<p>Ce sont Marco Bezzecchi (Aprilia), Alex Rins (Yamaha) et Joan Mir (Honda), dans cet ordre, les grands b\u00e9n\u00e9ficiaires de la p\u00e9nalit\u00e9 que subira Franco Morbidelli sur la grille de d\u00e9part. Puisqu\u2019ils gagnent chacun une place. le pilote VR46, pour sa part,, perd donc sa dixi\u00e8me place pour glisser \u00e0 la treizi\u00e8me. De quoi lui compliquer la t\u00e2che, lui qui \u00e9tait d\u00e9j\u00e0 pass\u00e9 quelque peu \u00e0 c\u00f4t\u00e9 de sa s\u00e9ance qualificative. Toutefois, en d\u00e9pit de cette sanction, le transalpin reste optimiste pour la course d\u2019aujourd\u2019hui.<\/p>\n<blockquote class=\"twitter-tweet\">\n<p dir=\"ltr\" lang=\"en\">Proud of the fight, ready to push harder tomorrow \ud83d\udcaa\ud83c\udffb\ud83c\uddec\ud83c\udde7 <a href=\"https:\/\/twitter.com\/hashtag\/BritishGP?src=hash&amp;ref_src=twsrc%5Etfw\" target=\"_blank\" rel=\"noopener\">#BritishGP<\/a> <a href=\"https:\/\/twitter.com\/hashtag\/MotoGP?src=hash&amp;ref_src=twsrc%5Etfw\" target=\"_blank\" rel=\"noopener\">#MotoGP<\/a> <a href=\"https:\/\/twitter.com\/hashtag\/PertaminaEnduroVR46RacingTeam?src=hash&amp;ref_src=twsrc%5Etfw\" target=\"_blank\" rel=\"noopener\">#PertaminaEnduroVR46RacingTeam<\/a> <a href=\"https:\/\/twitter.com\/hashtag\/Silverstone?src=hash&amp;ref_src=twsrc%5Etfw\" target=\"_blank\" rel=\"noopener\">#Silverstone<\/a> <a href=\"https:\/\/t.co\/Kg5CmaaYb9\" target=\"_blank\">pic.twitter.com\/Kg5CmaaYb9<\/a><\/p>\n<p>\u2014 Pertamina Enduro VR46 Racing Team (@VR46RacingTeam) <a href=\"https:\/\/twitter.com\/VR46RacingTeam\/status\/1926355513140240552?ref_src=twsrc%5Etfw\" target=\"_blank\" rel=\"noopener\">May 24, 2025<\/a><\/p>\n<\/blockquote>\n<p>\u201cLe Sprint a \u00e9t\u00e9 difficile\u201c, commente Franky, revenant sur son sprint peu convaincant. \u201cJ\u2019ai eu un probl\u00e8me au premier tour et j\u2019ai perdu beaucoup de places. Ensuite, j\u2019ai eu du mal, car il est tr\u00e8s difficile de rebondir quand on est men\u00e9. Mais mes chronos n\u2019\u00e9taient pas mauvais. Nous sommes pass\u00e9s de la Q1 \u00e0 la Q3, ce qui est toujours difficile car il y a beaucoup de pilotes forts. \u00c0 ce moment-l\u00e0, sans aucune aspiration, nous avons r\u00e9alis\u00e9 un 58,2 secondes, \u00e0 seulement deux dixi\u00e8mes des premi\u00e8res lignes. Au vu de mes chronos en fin de course, je suis confiant pour demain. Nous devons encore progresser et nous pourrions peut-\u00eatre \u00eatre comp\u00e9titifs malgr\u00e9 la p\u00e9nalit\u00e9 de trois places sur la grille de d\u00e9part\u201c, concluait Morbidelli, peu perturb\u00e9 par la sanction dont il a \u00e9t\u00e9 victime, \u00e0 priori.<\/p>\n<p>Voici donc la nouvelle grille de d\u00e9part, suivant la d\u00e9cision des commissaires, \u00e0 Silverstone.<\/p>\n<p>1. Fabio Quartararo (FRA \/ Yamaha)<\/p>\n<p>2. Alex Marquez (ESP \/ Ducati-Gresini)<\/p>\n<p>3. Francesco Bagnaia (ITA \/ Ducati)<\/p>\n<p>4. Marc Marquez (ESP \/ Ducati)<\/p>\n<p>5. Fermin Aldeguer (ESP \/ Ducati-Gresini)<\/p>\n<p>6. Jack Miller (AUS \/ Yamaha-Pramac)<\/p>\n<p>7. Fabio Di Giannantonio (ITA \/ Ducati-VR46)<\/p>\n<p>8. Luca Marini (ITA \/ Honda)<\/p>\n<p>9. Johann Zarco (FRA \/ LCR Honda)<\/p>\n<p>10. Marco Bezzecchi (ITA \/ Aprilia)<\/p>\n<p>11. Alex Rins (ESP \/ Yamaha)<\/p>\n<p>12. Joan Mir (ESP \/ Honda) \u2013 3 places de p\u00e9nalit\u00e9<\/p>\n<p>13. Franco Morbidelli (ITA \/ VR46)<\/p>\n<p>14. Pedro Acosta (ESP \/ KTM)<\/p>\n<p>15. Miguel Oliveira (POR \/ Pramac)<\/p>\n<p>16. Raul Fernandez (ESP \/ Trackhouse Aprilia)<\/p>\n<p>17. Enea Bastianini (ITA \/ Tech 3)<\/p>\n<p>18. Maverick Vinales (ESP \/ Aprilia)<\/p>\n<p>19. Brad Binder (AFS \/ KTM)<\/p>\n<p>20. Lorenzo Savadori (ITA \/ Aprilia)<\/p>\n<p>21. Aleix Espargaro (ESP \/ Honda)<\/p>\n<p>22. Somkiat Chantra (THA \/ LCR Honda)<\/p>\n<p>Article publi\u00e9 le 25\/05\/2025 \u00e0 5h43<\/p>\n<p>                                                            <script async src=\"https:\/\/platform.twitter.com\/widgets.js\" charset=\"utf-8\"><\/script><\/p>\n","protected":false},"excerpt":{"rendered":"Contrairement \u00e0 la grille du sprint, celle de la course principale du Grand-Prix de Grande Bretagne de MotoGP&hellip;\n","protected":false},"author":2,"featured_media":130569,"comment_status":"","ping_status":"","sticky":false,"template":"","format":"standard","meta":{"footnotes":""},"categories":[1413],"tags":[1011,27,2128,1457,1456,1458,2129,60],"class_list":{"0":"post-130568","1":"post","2":"type-post","3":"status-publish","4":"format-standard","5":"has-post-thumbnail","7":"category-moto","8":"tag-fr","9":"tag-france","10":"tag-grille-de-depart","11":"tag-moto","12":"tag-motocycle","13":"tag-motogp","14":"tag-pu00e9nalitu00e9","15":"tag-sports"},"share_on_mastodon":{"url":"https:\/\/pubeurope.com\/@fr\/114577063648995741","error":""},"_links":{"self":[{"href":"https:\/\/www.europesays.com\/fr\/wp-json\/wp\/v2\/posts\/130568","targetHints":{"allow":["GET"]}}],"collection":[{"href":"https:\/\/www.europesays.com\/fr\/wp-json\/wp\/v2\/posts"}],"about":[{"href":"https:\/\/www.europesays.com\/fr\/wp-json\/wp\/v2\/types\/post"}],"author":[{"embeddable":true,"href":"https:\/\/www.europesays.com\/fr\/wp-json\/wp\/v2\/users\/2"}],"replies":[{"embeddable":true,"href":"https:\/\/www.europesays.com\/fr\/wp-json\/wp\/v2\/comments?post=130568"}],"version-history":[{"count":0,"href":"https:\/\/www.europesays.com\/fr\/wp-json\/wp\/v2\/posts\/130568\/revisions"}],"wp:featuredmedia":[{"embeddable":true,"href":"https:\/\/www.europesays.com\/fr\/wp-json\/wp\/v2\/media\/130569"}],"wp:attachment":[{"href":"https:\/\/www.europesays.com\/fr\/wp-json\/wp\/v2\/media?parent=130568"}],"wp:term":[{"taxonomy":"category","embeddable":true,"href":"https:\/\/www.europesays.com\/fr\/wp-json\/wp\/v2\/categories?post=130568"},{"taxonomy":"post_tag","embeddable":true,"href":"https:\/\/www.europesays.com\/fr\/wp-json\/wp\/v2\/tags?post=130568"}],"curies":[{"name":"wp","href":"https:\/\/api.w.org\/{rel}","templated":true}]}}