{"id":130576,"date":"2025-05-27T00:56:09","date_gmt":"2025-05-27T00:56:09","guid":{"rendered":"https:\/\/www.europesays.com\/fr\/130576\/"},"modified":"2025-05-27T00:56:09","modified_gmt":"2025-05-27T00:56:09","slug":"cannes-2025-pas-cool-la-menopause-romane-bohringer-attaquee-sur-son-physique-elle-a-la-meilleure-des-reponses","status":"publish","type":"post","link":"https:\/\/www.europesays.com\/fr\/130576\/","title":{"rendered":"Cannes 2025. \u201cPas cool la m\u00e9nopause\u201d : Romane Bohringer attaqu\u00e9e sur son physique, elle a la meilleure des r\u00e9ponses"},"content":{"rendered":"<p>La 78\u00e8me \u00e9dition du <a href=\"https:\/\/www.closermag.fr\/people\/cannes-2025-ca-hurlait-scene-dhorreur-au-festival-encore-a-cause-de-julia-ducournau-3547017\" target=\"_blank\" rel=\"noopener\"><br \/>\nFestival de Cannes<\/a> s&rsquo;est tenue du 13 au 24 mai. Tous les jours,<br \/>\nde <a href=\"https:\/\/www.telestar.fr\/people\/helene-darroze-trahie-par-son-micro-sur-rtl-pensant-etre-en-off-elle-balance-sur-une-grande-actrice-1724251\" target=\"_blank\" rel=\"noopener\"><br \/>\nEva Longoria<\/a> \u00e0 Virginie Efira en passant par M\u00e9lanie Laurent,<br \/>\n<strong>un parterre de stars a d\u00e9fil\u00e9 sur les marches du palais des<br \/>\nFestivals.<\/strong> Romane Bohringer \u00e9tait aussi de la partie. Elle<br \/>\n\u00e9tait venue pr\u00e9senter son film Dites lui que je l&rsquo;aime.<br \/>\nMais apr\u00e8s son passage, l&rsquo;actrice n&rsquo;a pas \u00e9chapp\u00e9 aux commentaires<br \/>\nridicules de certains internautes. Nombreux ont fait preuve de<br \/>\n<strong>sexisme, d&rsquo;\u00e2gisme<\/strong>, ou tout simplement de<br \/>\n<strong>m\u00e9chancet\u00e9<\/strong> \u00e0 son \u00e9gard.<\/p>\n<p>\u00ab\u00a0Je ne l&rsquo;ai pas reconnue\u00a0\u00bb, \u00ab\u00a0on dirait une m\u00e9m\u00e8re\u00a0\u00bb, \u00ab\u00a0elle a<br \/>\npris au moins 30 kilos\u00a0\u00bb, \u00ab\u00a0pas cool la m\u00e9nopoause\u00a0\u00bb, peut-on<br \/>\nnotamment lire sous un article qui concerne son passage. La m\u00e8re de<br \/>\nRose et de Raoul a pr\u00e9f\u00e9r\u00e9 en rire. Dimanche 25 mai, jour de la<br \/>\nf\u00eate des m\u00e8res, <strong>elle a choisi d&rsquo;y r\u00e9pondre de la meilleure<br \/>\ndes fa\u00e7ons<\/strong>. Sur son compte Instagram, elle a repartag\u00e9 cet<br \/>\narticle qui compile les attaques sur son physique. \u00ab\u00a0Bonne f\u00eate<br \/>\ndes m\u00e9m\u00e8res !!!\u00a0\u00bb, a-t-elle \u00e9crit en l\u00e9gende, ironique.<br \/>\nL&rsquo;humour contre la haine.<\/p>\n<p>Romane Borhinger attaqu\u00e9e sur son physique : des actrices<br \/>\nmontent au cr\u00e9neau pour la d\u00e9fendre<\/p>\n<p>Malgr\u00e9 les suppos\u00e9s progr\u00e8s, l&rsquo;\u00e2gisme et le sexisme ne sont<br \/>\njamais loin. Tous les jours, la Toile le montre tristement.<br \/>\n<strong>Elle se permet des remarques hors-temps<\/strong> sur \u00e0<br \/>\npropos du physique de stars comme <a href=\"https:\/\/www.closermag.fr\/people\/sophie-davant-william-leymergie-pas-si-jaloux-elle-retrouve-pierre-sled-pour-une-belle-occasion-3534450\" target=\"_blank\" rel=\"noopener\"><br \/>\nSophie Davant<\/a>, B\u00e9atrice Dalle, ou encore Madonna. Souvent, ces<br \/>\nderni\u00e8res pr\u00e9f\u00e8rent en rire.<\/p>\n<p>En commentaires de la publication de <a href=\"https:\/\/www.closermag.fr\/evenement\/cannes-2025-romane-bohringer-reapparait-elle-twiste-un-objet-ultra-populaire-pour-laccorder-a-son-look-tres-rock-3546471\" target=\"_blank\" rel=\"noopener\"><br \/>\nRomane Bohringer<\/a>, de nombreux messages de soutien sont apparus.<br \/>\n\u00ab\u00a0Quelle brutalit\u00e9 rance !<br \/>Tu es magnifique Romane et extraordinaire en photo, dans la<br \/>\nvie, de l&rsquo;int\u00e9rieur, dans tes films, dans ce que tu dis et<br \/>\nfais. <strong>Nous avan\u00e7ons dans la vie et les signes de<br \/>\nl&rsquo;\u00e2ge<\/strong> avec , toutes et tous &#8230; C&rsquo;est \u00e7a qui est sublime<br \/>\net je serais curieuse de voir la gueule de ces gens et celle de<br \/>\nleurs \u00e2mes&#8230; <strong>J&rsquo;ai comme l&rsquo;intuition que je ne serai en<br \/>\neffet pas \u00e9clabouss\u00e9e de beaut\u00e9<\/strong>\u00ab\u00a0, a par exemple \u00e9crit<br \/>\nla chanteuse Emily Loizeau.\u00a0\u00ab\u00a0Je n&rsquo;ai vu et je ne vois que<br \/>\nta beaut\u00e9\u00a0\u00bb, a confirm\u00e9 Sandrine Kiberlain.<\/p>\n<p>Une artiste compl\u00e8te<\/p>\n<p>\nArtiste compl\u00e8te, <strong>Romane est \u00e9galement r\u00e9alisatrice et<br \/>\nsc\u00e9nariste.<\/strong><br \/>\nEn 2018, elle cor\u00e9alise L&rsquo;Amour<br \/>\nflou, inspir\u00e9 de sa propre exp\u00e9rience de coparentalit\u00e9 avec<br \/>\nPhilippe Rebbot, film qui conna\u00eet un succ\u00e8s critique et<br \/>\npublic.<br \/>\nEn 2025, elle pr\u00e9sente Dites-lui<br \/>\nque je l&rsquo;aime, adaptation du r\u00e9cit de Cl\u00e9mentine Autain, au<br \/>\nFestival de Cannes .<\/p>\n","protected":false},"excerpt":{"rendered":"La 78\u00e8me \u00e9dition du Festival de Cannes s&rsquo;est tenue du 13 au 24 mai. Tous les jours, de&hellip;\n","protected":false},"author":2,"featured_media":130577,"comment_status":"","ping_status":"","sticky":false,"template":"","format":"standard","meta":{"footnotes":""},"categories":[1359],"tags":[548,58,59,5634,1011,27,973,25488],"class_list":{"0":"post-130576","1":"post","2":"type-post","3":"status-publish","4":"format-standard","5":"has-post-thumbnail","7":"category-people","8":"tag-article-simple","9":"tag-divertissement","10":"tag-entertainment","11":"tag-festival-de-cannes","12":"tag-fr","13":"tag-france","14":"tag-people","15":"tag-romane-bohringer"},"share_on_mastodon":{"url":"https:\/\/pubeurope.com\/@fr\/114577079361702654","error":""},"_links":{"self":[{"href":"https:\/\/www.europesays.com\/fr\/wp-json\/wp\/v2\/posts\/130576","targetHints":{"allow":["GET"]}}],"collection":[{"href":"https:\/\/www.europesays.com\/fr\/wp-json\/wp\/v2\/posts"}],"about":[{"href":"https:\/\/www.europesays.com\/fr\/wp-json\/wp\/v2\/types\/post"}],"author":[{"embeddable":true,"href":"https:\/\/www.europesays.com\/fr\/wp-json\/wp\/v2\/users\/2"}],"replies":[{"embeddable":true,"href":"https:\/\/www.europesays.com\/fr\/wp-json\/wp\/v2\/comments?post=130576"}],"version-history":[{"count":0,"href":"https:\/\/www.europesays.com\/fr\/wp-json\/wp\/v2\/posts\/130576\/revisions"}],"wp:featuredmedia":[{"embeddable":true,"href":"https:\/\/www.europesays.com\/fr\/wp-json\/wp\/v2\/media\/130577"}],"wp:attachment":[{"href":"https:\/\/www.europesays.com\/fr\/wp-json\/wp\/v2\/media?parent=130576"}],"wp:term":[{"taxonomy":"category","embeddable":true,"href":"https:\/\/www.europesays.com\/fr\/wp-json\/wp\/v2\/categories?post=130576"},{"taxonomy":"post_tag","embeddable":true,"href":"https:\/\/www.europesays.com\/fr\/wp-json\/wp\/v2\/tags?post=130576"}],"curies":[{"name":"wp","href":"https:\/\/api.w.org\/{rel}","templated":true}]}}