{"id":130590,"date":"2025-05-27T01:03:08","date_gmt":"2025-05-27T01:03:08","guid":{"rendered":"https:\/\/www.europesays.com\/fr\/130590\/"},"modified":"2025-05-27T01:03:08","modified_gmt":"2025-05-27T01:03:08","slug":"la-fifa-interdit-lolympique-lyonnais-de-recrutement-pour-trois-periodes-de-mercato","status":"publish","type":"post","link":"https:\/\/www.europesays.com\/fr\/130590\/","title":{"rendered":"la FIFA interdit l\u2019Olympique lyonnais de recrutement pour trois p\u00e9riodes de mercato"},"content":{"rendered":"<p>Ce lundi, l\u2019OL a \u00e9t\u00e9 interdit de recrutement par la FIFA jusqu\u2019\u00e0 la fin de l\u2019\u00e9t\u00e9 2026.<\/p>\n<p class=\"fig-paragraph\">L&rsquo;<a href=\"http:\/\/www.lefigaro.fr\/sports\/football\/ligue-1\/le-domicile-d-un-joueur-de-l-olympique-lyonnais-cambriole-lors-du-dernier-match-samedi-20250518\" data-fig-type=\"NewsFlash\" data-gtm-custom-categorie=\"navigation\" data-gtm-custom-action=\"crossclick\" data-gtm-custom-label=\"Contextuel\" data-gtm-event=\"customEventSPE\" data-fig-domain=\"LEFIGARO\" target=\"_blank\" rel=\"noopener\">Olympique lyonnais<\/a>\u00a0a \u00e9t\u00e9 plac\u00e9 lundi sur la liste d&rsquo;interdiction d&rsquo;enregistrement de nouveaux joueurs de la\u00a0<a href=\"http:\/\/www.lefigaro.fr\/sports\/football\/transferts\/mercato-la-fifa-ouvre-une-fenetre-speciale-de-transferts-pour-le-mondial-des-clubs-20250521\" data-fig-type=\"NewsFlash\" data-gtm-custom-categorie=\"navigation\" data-gtm-custom-action=\"crossclick\" data-gtm-custom-label=\"Contextuel\" data-gtm-event=\"customEventSPE\" data-fig-domain=\"LEFIGARO\" target=\"_blank\" rel=\"noopener\">Fifa<\/a>, pour trois p\u00e9riodes de mercato soit jusqu&rsquo;\u00e0 la fin de l&rsquo;\u00e9t\u00e9 2026, pour une raison non pr\u00e9cis\u00e9e.<\/p>\n<p class=\"fig-paragraph\">Priv\u00e9 de Ligue des champions l&rsquo;an prochain mais qualifi\u00e9 pour la Ligue Europa, l&rsquo;OL figure d\u00e9sormais parmi les 1.175 clubs vis\u00e9s par cette liste publique, \u00aben raison de diff\u00e9rentes infractions, telles que les litiges financiers ou des entorses r\u00e9glementaires\u00bb. La Fifa ne publie aucune pr\u00e9cision sur chaque cas mais selon le journal\u00a0<a href=\"https:\/\/www.lequipe.fr\/Football\/Actualites\/Sanctionne-pour-une-dette-de-2-000-euros-par-la-fifa-l-ol-pourrait-etre-interdit-de-recrutement-jusqu-en-2027\/1565164\" target=\"_blank\" rel=\"nofollow noopener\" data-gtm-custom-categorie=\"navigation\" data-gtm-custom-action=\"crossclick\" data-gtm-custom-label=\"Contextuel\" data-gtm-event=\"customEventSPE\">L&rsquo;Equipe<\/a>, la sanction visant Lyon est due \u00e0 \u00abune dette de 2.000 euros li\u00e9e \u00e0 un reliquat d&rsquo;indemnit\u00e9s de transfert\u00bb, que le club assure avoir \u00abr\u00e9gularis\u00e9e\u00bb.<\/p>\n<p class=\"fig-paragraph\">La formation lyonnaise avait d\u00e9j\u00e0 \u00e9t\u00e9 priv\u00e9e de recrutement en novembre dernier par la DNCG, gendarme financier du football fran\u00e7ais, et s&rsquo;\u00e9tait vue menacer d&rsquo;une r\u00e9trogradation en Ligue 2.<\/p>\n<p class=\"fig-paragraph\">Par ailleurs l&rsquo;OL, qui f\u00eate ses 75 ans cette ann\u00e9e, pourrait se voir interdire de coupe d&rsquo;Europe par l&rsquo;UEFA, l\u00e0 aussi pour ses finances d\u00e9faillantes. L&rsquo;instance europ\u00e9enne et le club discutent d&rsquo;un accord n\u00e9goci\u00e9 avec une amende de plusieurs millions d&rsquo;euros pour \u00e9viter d&rsquo;en arriver \u00e0 cette conclusion. Apr\u00e8s avoir enregistr\u00e9 75 millions d&rsquo;euros de recettes transferts l&rsquo;hiver dernier, l&rsquo;OL pourrait \u00eatre contraint de vendre des joueurs \u00e0 forte valeur marchande tels que Rayan Cherki et Malick Fofana.<\/p>\n","protected":false},"excerpt":{"rendered":"Ce lundi, l\u2019OL a \u00e9t\u00e9 interdit de recrutement par la FIFA jusqu\u2019\u00e0 la fin de l\u2019\u00e9t\u00e9 2026. L&rsquo;Olympique&hellip;\n","protected":false},"author":2,"featured_media":130591,"comment_status":"","ping_status":"","sticky":false,"template":"","format":"standard","meta":{"footnotes":""},"categories":[9],"tags":[525,1981,814,2269,2257,63,1011,27,3309,66,1307,955,1176,978,93,1980,60],"class_list":{"0":"post-130590","1":"post","2":"type-post","3":"status-publish","4":"format-standard","5":"has-post-thumbnail","7":"category-sports","8":"tag-calendrier","9":"tag-classement","10":"tag-direct","11":"tag-fifa","12":"tag-foot","13":"tag-football","14":"tag-fr","15":"tag-france","16":"tag-l1","17":"tag-ligue-1","18":"tag-lille","19":"tag-match","20":"tag-olympique-de-marseille","21":"tag-olympique-lyonnais","22":"tag-psg","23":"tag-resultats","24":"tag-sports"},"share_on_mastodon":{"url":"https:\/\/pubeurope.com\/@fr\/114577106881435817","error":""},"_links":{"self":[{"href":"https:\/\/www.europesays.com\/fr\/wp-json\/wp\/v2\/posts\/130590","targetHints":{"allow":["GET"]}}],"collection":[{"href":"https:\/\/www.europesays.com\/fr\/wp-json\/wp\/v2\/posts"}],"about":[{"href":"https:\/\/www.europesays.com\/fr\/wp-json\/wp\/v2\/types\/post"}],"author":[{"embeddable":true,"href":"https:\/\/www.europesays.com\/fr\/wp-json\/wp\/v2\/users\/2"}],"replies":[{"embeddable":true,"href":"https:\/\/www.europesays.com\/fr\/wp-json\/wp\/v2\/comments?post=130590"}],"version-history":[{"count":0,"href":"https:\/\/www.europesays.com\/fr\/wp-json\/wp\/v2\/posts\/130590\/revisions"}],"wp:featuredmedia":[{"embeddable":true,"href":"https:\/\/www.europesays.com\/fr\/wp-json\/wp\/v2\/media\/130591"}],"wp:attachment":[{"href":"https:\/\/www.europesays.com\/fr\/wp-json\/wp\/v2\/media?parent=130590"}],"wp:term":[{"taxonomy":"category","embeddable":true,"href":"https:\/\/www.europesays.com\/fr\/wp-json\/wp\/v2\/categories?post=130590"},{"taxonomy":"post_tag","embeddable":true,"href":"https:\/\/www.europesays.com\/fr\/wp-json\/wp\/v2\/tags?post=130590"}],"curies":[{"name":"wp","href":"https:\/\/api.w.org\/{rel}","templated":true}]}}