{"id":130598,"date":"2025-05-27T01:07:09","date_gmt":"2025-05-27T01:07:09","guid":{"rendered":"https:\/\/www.europesays.com\/fr\/130598\/"},"modified":"2025-05-27T01:07:09","modified_gmt":"2025-05-27T01:07:09","slug":"une-voiture-percute-des-pietons-lors-de-la-parade-du-titre-du-liverpool-fc","status":"publish","type":"post","link":"https:\/\/www.europesays.com\/fr\/130598\/","title":{"rendered":"une voiture percute des pi\u00e9tons lors de la parade du titre du Liverpool FC"},"content":{"rendered":"<p class=\"article-p mdl\">Une parade a \u00e9t\u00e9 organis\u00e9e, lundi 26 mai, pour f\u00eater la victoire de Premier League du Liverpool FC. <strong>Une voiture a fonc\u00e9 dans la foule<\/strong> et a percut\u00e9 plusieurs pi\u00e9tons dans le centre-ville. La police a indiqu\u00e9 qu&rsquo;<strong>un homme a \u00e9t\u00e9 arr\u00eat\u00e9<\/strong>, probablement le conducteur de la voiture. N\u00e9anmoins, on ne sait pas pour le moment s&rsquo;il y a des victimes.<\/p>\n<p class=\"article-p mdl\">Des images diffus\u00e9es montrent une voiture sombre foncer sur une foule compacte. Des cordons de police ont \u00e9t\u00e9 mis en place le long de la route, avec des ambulances et un camion de\u00a0<a class=\"link\" href=\"https:\/\/www.bbc.com\/news\/live\/cn5xnlkegz0t\" target=\"_blank\" rel=\"nofollow noopener\">pompiers<\/a>\u00a0\u00e9galement sur les lieux. Les secours, relay\u00e9s par la\u00a0<a class=\"link\" href=\"https:\/\/www.bbc.com\/news\/live\/cn5xnlkegz0t\" target=\"_blank\" rel=\"nofollow noopener\">BBC<\/a>, ont expliqu\u00e9 : \u00ab\u00a0Nous \u00e9valuons actuellement la situation et travaillons avec d&rsquo;autres membres des services d&rsquo;urgence. Notre priorit\u00e9 est de <strong>veiller \u00e0 ce que les gens re\u00e7oivent l\u2019aide m\u00e9dicale dont ils ont besoin<\/strong> le plus rapidement possible\u00a0\u00bb.\u00a0<\/p>\n<p class=\"article-p mdl\">Sur le r\u00e9seau social X, Keir Starmer, a d\u00e9crit <strong>des sc\u00e8nes \u00ab\u00a0effroyables \u00e0 Liverpool\u00a0\u00bb<\/strong>. \u00ab\u00a0Mes pens\u00e9es vont \u00e0 tous ceux qui sont bless\u00e9s ou touch\u00e9s. Je tiens \u00e0 remercier la police et les services d\u2019urgence pour leur r\u00e9ponse rapide et continue \u00e0 cet incident choquant\u00a0\u00bb, a-t-il ajout\u00e9.<\/p>\n<blockquote class=\"twitter-tweet\">\n<p lang=\"en\" dir=\"ltr\">The scenes in Liverpool are appalling \u2014 my thoughts are with all those injured or affected.<\/p>\n<p>I want to thank the police and emergency services for their swift and ongoing response to this shocking incident.<\/p>\n<p>I\u2019m being kept updated on developments and ask that we give the police\u2026<\/p>\n<p>\u2014 Keir Starmer (@Keir_Starmer) <a href=\"https:\/\/twitter.com\/Keir_Starmer\/status\/1927070642152640670?ref_src=twsrc%5Etfw\" rel=\"nofollow noopener\" target=\"_blank\">May 26, 2025<\/a><\/p><\/blockquote>\n<p>    La r\u00e9daction vous recommande<\/p>\n<p class=\"s-newsletter__title\">\n                L\u2019actualit\u00e9 par la r\u00e9daction de RTL dans votre bo\u00eete mail.\n            <\/p>\n<p class=\"s-newsletter__subtitle\">\n                Gr\u00e2ce \u00e0 votre compte RTL abonnez-vous \u00e0 la newsletter RTL info pour suivre toute l&rsquo;actualit\u00e9 au quotidien\n            <\/p>\n<p>\n                                    Lire la suite\n                                <\/p>\n<p>                            <script async src=\"https:\/\/platform.twitter.com\/widgets.js\" charset=\"utf-8\"><\/script><\/p>\n","protected":false},"excerpt":{"rendered":"Une parade a \u00e9t\u00e9 organis\u00e9e, lundi 26 mai, pour f\u00eater la victoire de Premier League du Liverpool FC.&hellip;\n","protected":false},"author":2,"featured_media":130599,"comment_status":"","ping_status":"","sticky":false,"template":"","format":"standard","meta":{"footnotes":""},"categories":[5],"tags":[11,118,107,1011,27,14,3490,12,473,28],"class_list":{"0":"post-130598","1":"post","2":"type-post","3":"status-publish","4":"format-standard","5":"has-post-thumbnail","7":"category-international","8":"tag-actualites","9":"tag-faits-divers","10":"tag-fil-info","11":"tag-fr","12":"tag-france","13":"tag-international","14":"tag-liverpool","15":"tag-news","16":"tag-royaume-uni","17":"tag-world"},"share_on_mastodon":{"url":"https:\/\/pubeurope.com\/@fr\/114577122628929865","error":""},"_links":{"self":[{"href":"https:\/\/www.europesays.com\/fr\/wp-json\/wp\/v2\/posts\/130598","targetHints":{"allow":["GET"]}}],"collection":[{"href":"https:\/\/www.europesays.com\/fr\/wp-json\/wp\/v2\/posts"}],"about":[{"href":"https:\/\/www.europesays.com\/fr\/wp-json\/wp\/v2\/types\/post"}],"author":[{"embeddable":true,"href":"https:\/\/www.europesays.com\/fr\/wp-json\/wp\/v2\/users\/2"}],"replies":[{"embeddable":true,"href":"https:\/\/www.europesays.com\/fr\/wp-json\/wp\/v2\/comments?post=130598"}],"version-history":[{"count":0,"href":"https:\/\/www.europesays.com\/fr\/wp-json\/wp\/v2\/posts\/130598\/revisions"}],"wp:featuredmedia":[{"embeddable":true,"href":"https:\/\/www.europesays.com\/fr\/wp-json\/wp\/v2\/media\/130599"}],"wp:attachment":[{"href":"https:\/\/www.europesays.com\/fr\/wp-json\/wp\/v2\/media?parent=130598"}],"wp:term":[{"taxonomy":"category","embeddable":true,"href":"https:\/\/www.europesays.com\/fr\/wp-json\/wp\/v2\/categories?post=130598"},{"taxonomy":"post_tag","embeddable":true,"href":"https:\/\/www.europesays.com\/fr\/wp-json\/wp\/v2\/tags?post=130598"}],"curies":[{"name":"wp","href":"https:\/\/api.w.org\/{rel}","templated":true}]}}