{"id":130600,"date":"2025-05-27T01:08:08","date_gmt":"2025-05-27T01:08:08","guid":{"rendered":"https:\/\/www.europesays.com\/fr\/130600\/"},"modified":"2025-05-27T01:08:08","modified_gmt":"2025-05-27T01:08:08","slug":"sandrine-rousseau-reflechira-a-une-candidature-en-cas-de-primaire-a-gauche","status":"publish","type":"post","link":"https:\/\/www.europesays.com\/fr\/130600\/","title":{"rendered":"Sandrine Rousseau \u00abr\u00e9fl\u00e9chira\u00bb \u00e0 une candidature en cas de primaire \u00e0 gauche"},"content":{"rendered":"<p>Invit\u00e9e lundi soir de LCP, la d\u00e9put\u00e9e \u00e9cologiste juge qu\u2019\u00abil n\u2019y a pas d\u2019autre solution\u00bb qu\u2019un processus de d\u00e9partage \u00e0 gauche pour unir son camp d\u00e8s le premier tour de la pr\u00e9sidentielle.<\/p>\n<p class=\"fig-paragraph\">Une candidate de plus bient\u00f4t sur la ligne de d\u00e9part vers l&rsquo;\u00c9lys\u00e9e\u00a0? \u00c0 deux ans de l\u2019\u00e9lection pr\u00e9sidentielle, les ambitions s\u2019affirment dans tous les camps. Du c\u00f4t\u00e9 du bloc central, la concurrence est rude\u00a0: \u00c9douard Philippe, Gabriel Attal ou G\u00e9rald Darmanin se disputent la t\u00eate d\u2019affiche. Au Rassemblement national (RN), l\u2019incertitude r\u00e8gne, le parti \u00e0 la flamme n\u2019\u00e9tant pas en mesure de dire &#8211; ni m\u00eame de savoir &#8211; qui de Marine Le Pen ou de\u00a0<a href=\"http:\/\/www.lefigaro.fr\/actualite-france\/entre-marine-le-pen-et-jordan-bardella-l-inconfortable-cohabitation-20250514\" data-fig-type=\"Article\" data-gtm-custom-categorie=\"navigation\" data-gtm-custom-action=\"crossclick\" data-gtm-custom-label=\"Contextuel\" data-gtm-event=\"customEventSPE\" data-fig-domain=\"LEFIGARO\" target=\"_blank\" rel=\"noopener\">Jordan Bardella<\/a>\u00a0portera ses couleurs en 2027.<\/p>\n<p class=\"fig-paragraph\">En parall\u00e8le, quelques voix \u00e0 gauche tentent, contre vents et mar\u00e9es, d\u2019unir leur camp dans l\u2019espoir de le qualifier au second tour de la pr\u00e9sidentielle. Ce qui n\u2019est pas arriv\u00e9 depuis celle de 2012 et le face-\u00e0-face entre Nicolas Sarkozy (UMP, ex-LR) et Fran\u00e7ois Hollande (PS). Quelques jours apr\u00e8s la proposition du d\u00e9put\u00e9 (ex-insoumis)\u00a0<a href=\"http:\/\/www.lefigaro.fr\/politique\/de-poutou-a-hollande-pour-2027-ruffin-veut-lancer-une-primaire-de-la-gauche-et-compte-la-gagner-20250520\" data-fig-type=\"NewsFlash\" data-gtm-custom-categorie=\"navigation\" data-gtm-custom-action=\"crossclick\" data-gtm-custom-label=\"Contextuel\" data-gtm-event=\"customEventSPE\" data-fig-domain=\"LEFIGARO\" target=\"_blank\" rel=\"noopener\">Fran\u00e7ois Ruffin<\/a>\u00a0d\u2019organiser une large primaire allant de \u00abPoutou \u00e0 Hollande\u00bb, les responsables politiques concern\u00e9s commencent \u00e0 se positionner sur la question.<\/p>\n<p class=\"fig-paragraph\">Invit\u00e9e lundi soir de LCP, sa coll\u00e8gue \u00e9cologiste Sandrine Rousseau s\u2019est montr\u00e9e int\u00e9ress\u00e9e. Si un tel processus de d\u00e9partage \u00e9tait organis\u00e9, \u00abje pense que j\u2019y r\u00e9fl\u00e9chirai\u00bb, a d\u00e9clar\u00e9 l\u2019\u00e9lue de Paris, qui avait d\u00e9j\u00e0 particip\u00e9 \u00e0 la primaire d\u2019EELV \u00e0 l\u2019automne 2021, quelques mois avant la derni\u00e8re pr\u00e9sidentielle. Un scrutin alors r\u00e9serv\u00e9 aux seuls adh\u00e9rents du mouvement \u00e0 la fleur, que la d\u00e9put\u00e9e NFP avait perdue de justesse, recueillant pr\u00e8s de 49% des voix face \u00e0 Yannick Jadot. Quatre ans plus tard, celle qui se revendique \u00ab\u00e9cof\u00e9ministe\u00bb plaide pour une primaire \u00abla plus ouverte possible\u00bb avec \u00abplusieurs candidatures\u00bb. \u00abJe ne veux pas que ce soit un rapport de force ou un conclave, mais que ce soit un d\u00e9bat d\u00e9mocratique qui int\u00e9resse aussi sur les sujets de gauche\u00bb, a-t-elle pr\u00e9cis\u00e9.<\/p>\n<p>\u00abSeule solution\u00bb<\/p>\n<p class=\"fig-paragraph\">Alors que la gauche semble aborder la prochaine pr\u00e9sidentielle en ordre dispers\u00e9 &#8211; un sc\u00e9nario qui, \u00e0 ce stade, l\u2019\u00e9liminerait d\u00e8s le premier tour selon plusieurs sondages &#8211; , Sandrine Rousseau l\u2019assure\u00a0: \u00abIl n\u2019y a pas d\u2019autre solution\u00bb que la primaire. \u00abNous ne sommes pas d\u2019accord sur certains aspects programmatiques, il n\u2019y a pas de doute l\u00e0-dessus. Mais ce qui a \u00e9t\u00e9 mis en t\u00eate apr\u00e8s la dissolution, c\u2019est une gauche unie avec nos diff\u00e9rences parce que et Poutou et Hollande \u00e9taient candidats du Nouveau Front populaire\u00bb, rappelle-t-elle, en r\u00e9f\u00e9rence \u00e0 la coalition b\u00e2tie entre socialistes, Insoumis, \u00e9cologistes et communistes lors des l\u00e9gislatives de l\u2019\u00e9t\u00e9 2024.<\/p>\n<p class=\"fig-paragraph\">Si le coordinateur de La France Insoumise\u00a0<a href=\"http:\/\/www.lefigaro.fr\/presidentielle-2027-manuel-bompard-lfi-ferme-la-porte-a-une-primaire-de-la-gauche-20250525\" data-fig-type=\"Article\" data-gtm-custom-categorie=\"navigation\" data-gtm-custom-action=\"crossclick\" data-gtm-custom-label=\"Contextuel\" data-gtm-event=\"customEventSPE\" data-fig-domain=\"LEFIGARO\" target=\"_blank\" rel=\"noopener\">Manuel Bompard<\/a>\u00a0a clairement ferm\u00e9 la porte ce dimanche \u00e0 la participation de son mouvement \u00e0 une primaire de la gauche, lors du \u00abGrand Jury\u00bb RTL-Le Figaro-M6-Public S\u00e9nat &#8211; une position partag\u00e9e par l\u2019eurod\u00e9put\u00e9 Rapha\u00ebl Gluckmann pour son parti Place publique, Sandrine Rousseau persiste et signe\u00a0: \u00abC\u2019est la seule solution\u00bb. \u00abC\u2019est une primaire dont il faut accepter l\u2019augure et le r\u00e9sultat\u00bb, a-t-elle ajout\u00e9.<\/p>\n","protected":false},"excerpt":{"rendered":"Invit\u00e9e lundi soir de LCP, la d\u00e9put\u00e9e \u00e9cologiste juge qu\u2019\u00abil n\u2019y a pas d\u2019autre solution\u00bb qu\u2019un processus de&hellip;\n","protected":false},"author":2,"featured_media":130601,"comment_status":"","ping_status":"","sticky":false,"template":"","format":"standard","meta":{"footnotes":""},"categories":[4],"tags":[11,426,427,422,423,1011,27,418,424,425,420,421,12,419,316,3766,429,25,6522,428],"class_list":{"0":"post-130600","1":"post","2":"type-post","3":"status-publish","4":"format-standard","5":"has-post-thumbnail","7":"category-france","8":"tag-actualites","9":"tag-candidat","10":"tag-candidats","11":"tag-depute","12":"tag-deputes","13":"tag-fr","14":"tag-france","15":"tag-gouvernement","16":"tag-institution","17":"tag-institutions","18":"tag-loi","19":"tag-lois","20":"tag-news","21":"tag-opposition","22":"tag-politique","23":"tag-presidentielle","24":"tag-ps","25":"tag-republique-francaise","26":"tag-sandrine-rousseau","27":"tag-ump"},"share_on_mastodon":{"url":"https:\/\/pubeurope.com\/@fr\/114577126889897936","error":""},"_links":{"self":[{"href":"https:\/\/www.europesays.com\/fr\/wp-json\/wp\/v2\/posts\/130600","targetHints":{"allow":["GET"]}}],"collection":[{"href":"https:\/\/www.europesays.com\/fr\/wp-json\/wp\/v2\/posts"}],"about":[{"href":"https:\/\/www.europesays.com\/fr\/wp-json\/wp\/v2\/types\/post"}],"author":[{"embeddable":true,"href":"https:\/\/www.europesays.com\/fr\/wp-json\/wp\/v2\/users\/2"}],"replies":[{"embeddable":true,"href":"https:\/\/www.europesays.com\/fr\/wp-json\/wp\/v2\/comments?post=130600"}],"version-history":[{"count":0,"href":"https:\/\/www.europesays.com\/fr\/wp-json\/wp\/v2\/posts\/130600\/revisions"}],"wp:featuredmedia":[{"embeddable":true,"href":"https:\/\/www.europesays.com\/fr\/wp-json\/wp\/v2\/media\/130601"}],"wp:attachment":[{"href":"https:\/\/www.europesays.com\/fr\/wp-json\/wp\/v2\/media?parent=130600"}],"wp:term":[{"taxonomy":"category","embeddable":true,"href":"https:\/\/www.europesays.com\/fr\/wp-json\/wp\/v2\/categories?post=130600"},{"taxonomy":"post_tag","embeddable":true,"href":"https:\/\/www.europesays.com\/fr\/wp-json\/wp\/v2\/tags?post=130600"}],"curies":[{"name":"wp","href":"https:\/\/api.w.org\/{rel}","templated":true}]}}