{"id":130602,"date":"2025-05-27T01:09:09","date_gmt":"2025-05-27T01:09:09","guid":{"rendered":"https:\/\/www.europesays.com\/fr\/130602\/"},"modified":"2025-05-27T01:09:09","modified_gmt":"2025-05-27T01:09:09","slug":"ligue-des-champions-le-message-poignant-des-ultras-parisiens-avant-psg-inter","status":"publish","type":"post","link":"https:\/\/www.europesays.com\/fr\/130602\/","title":{"rendered":"Ligue des Champions, le message poignant des ultras parisiens avant PSG &#8211; Inter"},"content":{"rendered":"<p><a href=\"https:\/\/www.goal.com\/fr\/auteur\/bour-han-amoussa\/blt832e976143acfd87\" target=\"_blank\" rel=\"noopener\">Bour Han Amoussa<\/a><a class=\"tag_tag__bj3Yq component-tag h6\" title=\"Ligue des Champions\" data-testid=\"single-tag\" data-type=\"COMPETITION\" href=\"https:\/\/www.goal.com\/fr\/ligue-des-champions\/4oogyu6o156iphvdvphwpck10\" target=\"_blank\" rel=\"noopener\">Ligue des Champions<\/a><a class=\"tag_tag__bj3Yq component-tag h6\" title=\"Paris Saint-Germain vs Inter\" data-testid=\"single-tag\" data-type=\"MATCH\" href=\"https:\/\/www.goal.com\/fr\/match\/paris-saint-germain-vs-inter\/K2JK0v-x-VhGCPw0uzk5F\" target=\"_blank\" rel=\"noopener\">Paris Saint-Germain vs Inter<\/a><a class=\"tag_tag__bj3Yq component-tag h6\" title=\"Paris Saint-Germain\" data-testid=\"single-tag\" data-type=\"TEAM\" href=\"https:\/\/www.goal.com\/fr\/equipe\/paris-saint-germain\/2b3mar72yy8d6uvat1ka6tn3r\" target=\"_blank\" rel=\"noopener\">Paris Saint-Germain<\/a><a class=\"tag_tag__bj3Yq component-tag h6\" title=\"Inter\" data-testid=\"single-tag\" data-type=\"TEAM\" href=\"https:\/\/www.goal.com\/fr\/equipe\/inter\/3vo5mpj7catp66nrwwqiuhuup\" target=\"_blank\" rel=\"noopener\">Inter<\/a><\/p>\n<p data-testid=\"article-teaser\" class=\"article_teaser__rjxUK\">Les supporters du PSG ont lanc\u00e9, lundi, un appel \u00e0 l\u2019union en vue de la finale de Ligue des Champions contre l\u2019Inter Milan.<\/p>\n<p><a href=\"https:\/\/www.goal.com\/fr\/listes\/ligue-des-champions-comment-le-psg-prepare-sa-finale-contre-l-inter-milan\/blt1c411ce45898ae5c\" target=\"_self\" rel=\"noopener\">L\u2019effervescence monte \u00e0 Paris \u00e0 l\u2019approche de la finale de la Ligue des champions.<\/a> \u00c0 cinq jours du choc face \u00e0 l\u2019Inter Milan, le Collectif Ultras Paris (CUP) a pris la parole dans un communiqu\u00e9 empreint d\u2019\u00e9motion. Un appel solennel au \u00ab\u00a0peuple parisien\u00a0\u00bb, lanc\u00e9 pour unir la capitale derri\u00e8re le PSG dans ce moment que les supporters jugent d\u00e9j\u00e0 historique.<\/p>\n<p>L&rsquo;article continue ci-dessous<\/p>\n","protected":false},"excerpt":{"rendered":"Bour Han AmoussaLigue des ChampionsParis Saint-Germain vs InterParis Saint-GermainInter Les supporters du PSG ont lanc\u00e9, lundi, un appel&hellip;\n","protected":false},"author":2,"featured_media":130603,"comment_status":"","ping_status":"","sticky":false,"template":"","format":"standard","meta":{"footnotes":""},"categories":[2],"tags":[11,1011,27,10317,447,12,91,25361],"class_list":{"0":"post-130602","1":"post","2":"type-post","3":"status-publish","4":"format-standard","5":"has-post-thumbnail","7":"category-actualites","8":"tag-actualites","9":"tag-fr","10":"tag-france","11":"tag-inter","12":"tag-ligue-des-champions","13":"tag-news","14":"tag-paris-saint-germain","15":"tag-paris-saint-germain-vs-inter"},"share_on_mastodon":{"url":"https:\/\/pubeurope.com\/@fr\/114577130445500016","error":""},"_links":{"self":[{"href":"https:\/\/www.europesays.com\/fr\/wp-json\/wp\/v2\/posts\/130602","targetHints":{"allow":["GET"]}}],"collection":[{"href":"https:\/\/www.europesays.com\/fr\/wp-json\/wp\/v2\/posts"}],"about":[{"href":"https:\/\/www.europesays.com\/fr\/wp-json\/wp\/v2\/types\/post"}],"author":[{"embeddable":true,"href":"https:\/\/www.europesays.com\/fr\/wp-json\/wp\/v2\/users\/2"}],"replies":[{"embeddable":true,"href":"https:\/\/www.europesays.com\/fr\/wp-json\/wp\/v2\/comments?post=130602"}],"version-history":[{"count":0,"href":"https:\/\/www.europesays.com\/fr\/wp-json\/wp\/v2\/posts\/130602\/revisions"}],"wp:featuredmedia":[{"embeddable":true,"href":"https:\/\/www.europesays.com\/fr\/wp-json\/wp\/v2\/media\/130603"}],"wp:attachment":[{"href":"https:\/\/www.europesays.com\/fr\/wp-json\/wp\/v2\/media?parent=130602"}],"wp:term":[{"taxonomy":"category","embeddable":true,"href":"https:\/\/www.europesays.com\/fr\/wp-json\/wp\/v2\/categories?post=130602"},{"taxonomy":"post_tag","embeddable":true,"href":"https:\/\/www.europesays.com\/fr\/wp-json\/wp\/v2\/tags?post=130602"}],"curies":[{"name":"wp","href":"https:\/\/api.w.org\/{rel}","templated":true}]}}