{"id":130606,"date":"2025-05-27T01:11:15","date_gmt":"2025-05-27T01:11:15","guid":{"rendered":"https:\/\/www.europesays.com\/fr\/130606\/"},"modified":"2025-05-27T01:11:15","modified_gmt":"2025-05-27T01:11:15","slug":"une-nouvelle-gouvernance-pour-booster-linnovation-locale","status":"publish","type":"post","link":"https:\/\/www.europesays.com\/fr\/130606\/","title":{"rendered":"une nouvelle gouvernance pour booster l\u2019innovation locale"},"content":{"rendered":"<p>La French Tech Saint-\u00c9tienne Lyon a renouvel\u00e9 sa gouvernance le 26\u00a0mai 2025. Maud Charaf (HUB612) et Denise Hoblingre (Keranova) ont \u00e9t\u00e9 \u00e9lues co-pr\u00e9sidentes, succ\u00e9dant \u00e0 \u00c9milie Legoff et Marc Chassaub\u00e9n\u00e9. Elles porteront la strat\u00e9gie de l\u2019association, qui vise \u00e0 acc\u00e9l\u00e9rer la cr\u00e9ation et la croissance des entreprises innovantes du territoire.<\/p>\n<p>\u00ab\u00a0La French Tech, c\u2019est plus qu\u2019un r\u00e9seau\u00a0: c\u2019est un moteur d\u2019innovation, un levier de transformation pour toutes les entreprises\u00a0quelle que soit leur taille. Nous avons un \u00e9cosyst\u00e8me dynamique et une communaut\u00e9 engag\u00e9e, c\u2019est pourquoi la French Tech Saint-\u00c9tienne Lyon est un vrai pilier pour la Tech fran\u00e7aise\u00a0\u00bb, explique Maud Charaf.<\/p>\n<p>Le nouveau conseil d\u2019administration rassemble 20 membres issus de startups, scale-ups, incubateurs, grands groupes, investisseurs, acteurs publics et experts. \u00ab\u00a0La French Tech est f\u00e9d\u00e9ratrice de toutes les innovations, quel que soit le secteur d\u2019activit\u00e9 et doit \u00eatre le point de passage de tout projet d\u2019innovation technologique\u00a0\u00bb, pr\u00e9cise Denise Hoblingre.<\/p>\n<p>  Un bureau pour piloter la feuille de route<\/p>\n<p>Le bureau, compos\u00e9 de 8 membres, pilotera la strat\u00e9gie du mandat. Les priorit\u00e9s\u00a0: faciliter l\u2019acc\u00e8s au business pour les startups, mobiliser plus d\u2019investissements, et renforcer la comp\u00e9titivit\u00e9 de l\u2019\u00e9cosyst\u00e8me. La gouvernance est paritaire et \u00e9quilibr\u00e9e entre Lyon et Saint-\u00c9tienne, refl\u00e9tant la diversit\u00e9 du territoire.<\/p>\n","protected":false},"excerpt":{"rendered":"La French Tech Saint-\u00c9tienne Lyon a renouvel\u00e9 sa gouvernance le 26\u00a0mai 2025. Maud Charaf (HUB612) et Denise Hoblingre&hellip;\n","protected":false},"author":2,"featured_media":130607,"comment_status":"","ping_status":"","sticky":false,"template":"","format":"standard","meta":{"footnotes":""},"categories":[9653],"tags":[1111,11,2430,33,7539,2757,1777,674,1011,27,5015,3367,2428,2756,12,25,2429,4001],"class_list":{"0":"post-130606","1":"post","2":"type-post","3":"status-publish","4":"format-standard","5":"has-post-thumbnail","7":"category-saint-etienne","8":"tag-actu","9":"tag-actualites","10":"tag-auvergne-rhone-alpes","11":"tag-economie","12":"tag-edition-loire-sud","13":"tag-edition-lyon-villeurbanne","14":"tag-eu","15":"tag-europe","16":"tag-fr","17":"tag-france","18":"tag-innovation-et-start-up","19":"tag-loire","20":"tag-lyon","21":"tag-lyon-bassin","22":"tag-news","23":"tag-republique-francaise","24":"tag-rhone","25":"tag-saint-etienne"},"share_on_mastodon":{"url":"https:\/\/pubeurope.com\/@fr\/114577138347714177","error":""},"_links":{"self":[{"href":"https:\/\/www.europesays.com\/fr\/wp-json\/wp\/v2\/posts\/130606","targetHints":{"allow":["GET"]}}],"collection":[{"href":"https:\/\/www.europesays.com\/fr\/wp-json\/wp\/v2\/posts"}],"about":[{"href":"https:\/\/www.europesays.com\/fr\/wp-json\/wp\/v2\/types\/post"}],"author":[{"embeddable":true,"href":"https:\/\/www.europesays.com\/fr\/wp-json\/wp\/v2\/users\/2"}],"replies":[{"embeddable":true,"href":"https:\/\/www.europesays.com\/fr\/wp-json\/wp\/v2\/comments?post=130606"}],"version-history":[{"count":0,"href":"https:\/\/www.europesays.com\/fr\/wp-json\/wp\/v2\/posts\/130606\/revisions"}],"wp:featuredmedia":[{"embeddable":true,"href":"https:\/\/www.europesays.com\/fr\/wp-json\/wp\/v2\/media\/130607"}],"wp:attachment":[{"href":"https:\/\/www.europesays.com\/fr\/wp-json\/wp\/v2\/media?parent=130606"}],"wp:term":[{"taxonomy":"category","embeddable":true,"href":"https:\/\/www.europesays.com\/fr\/wp-json\/wp\/v2\/categories?post=130606"},{"taxonomy":"post_tag","embeddable":true,"href":"https:\/\/www.europesays.com\/fr\/wp-json\/wp\/v2\/tags?post=130606"}],"curies":[{"name":"wp","href":"https:\/\/api.w.org\/{rel}","templated":true}]}}