{"id":130612,"date":"2025-05-27T01:15:25","date_gmt":"2025-05-27T01:15:25","guid":{"rendered":"https:\/\/www.europesays.com\/fr\/130612\/"},"modified":"2025-05-27T01:15:25","modified_gmt":"2025-05-27T01:15:25","slug":"toulon-sur-arroux-la-remorque-du-tracteur-finit-sa-course-folle-dans-la-rambarde-dun-pont","status":"publish","type":"post","link":"https:\/\/www.europesays.com\/fr\/130612\/","title":{"rendered":"Toulon-sur-Arroux. La remorque du tracteur finit sa course folle dans la rambarde d\u2019un pont"},"content":{"rendered":"<p>Ce lundi en d\u00e9but d\u2019apr\u00e8s-midi, un accident spectaculaire s\u2019est produit sur la commune de Toulon-sur-Arroux.<\/p>\n<p>Un agriculteur toulonnais, qui roulait au volant de son tracteur dans le sens ville-Faubourg, n\u2019a pu stabiliser sa remorque qui, s\u2019\u00e9tant mise \u00e0 tanguer dangereusement, a fini par casser l\u2019attelage.<\/p>\n<p>La remorque d\u00e9solidaris\u00e9e a fini sa course folle dans la rambarde du pont du Diable en la fracassant sur plusieurs m\u00e8tres.<\/p>\n<p>Fort heureusement, l\u2019employ\u00e9 du service des eaux et de l\u2019assainissement, qui travaillait \u00e0 cet endroit quelques heures plus t\u00f4t, avait termin\u00e9 son intervention.<\/p>\n<p>C\u2019est \u00e0 ce m\u00eame endroit qu\u2019un accident, impliquant deux v\u00e9hicules, avait eu lieu il y a tout juste un an. La pile du pont, qui avait \u00e9t\u00e9 endommag\u00e9e, a \u00e9t\u00e9 r\u00e9par\u00e9e il y a seulement trois ou quatre mois.<\/p>\n","protected":false},"excerpt":{"rendered":"Ce lundi en d\u00e9but d\u2019apr\u00e8s-midi, un accident spectaculaire s\u2019est produit sur la commune de Toulon-sur-Arroux. Un agriculteur toulonnais,&hellip;\n","protected":false},"author":2,"featured_media":130613,"comment_status":"","ping_status":"","sticky":false,"template":"","format":"standard","meta":{"footnotes":""},"categories":[9619],"tags":[119,1111,11,12568,1777,674,274,107,1011,27,14000,12,882,25,2310,13999],"class_list":{"0":"post-130612","1":"post","2":"type-post","3":"status-publish","4":"format-standard","5":"has-post-thumbnail","7":"category-toulon","8":"tag-accident","9":"tag-actu","10":"tag-actualites","11":"tag-edition-montceau-les-mines","12":"tag-eu","13":"tag-europe","14":"tag-faits-divers-justice","15":"tag-fil-info","16":"tag-fr","17":"tag-france","18":"tag-montceau-les-mines-bassin","19":"tag-news","20":"tag-provence-alpes-cote-dazur","21":"tag-republique-francaise","22":"tag-toulon","23":"tag-toulon-sur-arroux"},"share_on_mastodon":{"url":"https:\/\/pubeurope.com\/@fr\/114577153955599474","error":""},"_links":{"self":[{"href":"https:\/\/www.europesays.com\/fr\/wp-json\/wp\/v2\/posts\/130612","targetHints":{"allow":["GET"]}}],"collection":[{"href":"https:\/\/www.europesays.com\/fr\/wp-json\/wp\/v2\/posts"}],"about":[{"href":"https:\/\/www.europesays.com\/fr\/wp-json\/wp\/v2\/types\/post"}],"author":[{"embeddable":true,"href":"https:\/\/www.europesays.com\/fr\/wp-json\/wp\/v2\/users\/2"}],"replies":[{"embeddable":true,"href":"https:\/\/www.europesays.com\/fr\/wp-json\/wp\/v2\/comments?post=130612"}],"version-history":[{"count":0,"href":"https:\/\/www.europesays.com\/fr\/wp-json\/wp\/v2\/posts\/130612\/revisions"}],"wp:featuredmedia":[{"embeddable":true,"href":"https:\/\/www.europesays.com\/fr\/wp-json\/wp\/v2\/media\/130613"}],"wp:attachment":[{"href":"https:\/\/www.europesays.com\/fr\/wp-json\/wp\/v2\/media?parent=130612"}],"wp:term":[{"taxonomy":"category","embeddable":true,"href":"https:\/\/www.europesays.com\/fr\/wp-json\/wp\/v2\/categories?post=130612"},{"taxonomy":"post_tag","embeddable":true,"href":"https:\/\/www.europesays.com\/fr\/wp-json\/wp\/v2\/tags?post=130612"}],"curies":[{"name":"wp","href":"https:\/\/api.w.org\/{rel}","templated":true}]}}