{"id":130626,"date":"2025-05-27T01:28:04","date_gmt":"2025-05-27T01:28:04","guid":{"rendered":"https:\/\/www.europesays.com\/fr\/130626\/"},"modified":"2025-05-27T01:28:04","modified_gmt":"2025-05-27T01:28:04","slug":"strasbourg-une-vitrine-pour-lescalade","status":"publish","type":"post","link":"https:\/\/www.europesays.com\/fr\/130626\/","title":{"rendered":"Strasbourg : une vitrine pour l&rsquo;escalade"},"content":{"rendered":"<p>\nL&rsquo;escalade \u00e0 Strasbourg (<a title=\"L&#039;actualit\u00e9 BTP du d\u00e9partement du Bas-Rhin\" href=\"https:\/\/www.lemoniteur.fr\/bas-rhin\/\" rel=\"noopener\" target=\"\" class=\"lien-contextuel\">Bas-Rhin<\/a>) a un nouveau temple : la salle ouverte depuis quelques semaines par l&rsquo;association sportive locale ASCPA en bordure du centre-ville. D&rsquo;une hauteur de 19,20 m, sans \u00e9gale dans le Bas-Rhin, le b\u00e2timent a \u00e9t\u00e9 dessin\u00e9 par l&rsquo;agence RHB Architectes associ\u00e9e au BET Projex (TCE). Selon Julien Rouby, cog\u00e9rant de RHB, \u00ab les dimensions et les am\u00e9nagements int\u00e9rieurs ont \u00e9t\u00e9 con\u00e7us pour faire cohabiter tous les niveaux de pratique \u00bb, de l&rsquo;initiative aux pistes de vitesse pour les sprinters de la grimpe. La structure m\u00e9tallique se prolonge en fa\u00e7ade ext\u00e9rieure d&rsquo;un <a title=\"\" href=\"https:\/\/www.lemoniteur.fr\/bardage\/\" rel=\"noopener\" target=\"\" class=\"lien-contextuel\">bardage<\/a> en acier galvanis\u00e9 dont la physionomie \u00e9voque aussi la discipline. L&rsquo;ensemble de 473 m2 a trouv\u00e9 sa place sur une parcelle \u00e9troite, contre le talus d&rsquo;une voie ferr\u00e9e. La proximit\u00e9 de celle-ci a requis des pr\u00e9cautions particuli\u00e8res pour la conduite des travaux, d&rsquo;un montant de 1,6 M\u20ac HT r\u00e9alis\u00e9s notamment par Spie Batignolles (gros \u0153uvre), Howiller (charpente m\u00e9tallique) et Soprema (couverture-bardage).<\/p>\n","protected":false},"excerpt":{"rendered":"L&rsquo;escalade \u00e0 Strasbourg (Bas-Rhin) a un nouveau temple : la salle ouverte depuis quelques semaines par l&rsquo;association sportive&hellip;\n","protected":false},"author":2,"featured_media":130627,"comment_status":"","ping_status":"","sticky":false,"template":"","format":"standard","meta":{"footnotes":""},"categories":[2820],"tags":[1111,11,1350,2649,25490,932,1777,674,1011,27,775,12,19469,25,640],"class_list":{"0":"post-130626","1":"post","2":"type-post","3":"status-publish","4":"format-standard","5":"has-post-thumbnail","7":"category-strasbourg","8":"tag-actu","9":"tag-actualites","10":"tag-architecture","11":"tag-bas-rhin","12":"tag-equipement-sportif","13":"tag-est","14":"tag-eu","15":"tag-europe","16":"tag-fr","17":"tag-france","18":"tag-grand-est","19":"tag-news","20":"tag-realisations","21":"tag-republique-francaise","22":"tag-strasbourg"},"share_on_mastodon":{"url":"https:\/\/pubeurope.com\/@fr\/114577205055038609","error":""},"_links":{"self":[{"href":"https:\/\/www.europesays.com\/fr\/wp-json\/wp\/v2\/posts\/130626","targetHints":{"allow":["GET"]}}],"collection":[{"href":"https:\/\/www.europesays.com\/fr\/wp-json\/wp\/v2\/posts"}],"about":[{"href":"https:\/\/www.europesays.com\/fr\/wp-json\/wp\/v2\/types\/post"}],"author":[{"embeddable":true,"href":"https:\/\/www.europesays.com\/fr\/wp-json\/wp\/v2\/users\/2"}],"replies":[{"embeddable":true,"href":"https:\/\/www.europesays.com\/fr\/wp-json\/wp\/v2\/comments?post=130626"}],"version-history":[{"count":0,"href":"https:\/\/www.europesays.com\/fr\/wp-json\/wp\/v2\/posts\/130626\/revisions"}],"wp:featuredmedia":[{"embeddable":true,"href":"https:\/\/www.europesays.com\/fr\/wp-json\/wp\/v2\/media\/130627"}],"wp:attachment":[{"href":"https:\/\/www.europesays.com\/fr\/wp-json\/wp\/v2\/media?parent=130626"}],"wp:term":[{"taxonomy":"category","embeddable":true,"href":"https:\/\/www.europesays.com\/fr\/wp-json\/wp\/v2\/categories?post=130626"},{"taxonomy":"post_tag","embeddable":true,"href":"https:\/\/www.europesays.com\/fr\/wp-json\/wp\/v2\/tags?post=130626"}],"curies":[{"name":"wp","href":"https:\/\/api.w.org\/{rel}","templated":true}]}}