{"id":13064,"date":"2025-04-09T16:31:10","date_gmt":"2025-04-09T16:31:10","guid":{"rendered":"https:\/\/www.europesays.com\/fr\/13064\/"},"modified":"2025-04-09T16:31:10","modified_gmt":"2025-04-09T16:31:10","slug":"atp-monte-carlo-sorti-du-top-10-medvedev-met-la-pression-sur-tsitsipas-il-a-1000-points-a-defendre-ici-voyons-voir-comment-il-se-debrouille","status":"publish","type":"post","link":"https:\/\/www.europesays.com\/fr\/13064\/","title":{"rendered":"ATP &#8211; Monte Carlo > Sorti du top 10, Medvedev met la pression sur Tsitsipas : \u00ab\u00a0Il a 1000 points \u00e0 d\u00e9fendre ici, voyons voir comment il se d\u00e9brouille\u00a0\u00bb"},"content":{"rendered":"<p>Onzi\u00e8me mondial cette semaine, Daniil Medvedev esp\u00e8re rapi\u00adde\u00adment retrouver sa place dans le top 10. Et il semble presque compter sur une d\u00e9faillance de son meilleur ennemi, Stefanos Tsitsipas, tenant du titre \u00e0 Monte\u2010Carlo et 8e mondial.\u00a0<\/p>\n<p><strong>\u00ab\u202fTsitsipas a 1000 points \u00e0 d\u00e9fendre ici. Voyons voir comment il se d\u00e9brouille\u202f\u00bb<\/strong>, a gliss\u00e9 en souriant le Russe, huiti\u00e8me de fina\u00adliste sur le Rocher la saison derni\u00e8re.\u00a0<\/p>\n<blockquote class=\"twitter-tweet\">\n<p lang=\"qst\" dir=\"ltr\">omg \ud83d\ude05 <a href=\"https:\/\/t.co\/5K8sQ3CDiE\" data-wpel-link=\"external\" target=\"_blank\" rel=\"nofollow external noopener\">https:\/\/t.co\/5K8sQ3CDiE<\/a><\/p>\n<p>\u2014 Jos\u00e9 Morgado (@josemorgado) <a href=\"https:\/\/twitter.com\/josemorgado\/status\/1909212590653256122?ref_src=twsrc%5Etfw\" data-wpel-link=\"external\" target=\"_blank\" rel=\"nofollow external noopener\">April 7,\u00a02025<\/a><\/p><\/blockquote>\n<p>Tsitsipas fera son entr\u00e9e en lice au deuxi\u00e8me tour ce mardi face \u00e0 Jordan Thompson, tombeur de Giovanni Mpetshi Perricard.\u00a0<\/p>\n<p class=\"post-published-date\" style=\"color: silver; font-size: 75%; text-align: left;\">Publi\u00e9 le mardi 8 avril 2025 \u00e0 15:08<\/p>\n<p><script async src=\"https:\/\/platform.twitter.com\/widgets.js\" charset=\"utf-8\"><\/script><\/p>\n","protected":false},"excerpt":{"rendered":"Onzi\u00e8me mondial cette semaine, Daniil Medvedev esp\u00e8re rapi\u00adde\u00adment retrouver sa place dans le top 10. Et il semble&hellip;\n","protected":false},"author":2,"featured_media":13065,"comment_status":"","ping_status":"","sticky":false,"template":"","format":"standard","meta":{"footnotes":""},"categories":[1415],"tags":[3252,1011,27,60,1467,5443],"class_list":{"0":"post-13064","1":"post","2":"type-post","3":"status-publish","4":"format-standard","5":"has-post-thumbnail","7":"category-tennis","8":"tag-daniil-medvedev","9":"tag-fr","10":"tag-france","11":"tag-sports","12":"tag-tennis","13":"tag-tsitsipas"},"share_on_mastodon":{"url":"https:\/\/pubeurope.com\/@fr\/114308964855107661","error":""},"_links":{"self":[{"href":"https:\/\/www.europesays.com\/fr\/wp-json\/wp\/v2\/posts\/13064","targetHints":{"allow":["GET"]}}],"collection":[{"href":"https:\/\/www.europesays.com\/fr\/wp-json\/wp\/v2\/posts"}],"about":[{"href":"https:\/\/www.europesays.com\/fr\/wp-json\/wp\/v2\/types\/post"}],"author":[{"embeddable":true,"href":"https:\/\/www.europesays.com\/fr\/wp-json\/wp\/v2\/users\/2"}],"replies":[{"embeddable":true,"href":"https:\/\/www.europesays.com\/fr\/wp-json\/wp\/v2\/comments?post=13064"}],"version-history":[{"count":0,"href":"https:\/\/www.europesays.com\/fr\/wp-json\/wp\/v2\/posts\/13064\/revisions"}],"wp:featuredmedia":[{"embeddable":true,"href":"https:\/\/www.europesays.com\/fr\/wp-json\/wp\/v2\/media\/13065"}],"wp:attachment":[{"href":"https:\/\/www.europesays.com\/fr\/wp-json\/wp\/v2\/media?parent=13064"}],"wp:term":[{"taxonomy":"category","embeddable":true,"href":"https:\/\/www.europesays.com\/fr\/wp-json\/wp\/v2\/categories?post=13064"},{"taxonomy":"post_tag","embeddable":true,"href":"https:\/\/www.europesays.com\/fr\/wp-json\/wp\/v2\/tags?post=13064"}],"curies":[{"name":"wp","href":"https:\/\/api.w.org\/{rel}","templated":true}]}}