{"id":130640,"date":"2025-05-27T01:36:13","date_gmt":"2025-05-27T01:36:13","guid":{"rendered":"https:\/\/www.europesays.com\/fr\/130640\/"},"modified":"2025-05-27T01:36:13","modified_gmt":"2025-05-27T01:36:13","slug":"ce-quartier-phare-de-toulouse-accelere-sa-mue","status":"publish","type":"post","link":"https:\/\/www.europesays.com\/fr\/130640\/","title":{"rendered":"ce quartier phare de Toulouse acc\u00e9l\u00e8re sa mue"},"content":{"rendered":"<p><strong>La Mairie de Toulouse r\u00e9am\u00e9nage le quartier Arnaud Bernard. Mobilier urbain, s\u00e9curit\u00e9, commerces, logements : plusieurs leviers sont activ\u00e9s pour am\u00e9liorer le cadre de vie des habitants. Des travaux s\u2019\u00e9taleront jusqu\u2019\u00e0 l\u2019automne.<\/strong><\/p>\n<p><img fetchpriority=\"high\" decoding=\"async\" width=\"1200\" height=\"675\" src=\"https:\/\/www.europesays.com\/fr\/wp-content\/uploads\/2025\/05\/travaux-place-arnaud-bernard.jpg\" alt=\"La plantation d'arbres permettra de rafra\u00eechir la place Arnaud Bernard durant l'\u00e9t\u00e9.\"  \/><\/p>\n<p>Des travaux sont en cours pour la plantation de dix arbres sur la place Arnaud Bernard. \u00a9 Bryan Faham \/ Le JT<\/p>\n<p>Depuis plus de dix ans, la Mairie de Toulouse conduit <strong>une transformation progressive du quartier Arnaud Bernard<\/strong>. \u00ab\u00a0Nous menons une action de fond depuis le d\u00e9but du mandat pr\u00e9c\u00e9dent\u00a0\u00bb, souligne le maire de la ville, Jean-Luc Moudenc.<\/p>\n<p>Ce chantier mobilise <strong>de nombreux acteurs et s\u2019appuie sur plusieurs leviers<\/strong>\u00a0: am\u00e9nagement de l\u2019espace public, s\u00e9curit\u00e9, diversification commerciale, v\u00e9g\u00e9talisation, logement. \u00ab L\u2019id\u00e9e est de rendre l\u2019espace public plus agr\u00e9able pour les habitants, et accessible pour les pi\u00e9tons, les seniors, les poussettes \u00bb, pr\u00e9cise l\u2019\u00e9lu.<\/p>\n<p>Avec <strong>un budget de cinq millions d\u2019euros<\/strong>, <a href=\"https:\/\/www.lejournaltoulousain.fr\/occitanie\/haute-garonne\/toulouse\/toulouse-voila-comment-arnaud-bernard-va-se-transformer-257150\/\" data-type=\"post\" data-id=\"257150\" rel=\"nofollow noopener\" target=\"_blank\">les travaux actuellement en cours<\/a> sur la place Arnaud Bernard et les rues Gatien-Arnoult et des Trois Piliers s\u2019inscrivent dans ce projet global.<\/p>\n<p>Une pergola et de la verdure pour plus de fra\u00eecheur<\/p>\n<p><img loading=\"lazy\" decoding=\"async\" width=\"1200\" height=\"675\" src=\"https:\/\/www.europesays.com\/fr\/wp-content\/uploads\/2025\/05\/bergola-place-arnard-bernard.png\" alt=\"La Mairie de Toulouse a l'ambition de rafra\u00eechir la place.\"  \/><\/p>\n<p>Afin de cr\u00e9er de l\u2019ombre sur la place Arnaud Bernard, une pergola de 500 m\u00b2 sera install\u00e9e. \u00a9 Agence BAU \/ Mairie de Toulouse<\/p>\n<p><strong>Une pergola de 500 m\u00b2 sera install\u00e9e sur la place Arnaud Bernard<\/strong> d\u00e8s le d\u00e9but du mois de juin. Longue de 30 m\u00e8tres et large de 19 m\u00e8tres, <a href=\"https:\/\/metropole.toulouse.fr\/actualites\/la-place-arnaud-bernard-se-refait-une-beaute\" data-type=\"link\" data-id=\"https:\/\/metropole.toulouse.fr\/actualites\/la-place-arnaud-bernard-se-refait-une-beaute\" target=\"_blank\" rel=\"noreferrer noopener nofollow\">elle offrira une zone ombrag\u00e9e en \u00e9t\u00e9<\/a> et abritera des \u00e9v\u00e9nements le reste de l\u2019ann\u00e9e. <strong>Sa mise en place s\u2019ach\u00e8vera fin juillet<\/strong>, tandis que des plantes grimpantes seront ajout\u00e9es \u00e0 l\u2019automne.<\/p>\n<p><strong>Dix tilleuls seront \u00e9galement plant\u00e9s le long de la fa\u00e7ade Ouest de la place.<\/strong> Ils s\u2019accompagneront de jardini\u00e8res v\u00e9g\u00e9talis\u00e9es. L\u2019ensemble prend en compte la pr\u00e9sence d\u2019un parking souterrain. Le mobilier urbain sera modernis\u00e9, avec l\u2019ajout de nouvelles assises et de supports pour v\u00e9los.<\/p>\n<p>Des rues inspir\u00e9es de Saint-Sernin<\/p>\n<p><strong>Les rues Gatien-Arnoult et des Trois Piliers font \u00e9galement l\u2019objet d\u2019un r\u00e9am\u00e9nagement complet<\/strong>, dans l\u2019esprit de celui de la place Saint-Sernin. Le sol sera nivel\u00e9, avec des bordures permettant une transition douce entre la chauss\u00e9e et le trottoir, pour faciliter l\u2019accessibilit\u00e9 des personnes \u00e0 mobilit\u00e9 r\u00e9duite. Les mat\u00e9riaux choisis sont des pav\u00e9s en porphyre, une pierre issue des Alpes italiennes.<\/p>\n<p><strong>Une placette arbor\u00e9e sera cr\u00e9\u00e9e \u00e0 l\u2019intersection des deux rues<\/strong>, avec la plantation de deux arbres pour apporter de la fra\u00eecheur. L\u2019espace vert de la rue des Trois-Piliers sera par ailleurs \u00e9tendu.<\/p>\n<p><img loading=\"lazy\" decoding=\"async\" width=\"1200\" height=\"675\" src=\"https:\/\/www.europesays.com\/fr\/wp-content\/uploads\/2025\/05\/placette-quartier-arnaud-bernard.jpg\" alt=\"La municipalit\u00e9 travaille sur l'am\u00e9nagement du quartier Arnaud Bernard.\"  \/><\/p>\n<p>Deux arbres seront install\u00e9s sur cette placette. \u00a9 Bryan Faham \/ Le JT<\/p>\n<p>Commerces : vers une offre plus diversifi\u00e9e dans le quartier Arnaud Bernard<\/p>\n<p>La municipalit\u00e9 souhaite faire<strong> \u00e9voluer l\u2019offre commerciale du quartier afin de la diversifier<\/strong>. Une politique active a \u00e9t\u00e9 mise en place via le programme \u201cCommerce Avenir\u201d. \u00ab\u00a0Le quartier Arnaud Bernard est le premier secteur de Toulouse \u00e0 b\u00e9n\u00e9ficier de ce dispositif\u00a0\u00bb, fait savoir Jean-Luc Moudenc.<\/p>\n<p><strong>Trois leviers sont mobilis\u00e9s dans cette strat\u00e9gie<\/strong>\u00a0: l\u2019achat des murs via une convention avec l\u2019EPFL (\u00c9tablissement public foncier local), la pr\u00e9emption sur les fonds de commerce, et l\u2019accompagnement des bailleurs priv\u00e9s.<\/p>\n<p><strong>Quatorze locaux ont \u00e9t\u00e9 acquis sur la place<\/strong>, parfois par pr\u00e9emption. La municipalit\u00e9 a eu recours \u00e0 la pr\u00e9emption du fonds de commerce \u00e0 deux reprises. De plus, <strong>une dizaine de commerces ont vu le jour gr\u00e2ce \u00e0 de simples discussions <\/strong>avec les bailleurs. Ces d\u00e9marches ont permis d\u2019installer une fromagerie, une boucherie, une bijouterie, une librairie, un disquaire, une boulangerie, un coffee shop, un magasin de v\u00e9los, des restaurants ou encore un commerce d\u2019\u00e9quipements pour la maison.<\/p>\n<p>Des r\u00e9sultats encourageants, qui demandent du temps<\/p>\n<p><strong>\u00ab Nous avons des r\u00e9sultats, mais pas autant que nous voudrions\u00a0\u00bb<\/strong>, reconna\u00eet Jean-Luc Moudenc. \u00ab\u00a0En mati\u00e8re de commerce, <strong>nous avons besoin de temps<\/strong>\u00a0\u00bb, note Olivier Arsac, adjoint au maire charg\u00e9 du commerce. \u00ab Nous sommes oblig\u00e9s d\u2019attendre que les bailleurs mettent en vente leur bien, de nouer des contacts avec ceux qui ne veulent pas vendre, mais qui souhaitent \u00e9voluer, etc.\u00a0\u00bb<\/p>\n<p>L\u2019\u00e9lu rappelle qu\u2019il y a dix ans, le quartier comptait neuf fois plus de commerces bazar que les autres secteurs toulousains, ainsi que trois fois plus de restauration rapide et de boucheries communautaires.<\/p>\n<p>La Ville teste le \u201cpermis de louer\u201d dans le quartier Arnaud Bernard<\/p>\n<p>Arnaud Bernard sera le premier quartier du centre-ville de Toulouse \u00e0 <a href=\"https:\/\/www.lejournaltoulousain.fr\/occitanie\/haute-garonne\/toulouse\/lutte-habitat-indigne-toulouse-adopte-permis-louer-292659\/\" data-type=\"post\" data-id=\"292659\" rel=\"nofollow noopener\" target=\"_blank\">exp\u00e9rimenter le \u201cpermis de louer\u201d<\/a>, souhait\u00e9 apr\u00e8s <a href=\"https:\/\/www.lejournaltoulousain.fr\/occitanie\/effondrement-rue-saint-rome-les-coproprietaires-attaquent-la-mairie-de-toulouse-255819\/\" data-type=\"post\" data-id=\"255819\" rel=\"nofollow noopener\" target=\"_blank\">l\u2019effondrement d\u2019un immeuble en 2024<\/a>. <strong>Les propri\u00e9taires devront obtenir une autorisation de location, conditionn\u00e9e \u00e0 un \u00e9tat de salubrit\u00e9 conforme.<\/strong><\/p>\n<p>Ce dispositif, qui entrera en vigueur \u00e0 partir du 3 novembre 2025, permettra de<strong> contr\u00f4ler l\u2019\u00e9tat des logements avant leur mise en location<\/strong>. Il s\u2019appliquera aux logements lou\u00e9s \u00e0 titre de r\u00e9sidence principale, qu\u2019ils soient meubl\u00e9s ou non, \u00e0 l\u2019exception des logements sociaux, des baux en cours et des locations touristiques. <\/p>\n<p>S\u00e9curit\u00e9 renforc\u00e9e et concertation avec les habitants<\/p>\n<p>L\u2019action municipale prend aussi en compte la s\u00e9curit\u00e9 dans le quartier. Depuis 2014, <strong>quinze cam\u00e9ras de vid\u00e9oprotection ont \u00e9t\u00e9 d\u00e9ploy\u00e9es<\/strong>, dont quatre directement sur la place Arnaud Bernard. Ces dispositifs viennent <strong>en appui de l\u2019action quotidienne de la police municipale<\/strong>, en lien avec la police nationale.<\/p>\n<p>\u00ab Syst\u00e9matiquement, toutes les initiatives qui sont lanc\u00e9es le sont <a href=\"https:\/\/www.lejournaltoulousain.fr\/societe\/quand-arnaud-bernard-simpatiente-44862\/\" data-type=\"post\" data-id=\"44862\" rel=\"nofollow noopener\" target=\"_blank\">en concertation avec les acteurs du quartier<\/a> \u00bb, insiste le maire de la Ville rose. En 2021, des enqu\u00eates et des ateliers participatifs ont ainsi permis de d\u00e9finir les grandes lignes du r\u00e9am\u00e9nagement en cours.<\/p>\n","protected":false},"excerpt":{"rendered":"La Mairie de Toulouse r\u00e9am\u00e9nage le quartier Arnaud Bernard. Mobilier urbain, s\u00e9curit\u00e9, commerces, logements : plusieurs leviers sont&hellip;\n","protected":false},"author":2,"featured_media":130641,"comment_status":"","ping_status":"","sticky":false,"template":"","format":"standard","meta":{"footnotes":""},"categories":[2816],"tags":[1111,11,7227,1777,674,1011,27,25492,12,2680,25,2312,25491],"class_list":{"0":"post-130640","1":"post","2":"type-post","3":"status-publish","4":"format-standard","5":"has-post-thumbnail","7":"category-toulouse","8":"tag-actu","9":"tag-actualites","10":"tag-commerces","11":"tag-eu","12":"tag-europe","13":"tag-fr","14":"tag-france","15":"tag-logements-le-quartier-arnaud-bernard-accu00e9lu00e8re-sa-transformation-u00e0-toulouse","16":"tag-news","17":"tag-occitanie","18":"tag-republique-francaise","19":"tag-toulouse","20":"tag-vu00e9gu00e9talisation"},"share_on_mastodon":{"url":"https:\/\/pubeurope.com\/@fr\/114577236595126085","error":""},"_links":{"self":[{"href":"https:\/\/www.europesays.com\/fr\/wp-json\/wp\/v2\/posts\/130640","targetHints":{"allow":["GET"]}}],"collection":[{"href":"https:\/\/www.europesays.com\/fr\/wp-json\/wp\/v2\/posts"}],"about":[{"href":"https:\/\/www.europesays.com\/fr\/wp-json\/wp\/v2\/types\/post"}],"author":[{"embeddable":true,"href":"https:\/\/www.europesays.com\/fr\/wp-json\/wp\/v2\/users\/2"}],"replies":[{"embeddable":true,"href":"https:\/\/www.europesays.com\/fr\/wp-json\/wp\/v2\/comments?post=130640"}],"version-history":[{"count":0,"href":"https:\/\/www.europesays.com\/fr\/wp-json\/wp\/v2\/posts\/130640\/revisions"}],"wp:featuredmedia":[{"embeddable":true,"href":"https:\/\/www.europesays.com\/fr\/wp-json\/wp\/v2\/media\/130641"}],"wp:attachment":[{"href":"https:\/\/www.europesays.com\/fr\/wp-json\/wp\/v2\/media?parent=130640"}],"wp:term":[{"taxonomy":"category","embeddable":true,"href":"https:\/\/www.europesays.com\/fr\/wp-json\/wp\/v2\/categories?post=130640"},{"taxonomy":"post_tag","embeddable":true,"href":"https:\/\/www.europesays.com\/fr\/wp-json\/wp\/v2\/tags?post=130640"}],"curies":[{"name":"wp","href":"https:\/\/api.w.org\/{rel}","templated":true}]}}