{"id":130644,"date":"2025-05-27T01:39:18","date_gmt":"2025-05-27T01:39:18","guid":{"rendered":"https:\/\/www.europesays.com\/fr\/130644\/"},"modified":"2025-05-27T01:39:18","modified_gmt":"2025-05-27T01:39:18","slug":"avec-250-transports-par-jour-les-brancardiers-de-bloc-a-la-timone-demandent-du-renfort","status":"publish","type":"post","link":"https:\/\/www.europesays.com\/fr\/130644\/","title":{"rendered":"Avec \u00ab\u00a0250 transports par jour\u00a0\u00bb, les brancardiers de bloc \u00e0 la Timone demandent du renfort"},"content":{"rendered":"<p>La r\u00e9union avec la direction de <a href=\"https:\/\/www.laprovence.com\/article\/faits-divers-justice\/1167478079624715\/marseille-lap-hm-condamne-pour-la-mort-de-jean-ligonnet-un-patient-qui-setait-volatilise-a-la-conception\" target=\"_blank\" rel=\"noopener\">l&rsquo;AP-HM<\/a>, en fin de semaine derni\u00e8re, n&rsquo;a \u00e9t\u00e9 qu&rsquo;une \u00ab\u00a0perte de temps\u00a0\u00bb. C&rsquo;est en tout cas le sentiment des brancardiers des blocs op\u00e9ratoires de la Timone (5e), qui ont cess\u00e9 le travail ce lundi 26 mai. Une quinzaine d&rsquo;entre eux ont ainsi d\u00e9bray\u00e9 (huit ont \u00e9t\u00e9 assign\u00e9s afin d&rsquo;assurer la continuit\u00e9 du service) pour d\u00e9noncer notamment \u00ab\u00a0<a href=\"https:\/\/www.laprovence.com\/article\/region\/5902547078146314\/les-fonctionnaires-n-assisteront-pas-a-la-casse-du-service-public-sans-rien-faire-a-marseille-la-cgt-mobilisee-pour-la-greve-du-5-decembre\" target=\"_blank\" rel=\"noopener\">une d\u00e9gradation continue\u00a0\u00bb de leurs conditions de travail<\/a> et demander des \u00ab\u00a0recrutements imm\u00e9diats\u00a0\u00bb afin de continuer \u00e0 assurer leur mission.<\/p>\n","protected":false},"excerpt":{"rendered":"La r\u00e9union avec la direction de l&rsquo;AP-HM, en fin de semaine derni\u00e8re, n&rsquo;a \u00e9t\u00e9 qu&rsquo;une \u00ab\u00a0perte de temps\u00a0\u00bb.&hellip;\n","protected":false},"author":2,"featured_media":130645,"comment_status":"","ping_status":"","sticky":false,"template":"","format":"standard","meta":{"footnotes":""},"categories":[2814],"tags":[17,7096,1111,11,3396,25493,1777,674,1011,27,4432,151,884,12,5912,882,16,25,800],"class_list":{"0":"post-130644","1":"post","2":"type-post","3":"status-publish","4":"format-standard","5":"has-post-thumbnail","7":"category-marseille","8":"tag-17","9":"tag-7096","10":"tag-actu","11":"tag-actualites","12":"tag-avec","13":"tag-brancardiers","14":"tag-eu","15":"tag-europe","16":"tag-fr","17":"tag-france","18":"tag-jour","19":"tag-les","20":"tag-marseille","21":"tag-news","22":"tag-par","23":"tag-provence-alpes-cote-dazur","24":"tag-region","25":"tag-republique-francaise","26":"tag-transports"},"share_on_mastodon":{"url":"https:\/\/pubeurope.com\/@fr\/114577248331126654","error":""},"_links":{"self":[{"href":"https:\/\/www.europesays.com\/fr\/wp-json\/wp\/v2\/posts\/130644","targetHints":{"allow":["GET"]}}],"collection":[{"href":"https:\/\/www.europesays.com\/fr\/wp-json\/wp\/v2\/posts"}],"about":[{"href":"https:\/\/www.europesays.com\/fr\/wp-json\/wp\/v2\/types\/post"}],"author":[{"embeddable":true,"href":"https:\/\/www.europesays.com\/fr\/wp-json\/wp\/v2\/users\/2"}],"replies":[{"embeddable":true,"href":"https:\/\/www.europesays.com\/fr\/wp-json\/wp\/v2\/comments?post=130644"}],"version-history":[{"count":0,"href":"https:\/\/www.europesays.com\/fr\/wp-json\/wp\/v2\/posts\/130644\/revisions"}],"wp:featuredmedia":[{"embeddable":true,"href":"https:\/\/www.europesays.com\/fr\/wp-json\/wp\/v2\/media\/130645"}],"wp:attachment":[{"href":"https:\/\/www.europesays.com\/fr\/wp-json\/wp\/v2\/media?parent=130644"}],"wp:term":[{"taxonomy":"category","embeddable":true,"href":"https:\/\/www.europesays.com\/fr\/wp-json\/wp\/v2\/categories?post=130644"},{"taxonomy":"post_tag","embeddable":true,"href":"https:\/\/www.europesays.com\/fr\/wp-json\/wp\/v2\/tags?post=130644"}],"curies":[{"name":"wp","href":"https:\/\/api.w.org\/{rel}","templated":true}]}}