{"id":130647,"date":"2025-05-27T01:41:09","date_gmt":"2025-05-27T01:41:09","guid":{"rendered":"https:\/\/www.europesays.com\/fr\/130647\/"},"modified":"2025-05-27T01:41:09","modified_gmt":"2025-05-27T01:41:09","slug":"un-homme-heliporte-a-lyon-apres-avoir-ete-percute-par-un-camion-dans-lain","status":"publish","type":"post","link":"https:\/\/www.europesays.com\/fr\/130647\/","title":{"rendered":"Un homme h\u00e9liport\u00e9 \u00e0 Lyon apr\u00e8s avoir \u00e9t\u00e9 percut\u00e9 par un camion dans l&rsquo;Ain"},"content":{"rendered":"<p>Grave accident lundi 26 mai \u00e0 Amb\u00e9rieu-en-Bugey, dans l&rsquo;Ain. Un homme d&rsquo;une quarantaine d&rsquo;ann\u00e9es a \u00e9t\u00e9 violemment percut\u00e9 par un poids lourd alors qu&rsquo;il traversait soudainement la route D77A, peu apr\u00e8s 15h20, \u00e0 proximit\u00e9 de la zone d&rsquo;activit\u00e9s de l&rsquo;Aviation. Il est en urgence absolue et a \u00e9t\u00e9 h\u00e9liport\u00e9 \u00e0 l&rsquo;h\u00f4pital Edouard Herriot de Lyon.<\/p>\n<p>Un <b>homme <\/b>se trouve en <b>urgence absolue<\/b> apr\u00e8s avoir \u00e9t\u00e9 <b>percut\u00e9 par un poids lourd <\/b>\u00e0 <b>Amb\u00e9rieu-en-Bugey<\/b> lundi 26 mai. Il a \u00e9t\u00e9 pris en charge \u00e0 l&rsquo;<b>h\u00f4pital Edouard Herriot<\/b> de <b>Lyon<\/b>.<\/p>\n<p>Travers\u00e9e soudaine et choc violent<\/p>\n<p>Selon <a class=\"url\" href=\"https:\/\/c.leprogres.fr\/faits-divers-justice\/2025\/05\/26\/un-homme-d-une-quarantaine-d-annees-percute-par-un-poids-lourd\" target=\"_blank\" rel=\"nofollow noopener\">Le Progr\u00e8s<\/a>, la victime aurait <b>enjamb\u00e9 la barri\u00e8re<\/b> s\u00e9parant la <b>piste cyclable <\/b>de la <b>chauss\u00e9e <\/b>avant de se jeter sur la route, sans laisser le temps au conducteur du camion de l&rsquo;\u00e9viter.\u00a0<\/p>\n<p>Des <b>traces de freinage d&rsquo;urgence<\/b> ont \u00e9t\u00e9 relev\u00e9es sur les lieux. Le poids lourd, lanc\u00e9 \u00e0 <b>vitesse r\u00e9glementaire<\/b>, n&rsquo;a pu \u00e9viter la collision.<\/p>\n<p>Intervention rapide et spectaculaire des secours<\/p>\n<p>Tr\u00e8s vite, <b>sept pompiers<\/b> accompagn\u00e9s d&rsquo;une <b>\u00e9quipe du SAMU d&rsquo;Amb\u00e9rieu-en-Bugey<\/b> sont intervenus avec un <b>v\u00e9hicule de secours aux victimes.\u00a0<\/b><\/p>\n<p>Sur place, <b>l&rsquo;\u00e9tat de la victime<\/b> s&rsquo;est rapidement aggrav\u00e9 passant <b>de grave \u00e0 une urgence absolue.\u00a0<\/b><\/p>\n<p><b>L&rsquo;h\u00e9licopt\u00e8re du SAMU de Lyon <\/b>a \u00e9t\u00e9 mobilis\u00e9, atterrissant au milieu de la <b>D77A<\/b> pour permettre une m\u00e9dicalisation sur place. L&rsquo;homme a ensuite \u00e9t\u00e9 <b>transport\u00e9 \u00e0 l&rsquo;h\u00f4pital Edouard Herriot \u00e0 Lyon.<\/b><\/p>\n<p>Une possible tentative de suicide<\/p>\n<p>D&rsquo;apr\u00e8s des sources concordantes, la victime serait <b>un patient de l&rsquo;h\u00f4pital d&rsquo;Amb\u00e9rieu-en-Bugey<\/b>, <b>port\u00e9 disparu<\/b> plus t\u00f4t dans la journ\u00e9e.\u00a0<\/p>\n<p>La th\u00e8se d&rsquo;une<b> tentative de suicide<\/b> est actuellement <b>envisag\u00e9e <\/b>par les enqu\u00eateurs. Une <b>enqu\u00eate <\/b>a \u00e9t\u00e9 <b>ouverte <\/b>par la gendarmerie pour faire la lumi\u00e8re sur les circonstances exactes de cet accident dramatique.<\/p>\n<p>Circulation fortement perturb\u00e9e<\/p>\n<p>L&rsquo;accident a provoqu\u00e9 un<b> important embouteillage dans cette zone commerciale<\/b> tr\u00e8s fr\u00e9quent\u00e9e.\u00a0<\/p>\n<p>Les gendarmes ont d\u00fb mettre en place une <b>circulation altern\u00e9e<\/b>, le temps de permettre l&rsquo;intervention des secours et les premiers relev\u00e9s d&rsquo;enqu\u00eate.<\/p>\n<p>Le <b>conducteur <\/b>du poids lourd, tr\u00e8s choqu\u00e9, a \u00e9t\u00e9 <b>pris en charge.<\/b><br \/><b><br \/><\/b><\/p>\n<p><img loading=\"lazy\" decoding=\"async\" src=\"https:\/\/www.europesays.com\/fr\/wp-content\/uploads\/2025\/05\/1748310069_610_img\" width=\"350\" height=\"200\" border=\"0\" title=\"Police nationale\"\/><\/p>\n<p>\u25baSoci\u00e9t\u00e9<\/p>\n<p style=\"font-size: 22px;\"><b>Pr\u00e8s de Lyon : un St\u00e9phanois interpell\u00e9 avec 300 kg cannabis sur l&rsquo;A42 dans l&rsquo;Ain<\/b><\/p>\n<p>Une importante saisie de drogue a eu lieu dans la&#8230;<\/p>\n<p><\/p>\n","protected":false},"excerpt":{"rendered":"Grave accident lundi 26 mai \u00e0 Amb\u00e9rieu-en-Bugey, dans l&rsquo;Ain. Un homme d&rsquo;une quarantaine d&rsquo;ann\u00e9es a \u00e9t\u00e9 violemment percut\u00e9&hellip;\n","protected":false},"author":2,"featured_media":130648,"comment_status":"","ping_status":"","sticky":false,"template":"","format":"standard","meta":{"footnotes":""},"categories":[1889],"tags":[25495,1111,11,2738,25494,2430,25496,1777,674,1011,27,2428,12,25],"class_list":{"0":"post-130647","1":"post","2":"type-post","3":"status-publish","4":"format-standard","5":"has-post-thumbnail","7":"category-lyon","8":"tag-accident-ain","9":"tag-actu","10":"tag-actualites","11":"tag-ain","12":"tag-ambrieu-en-bugey","13":"tag-auvergne-rhone-alpes","14":"tag-d77a","15":"tag-eu","16":"tag-europe","17":"tag-fr","18":"tag-france","19":"tag-lyon","20":"tag-news","21":"tag-republique-francaise"},"share_on_mastodon":{"url":"https:\/\/pubeurope.com\/@fr\/114577256238208899","error":""},"_links":{"self":[{"href":"https:\/\/www.europesays.com\/fr\/wp-json\/wp\/v2\/posts\/130647","targetHints":{"allow":["GET"]}}],"collection":[{"href":"https:\/\/www.europesays.com\/fr\/wp-json\/wp\/v2\/posts"}],"about":[{"href":"https:\/\/www.europesays.com\/fr\/wp-json\/wp\/v2\/types\/post"}],"author":[{"embeddable":true,"href":"https:\/\/www.europesays.com\/fr\/wp-json\/wp\/v2\/users\/2"}],"replies":[{"embeddable":true,"href":"https:\/\/www.europesays.com\/fr\/wp-json\/wp\/v2\/comments?post=130647"}],"version-history":[{"count":0,"href":"https:\/\/www.europesays.com\/fr\/wp-json\/wp\/v2\/posts\/130647\/revisions"}],"wp:featuredmedia":[{"embeddable":true,"href":"https:\/\/www.europesays.com\/fr\/wp-json\/wp\/v2\/media\/130648"}],"wp:attachment":[{"href":"https:\/\/www.europesays.com\/fr\/wp-json\/wp\/v2\/media?parent=130647"}],"wp:term":[{"taxonomy":"category","embeddable":true,"href":"https:\/\/www.europesays.com\/fr\/wp-json\/wp\/v2\/categories?post=130647"},{"taxonomy":"post_tag","embeddable":true,"href":"https:\/\/www.europesays.com\/fr\/wp-json\/wp\/v2\/tags?post=130647"}],"curies":[{"name":"wp","href":"https:\/\/api.w.org\/{rel}","templated":true}]}}