{"id":130653,"date":"2025-05-27T01:47:09","date_gmt":"2025-05-27T01:47:09","guid":{"rendered":"https:\/\/www.europesays.com\/fr\/130653\/"},"modified":"2025-05-27T01:47:09","modified_gmt":"2025-05-27T01:47:09","slug":"un-restaurant-de-seine-saint-denis-ferme-en-urgence","status":"publish","type":"post","link":"https:\/\/www.europesays.com\/fr\/130653\/","title":{"rendered":"un restaurant de Seine-Saint-Denis ferm\u00e9 en urgence"},"content":{"rendered":"<p>            Par<br \/>\n        <strong><br \/>\n            <a href=\"https:\/\/actu.fr\/auteur\/redaction-seinesaintdenis\" title=\"Consulter tous les articles de R\u00e9daction Seine-Saint-Denis\" target=\"_blank\" rel=\"noopener\">R\u00e9daction Seine-Saint-Denis<\/a><br \/>\n        <\/strong><\/p>\n<p>        Publi\u00e9 le<\/p>\n<p>            26 mai 2025 \u00e0 20h46        <\/p>\n<p>A chaque visite son lot de surprises pour les <strong>services d\u2019hygi\u00e8ne<\/strong> de la <a href=\"https:\/\/actu.fr\/tag\/prefecture-de-seine-saint-denis\" target=\"_blank\" rel=\"noopener\">pr\u00e9fecture de Seine-Saint-Denis<\/a>. Tr\u00e8s actifs sur le terrain, ils m\u00e8nent des contr\u00f4les de <a href=\"https:\/\/actu.fr\/tag\/restaurant\" target=\"_blank\" rel=\"noopener\">restaurants<\/a> et <a href=\"https:\/\/actu.fr\/tag\/commerce\" target=\"_blank\" rel=\"noopener\">commerces<\/a> qui laissent parfois pantois et refroidiraient grandement les clients de certains \u00e9tablissements. Dernier exemple en date avec un <strong>restaurant ferm\u00e9 imm\u00e9diatement apr\u00e8s le passage des inspecteurs<\/strong>.\u00a0<\/p>\n<p>\u00ab\u00a0Un risque grave de sant\u00e9 publique\u00a0\u00bb<\/p>\n<p class=\" wall-content\">Mercredi 21 mai, les services de la direction d\u00e9partementale de protection de la population se sont rendus dans le restaurant Spice\u2019N Chicken \u00e0 la Courneuve. A cette occasion, ils ont constat\u00e9 de \u00ab\u00a0graves manquements aux r\u00e8gles d\u2019hygi\u00e8ne et d\u2019entretien g\u00e9n\u00e9ral des lieux et des installations\u00a0\u00bb.\u00a0<\/p>\n<p class=\" wall-content\">En t\u00eate de la liste des griefs dress\u00e9e, \u00ab\u00a0l\u2019absence de lutte contre les nuisibles dont la pr\u00e9sence a \u00e9t\u00e9 constat\u00e9e (cafards vivants, d\u00e9jections de souris)\u00a0\u00bb. Dans l\u2019arr\u00eat\u00e9 de fermeture dat\u00e9 du dimanche 25 mai, les inspecteurs rel\u00e8vent \u00e9galement \u00ab\u00a0l\u2019absence d\u2019hygi\u00e8ne manuelle y compris \u00e0 la sortie des toilettes qui engendre un risque majeur d\u2019intoxication alimentaire, notamment par des bact\u00e9ries f\u00e9cales, pr\u00e9judiciables pour la sant\u00e9 des consommateurs\u00a0\u00bb.\u00a0<\/p>\n<p class=\" wall-content\">Pour compl\u00e9ter le tableau, \u00ab\u00a0les salari\u00e9s utilisent du mat\u00e9riel sale et souill\u00e9\u00a0\u00bb et manipulent des denr\u00e9es alimentaires sans respecter les bonnes pratiques d\u2019hygi\u00e8ne. Sans oublier \u00ab\u00a0l\u2019absence de ma\u00eetrise des temp\u00e9ratures et des conditions de conservation qui engendre un risque de toxi infection alimentaire collective important\u00a0\u00bb.\u00a0<\/p>\n<p class=\" wall-content\">Dans ce contexte, les services de l\u2019Etat n\u2019ont pas trop h\u00e9sit\u00e9 : \u00ab\u00a0la continuation de l\u2019exploitation de l\u2019\u00e9tablissement ferait courir un risque grave de sant\u00e9 publique cela impose qu\u2019il soit proc\u00e9d\u00e9 \u00e0 la fermeture imm\u00e9diate et jusqu\u2019\u00e0 r\u00e9alisation des prescriptions\u00a0\u00bb.\u00a0<\/p>\n<p class=\" wall-content\">Une bonne nouvelle pour la sant\u00e9 des clients\u2026<\/p>\n<p class=\" wall-content\">Suivez toute l\u2019actualit\u00e9 de vos villes et m\u00e9dias favoris en vous inscrivant \u00e0 <a href=\"https:\/\/moncompte.actu.fr\" title=\"D\u00e9couvez Mon Actu\" rel=\"nofollow noopener\" data-trk=\"{&quot;cta&quot;:{&quot;action&quot;:&quot;https:\\\/\\\/moncompte.actu.fr&quot;,&quot;category&quot;:&quot;mon compte&quot;,&quot;from&quot;:&quot;article footer&quot;,&quot;name&quot;:&quot;Mon actu&quot;,&quot;type&quot;:&quot;cta&quot;}}\" target=\"_blank\">Mon Actu<\/a>.<\/p>\n","protected":false},"excerpt":{"rendered":"Par R\u00e9daction Seine-Saint-Denis Publi\u00e9 le 26 mai 2025 \u00e0 20h46 A chaque visite son lot de surprises pour&hellip;\n","protected":false},"author":2,"featured_media":130654,"comment_status":"","ping_status":"","sticky":false,"template":"","format":"standard","meta":{"footnotes":""},"categories":[1888],"tags":[1111,1928,11,1927,215,1777,674,1011,27,12,1926,626,1925,7134,25,1340,104],"class_list":{"0":"post-130653","1":"post","2":"type-post","3":"status-publish","4":"format-standard","5":"has-post-thumbnail","7":"category-paris","8":"tag-actu","9":"tag-actu-paris","10":"tag-actualites","11":"tag-actualites-paris","12":"tag-commerce","13":"tag-eu","14":"tag-europe","15":"tag-fr","16":"tag-france","17":"tag-news","18":"tag-news-paris","19":"tag-paris","20":"tag-paris-news","21":"tag-prefecture-de-seine-saint-denis","22":"tag-republique-francaise","23":"tag-restaurant","24":"tag-societe"},"share_on_mastodon":{"url":"https:\/\/pubeurope.com\/@fr\/114577279778116724","error":""},"_links":{"self":[{"href":"https:\/\/www.europesays.com\/fr\/wp-json\/wp\/v2\/posts\/130653","targetHints":{"allow":["GET"]}}],"collection":[{"href":"https:\/\/www.europesays.com\/fr\/wp-json\/wp\/v2\/posts"}],"about":[{"href":"https:\/\/www.europesays.com\/fr\/wp-json\/wp\/v2\/types\/post"}],"author":[{"embeddable":true,"href":"https:\/\/www.europesays.com\/fr\/wp-json\/wp\/v2\/users\/2"}],"replies":[{"embeddable":true,"href":"https:\/\/www.europesays.com\/fr\/wp-json\/wp\/v2\/comments?post=130653"}],"version-history":[{"count":0,"href":"https:\/\/www.europesays.com\/fr\/wp-json\/wp\/v2\/posts\/130653\/revisions"}],"wp:featuredmedia":[{"embeddable":true,"href":"https:\/\/www.europesays.com\/fr\/wp-json\/wp\/v2\/media\/130654"}],"wp:attachment":[{"href":"https:\/\/www.europesays.com\/fr\/wp-json\/wp\/v2\/media?parent=130653"}],"wp:term":[{"taxonomy":"category","embeddable":true,"href":"https:\/\/www.europesays.com\/fr\/wp-json\/wp\/v2\/categories?post=130653"},{"taxonomy":"post_tag","embeddable":true,"href":"https:\/\/www.europesays.com\/fr\/wp-json\/wp\/v2\/tags?post=130653"}],"curies":[{"name":"wp","href":"https:\/\/api.w.org\/{rel}","templated":true}]}}