{"id":13066,"date":"2025-04-09T16:33:08","date_gmt":"2025-04-09T16:33:08","guid":{"rendered":"https:\/\/www.europesays.com\/fr\/13066\/"},"modified":"2025-04-09T16:33:08","modified_gmt":"2025-04-09T16:33:08","slug":"il-y-a-23-ans-lhistoire-a-ete-faite-avec-la-premiere-victoire-de-valentino-rossi-en-motogp-a-suzuka","status":"publish","type":"post","link":"https:\/\/www.europesays.com\/fr\/13066\/","title":{"rendered":"Il y a 23 ans, l&rsquo;histoire a \u00e9t\u00e9 faite avec la premi\u00e8re victoire de Valentino Rossi en MotoGP, \u00e0 Suzuka."},"content":{"rendered":"<p>Le 7 avril 2002, le circuit de Suzuka au Japon a \u00e9t\u00e9 le th\u00e9\u00e2tre d\u2019un moment historique dans le monde de la course de motos : Valentino Rossi a remport\u00e9 la premi\u00e8re course de l\u2019\u00e8re MotoGP, inaugurant une nouvelle phase dans les comp\u00e9titions de vitesse. Cette victoire a marqu\u00e9 le d\u00e9but de la transition des motos de 500cc vers des moteurs puissants de 990cc \u00e0 quatre temps, Rossi d\u00e9montrant sa ma\u00eetrise au guidon de la Honda RC211V.<\/p>\n<p>Les conditions m\u00e9t\u00e9orologiques d\u00e9favorables ce jour-l\u00e0, avec de fortes pluies, ont rendu la piste particuli\u00e8rement difficile, entra\u00eenant plusieurs chutes parmi les pilotes. Malgr\u00e9 cela, Rossi s\u2019est distingu\u00e9 par son habilet\u00e9 et son contr\u00f4le, s\u00e9curisant la victoire. Le podium a \u00e9t\u00e9 compl\u00e9t\u00e9 par Akira Ry\u014d, de Suzuki, \u00e0 la deuxi\u00e8me place, et Carlos Checa, de Yamaha, \u00e0 la troisi\u00e8me, soulignant la comp\u00e9titivit\u00e9 entre diff\u00e9rents fabricants au d\u00e9but de cette nouvelle \u00e8re.<\/p>\n<p>Cette course a non seulement marqu\u00e9 la supr\u00e9matie initiale de Rossi dans la cat\u00e9gorie reine, mais a \u00e9galement donn\u00e9 le ton pour une saison domin\u00e9e par l\u2019Italien. Tout au long de 2002, Rossi a remport\u00e9 un total de 11 victoires en 16 courses, s\u00e9curisant le titre mondial avec une marge confortable sur ses rivaux.<\/p>\n<p>La transition vers des motos de 990cc a apport\u00e9 des changements significatifs au championnat, avec l\u2019introduction de nouvelles technologies et de nouveaux d\u00e9fis. Rossi s\u2019est rapidement adapt\u00e9, consolidant sa r\u00e9putation comme l\u2019un des plus grands talents de la course de motos. La victoire \u00e0 Suzuka n\u2019\u00e9tait que le d\u00e9but d\u2019une \u00e8re dor\u00e9e pour le pilote italien, qui allait accumuler de nombreux titres et cimenter son h\u00e9ritage dans le sport.<\/p>\n<p>Apr\u00e8s 23 ans, la conqu\u00eate de Rossi \u00e0 Suzuka reste une \u00e9tape marquante de l\u2019histoire de la MotoGP, symbolisant le d\u00e9but d\u2019une nouvelle \u00e8re et l\u2019ascension de l\u2019un des plus grands noms de la course de motos dans le monde.<\/p>\n","protected":false},"excerpt":{"rendered":"Le 7 avril 2002, le circuit de Suzuka au Japon a \u00e9t\u00e9 le th\u00e9\u00e2tre d\u2019un moment historique dans&hellip;\n","protected":false},"author":2,"featured_media":13067,"comment_status":"","ping_status":"","sticky":false,"template":"","format":"standard","meta":{"footnotes":""},"categories":[1413],"tags":[1011,27,1457,1456,1458,60,5929],"class_list":{"0":"post-13066","1":"post","2":"type-post","3":"status-publish","4":"format-standard","5":"has-post-thumbnail","7":"category-moto","8":"tag-fr","9":"tag-france","10":"tag-moto","11":"tag-motocycle","12":"tag-motogp","13":"tag-sports","14":"tag-valentino-rossi"},"share_on_mastodon":{"url":"https:\/\/pubeurope.com\/@fr\/114308972835481951","error":""},"_links":{"self":[{"href":"https:\/\/www.europesays.com\/fr\/wp-json\/wp\/v2\/posts\/13066","targetHints":{"allow":["GET"]}}],"collection":[{"href":"https:\/\/www.europesays.com\/fr\/wp-json\/wp\/v2\/posts"}],"about":[{"href":"https:\/\/www.europesays.com\/fr\/wp-json\/wp\/v2\/types\/post"}],"author":[{"embeddable":true,"href":"https:\/\/www.europesays.com\/fr\/wp-json\/wp\/v2\/users\/2"}],"replies":[{"embeddable":true,"href":"https:\/\/www.europesays.com\/fr\/wp-json\/wp\/v2\/comments?post=13066"}],"version-history":[{"count":0,"href":"https:\/\/www.europesays.com\/fr\/wp-json\/wp\/v2\/posts\/13066\/revisions"}],"wp:featuredmedia":[{"embeddable":true,"href":"https:\/\/www.europesays.com\/fr\/wp-json\/wp\/v2\/media\/13067"}],"wp:attachment":[{"href":"https:\/\/www.europesays.com\/fr\/wp-json\/wp\/v2\/media?parent=13066"}],"wp:term":[{"taxonomy":"category","embeddable":true,"href":"https:\/\/www.europesays.com\/fr\/wp-json\/wp\/v2\/categories?post=13066"},{"taxonomy":"post_tag","embeddable":true,"href":"https:\/\/www.europesays.com\/fr\/wp-json\/wp\/v2\/tags?post=13066"}],"curies":[{"name":"wp","href":"https:\/\/api.w.org\/{rel}","templated":true}]}}