{"id":130661,"date":"2025-05-27T01:51:09","date_gmt":"2025-05-27T01:51:09","guid":{"rendered":"https:\/\/www.europesays.com\/fr\/130661\/"},"modified":"2025-05-27T01:51:09","modified_gmt":"2025-05-27T01:51:09","slug":"la-russie-a-pris-quatre-villages-dans-la-region-de-soumy-dit-lukraine-27-05-2025-a-0002","status":"publish","type":"post","link":"https:\/\/www.europesays.com\/fr\/130661\/","title":{"rendered":"La Russie a pris quatre villages dans la r\u00e9gion de Soumy, dit l&rsquo;Ukraine &#8211; 27\/05\/2025 \u00e0 00:02"},"content":{"rendered":"<p>\n L&rsquo;arm\u00e9e russe a captur\u00e9 quatre<br \/>\nvillages dans la r\u00e9gion ukrainienne de Soumy, frontali\u00e8re de la<br \/>\nRussie, dans le cadre d&rsquo;efforts destin\u00e9s \u00e0 cr\u00e9er une \u00ab\u00a0zone<br \/>\ntampon\u00a0\u00bb en territoire ukrainien, a d\u00e9clar\u00e9 lundi le gouverneur<br \/>\nde la r\u00e9gion du Nord-Est ukrainien, Oleh Hryhorov, via le r\u00e9seau<br \/>\nsocial Facebook.\n<\/p>\n<p>\n Des avanc\u00e9es de Moscou \u00e0 Soumy avaient \u00e9t\u00e9 signal\u00e9es ces<br \/>\nderniers jours par l&rsquo;arm\u00e9e russe et des blogueurs russes, alors<br \/>\nque la r\u00e9gion est r\u00e9guli\u00e8rement cibl\u00e9e depuis des mois par des<br \/>\nfrappes a\u00e9riennes.\n<\/p>\n<p>\n Les villages de Novenke, Basivka, Veselivka et Zhouravka<br \/>\nsont d\u00e9sormais aux mains de la Russie, a dit Oleh Hryhorov,<br \/>\npr\u00e9cisant que les habitants avaient \u00e9t\u00e9 \u00e9vacu\u00e9s de longue date.\n<\/p>\n<p>\n \u00ab\u00a0L&rsquo;ennemi continue d&rsquo;essayer d&rsquo;avancer afin d&rsquo;\u00e9tablir de<br \/>\nsoi-disant &lsquo;zones tampon'\u00a0\u00bb, a-t-il \u00e9crit.\n<\/p>\n<p>\n Les troupes ukrainiennes \u00ab\u00a0maintiennent la situation sous<br \/>\ncontr\u00f4le\u00a0\u00bb alors que les affrontements se poursuivent dans des<br \/>\nvillages voisins, a-t-il ajout\u00e9.\n<\/p>\n<p>\n (Ron Popeski et Oleksandr Kozhukhar; version fran\u00e7aise Jean<br \/>\nTerzian)<\/p>\n","protected":false},"excerpt":{"rendered":"L&rsquo;arm\u00e9e russe a captur\u00e9 quatre villages dans la r\u00e9gion ukrainienne de Soumy, frontali\u00e8re de la Russie, dans le&hellip;\n","protected":false},"author":2,"featured_media":2486,"comment_status":"","ping_status":"","sticky":false,"template":"","format":"standard","meta":{"footnotes":""},"categories":[1591],"tags":[400,11,398,408,405,1887,403,402,399,404,12,1885,1886,132,401,406,407],"class_list":{"0":"post-130661","1":"post","2":"type-post","3":"status-publish","4":"format-standard","5":"has-post-thumbnail","7":"category-russie","8":"tag-action-cac-40","9":"tag-actualites","10":"tag-bourse-de-paris","11":"tag-boursorama","12":"tag-cotations","13":"tag-federation-de-russie","14":"tag-indices-devises","15":"tag-investir","16":"tag-investissement","17":"tag-marche-boursier","18":"tag-news","19":"tag-russia","20":"tag-russian-federation","21":"tag-russie","22":"tag-sicav","23":"tag-trackers","24":"tag-warrants"},"share_on_mastodon":{"url":"https:\/\/pubeurope.com\/@fr\/114577295738274123","error":""},"_links":{"self":[{"href":"https:\/\/www.europesays.com\/fr\/wp-json\/wp\/v2\/posts\/130661","targetHints":{"allow":["GET"]}}],"collection":[{"href":"https:\/\/www.europesays.com\/fr\/wp-json\/wp\/v2\/posts"}],"about":[{"href":"https:\/\/www.europesays.com\/fr\/wp-json\/wp\/v2\/types\/post"}],"author":[{"embeddable":true,"href":"https:\/\/www.europesays.com\/fr\/wp-json\/wp\/v2\/users\/2"}],"replies":[{"embeddable":true,"href":"https:\/\/www.europesays.com\/fr\/wp-json\/wp\/v2\/comments?post=130661"}],"version-history":[{"count":0,"href":"https:\/\/www.europesays.com\/fr\/wp-json\/wp\/v2\/posts\/130661\/revisions"}],"wp:featuredmedia":[{"embeddable":true,"href":"https:\/\/www.europesays.com\/fr\/wp-json\/wp\/v2\/media\/2486"}],"wp:attachment":[{"href":"https:\/\/www.europesays.com\/fr\/wp-json\/wp\/v2\/media?parent=130661"}],"wp:term":[{"taxonomy":"category","embeddable":true,"href":"https:\/\/www.europesays.com\/fr\/wp-json\/wp\/v2\/categories?post=130661"},{"taxonomy":"post_tag","embeddable":true,"href":"https:\/\/www.europesays.com\/fr\/wp-json\/wp\/v2\/tags?post=130661"}],"curies":[{"name":"wp","href":"https:\/\/api.w.org\/{rel}","templated":true}]}}