{"id":130662,"date":"2025-05-27T01:52:11","date_gmt":"2025-05-27T01:52:11","guid":{"rendered":"https:\/\/www.europesays.com\/fr\/130662\/"},"modified":"2025-05-27T01:52:11","modified_gmt":"2025-05-27T01:52:11","slug":"les-occidentaux-senervent-fort-le-kremlin-se-console-avec-l-emmanuel-gate","status":"publish","type":"post","link":"https:\/\/www.europesays.com\/fr\/130662\/","title":{"rendered":"Les Occidentaux s\u2019\u00e9nervent fort, le Kremlin se console avec l&rsquo;\u00ab\u00a0Emmanuel-gate\u00a0\u00bb"},"content":{"rendered":"<p>Vous avez rat\u00e9 les derniers \u00e9v\u00e9nements sur la <a href=\"https:\/\/www.20minutes.fr\/monde\/ukraine\/\" class=\"color-ultramarine c-link\" rel=\"nofollow noopener\" target=\"_blank\">guerre en Ukraine<\/a>\u00a0? 20 Minutes fait le point pour vous tous les soirs. Voici l\u2019essentiel de ce lundi 26\u00a0mai, 1.188e jour du conflit.<\/p>\n<p>Le fait du jour<\/p>\n<p>Une nouvelle pluie de feu s\u2019est abattue dans la nuit de dimanche \u00e0 lundi sur l\u2019Ukraine apr\u00e8s les bombardements meurtriers du week-end. Cette nouvelle offensive a\u00e9rienne a impliqu\u00e9 355 drones russes et entra\u00een\u00e9 six heures d\u2019alerte non-stop \u00e0 Kiev. \u00ab\u00a0C\u2019\u00e9tait d\u00e9j\u00e0 la troisi\u00e8me nuit d\u2019affil\u00e9e de terreur russe combin\u00e9e \u2013 avec des drones d\u2019attaque et des missiles\u00a0\u00bb, a d\u00e9nonc\u00e9 <a href=\"https:\/\/www.20minutes.fr\/monde\/volodymyr-zelensky\/\" class=\"color-ultramarine c-link\" rel=\"nofollow noopener\" target=\"_blank\">Volodymyr Zelensky<\/a> sur les r\u00e9seaux sociaux. \u00ab\u00a0Seul un sentiment d\u2019impunit\u00e9 totale permet \u00e0 la <a href=\"https:\/\/www.20minutes.fr\/monde\/russie\/\" class=\"color-ultramarine c-link\" rel=\"nofollow noopener\" target=\"_blank\">Russie<\/a> de porter de tels coups et d\u2019en augmenter constamment l\u2019ampleur\u00a0\u00bb, a-t-il ajout\u00e9.<\/p>\n<p>Et les Occidentaux semblent avoir entendu le pr\u00e9sident ukrainien. Apr\u00e8s l\u2019emportement inhabituel de Donald Trump contre son \u00ab\u00a0ami\u00a0\u00bb Vladimir Poutine (lire ci-dessous), le chancelier allemand a lev\u00e9 un \u00e9norme tabou\u00a0: \u00ab\u00a0Il n\u2019y a plus de limites de port\u00e9e pour les armes qui ont \u00e9t\u00e9 livr\u00e9es \u00e0 l\u2019Ukraine. Ni par les Britanniques, ni par les Fran\u00e7ais, ni par nous. Ni par les Am\u00e9ricains\u00a0\u00bb, a annonc\u00e9 <a href=\"https:\/\/www.20minutes.fr\/politique\/friedrich-merz\/\" class=\"color-ultramarine c-link\" rel=\"nofollow noopener\" target=\"_blank\">Friedrich Merz<\/a>, au cours d\u2019un entretien avec la t\u00e9l\u00e9vision publique WDR \u00e0 Berlin. \u00ab\u00a0Cela signifie que l\u2019Ukraine peut d\u00e9sormais se d\u00e9fendre, par exemple en attaquant des positions militaires en Russie [\u2026], ce qu\u2019elle ne faisait pas il y a quelque temps, \u00e0 quelques exceptions pr\u00e8s. Elle peut le faire maintenant\u00a0\u00bb, a ajout\u00e9 le nouveau dirigeant de l\u2019<a href=\"https:\/\/www.20minutes.fr\/dossier\/allemagne\" class=\"color-ultramarine c-link\" rel=\"nofollow noopener\" target=\"_blank\">Allemagne<\/a>.<\/p>\n<p>Le Kremlin a imm\u00e9diatement r\u00e9agi en employant le registre de la menace. \u00ab\u00a0Si ces d\u00e9cisions ont vraiment eu lieu, elles vont absolument \u00e0 l\u2019encontre de nos aspirations \u00e0 entrer dans un r\u00e8glement politique [\u2026]. Et donc c\u2019est une d\u00e9cision assez dangereuse\u00a0\u00bb, a averti Dmitri Peskov, le porte-parole de la pr\u00e9sidence russe. La pression occidentale est \u00e0 son comble, la crispation aussi.<\/p>\n<\/p>\n<p>La d\u00e9claration du jour<\/p>\n<blockquote class=\"mx-m@xs mx-xxl@md color-ultramarine c-citation\">\n<p class=\"font-weight-regular@xs text-italic font-source-serif-pro text-l@xs c-citation__content\">\u00ab\u00a0\u00ab\u00a0J\u2019ai toujours eu de tr\u00e8s bonnes relations avec [le pr\u00e9sident] russe Vladimir Poutine mais quelque chose lui est arriv\u00e9. Il est devenu compl\u00e8tement FOU\u00a0!\u00a0\u00bb,\u00a0\u00bb<\/p>\n<\/blockquote>\n<p>Tr\u00eave d\u2019amabilit\u00e9s. <a href=\"https:\/\/www.20minutes.fr\/dossier\/donald_trump\" class=\"color-ultramarine c-link\" rel=\"nofollow noopener\" target=\"_blank\">Donald Trump<\/a> a prof\u00e9r\u00e9 ce jugement dans la nuit de dimanche \u00e0 lundi, avant m\u00eame la nouvelle attaque massive russe. Le Kremlin a r\u00e9torqu\u00e9 sur le m\u00eame ton, attribuant le propos du pr\u00e9sident am\u00e9ricain \u00e0 une \u00ab\u00a0surcharge \u00e9motionnelle\u00a0\u00bb, et affirmant que <a href=\"https:\/\/www.20minutes.fr\/monde\/vladimir_poutine\/\" class=\"color-ultramarine c-link\" rel=\"nofollow noopener\" target=\"_blank\">Vladimir Poutine<\/a> se contentait de d\u00e9fendre la Russie.<\/p>\n<p>Le chiffre du jour<\/p>\n<p>6. Le nombre d&rsquo;\u00ab\u00a0espions\u00a0\u00bb dont les services de s\u00e9curit\u00e9 ukrainiens ont annonc\u00e9 l\u2019arrestation ce lundi. Cinq d\u2019entre eux faisaient partie d\u2019un \u00ab\u00a0r\u00e9seau d\u2019agents des services sp\u00e9ciaux russes qui coordonnaient les frappes a\u00e9riennes dans les r\u00e9gions de l\u2019est, du sud et de l\u2019ouest de l\u2019Ukraine\u00a0\u00bb, a affirm\u00e9 le SBU dans un communiqu\u00e9 publi\u00e9 sur Telegram. Les membres de cette \u00ab\u00a0cellule\u00a0\u00bb, \u00e2g\u00e9s de 16 \u00e0 23 ans, \u00e9taient \u00ab\u00a0charg\u00e9s de pr\u00e9parer des coordonn\u00e9es\u00a0\u00bb pour des frappes russes visant des \u00ab\u00a0installations de d\u00e9fense ukrainiennes\u00a0\u00bb.<\/p>\n<p>Le SBU affirme \u00e9galement avoir interpell\u00e9 un autre \u00ab\u00a0informateur\u00a0\u00bb russe dans la r\u00e9gion m\u00e9ridionale de Mykola\u00efv, un homme de 57 ans, ancien employ\u00e9 d\u2019une usine de meubles. \u00ab\u00a0La t\u00e2che principale de l\u2019agent consistait \u00e0 identifier et transmettre les coordonn\u00e9es des points de contr\u00f4le et autres lieux\u00a0\u00bb o\u00f9 se concentraient des militaires ukrainiens, ainsi qu\u2019\u00e0 \u00ab\u00a0effectuer des missions de reconnaissance sur un a\u00e9rodrome local\u00a0\u00bb, explique le SBU.<\/p>\n<p>La tendance<\/p>\n<p>L\u2019aubaine \u00e9tait trop belle. Bien aid\u00e9 par la communication de l\u2019Elys\u00e9e, criant dans un premier temps au montage, Kremlin a savour\u00e9 ce lundi la vid\u00e9o virale du couple <a href=\"https:\/\/www.20minutes.fr\/politique\/emmanuel-macron\/\" class=\"color-ultramarine c-link\" rel=\"nofollow noopener\" target=\"_blank\">Macron<\/a> en pleine \u00ab\u00a0chamaillerie\u00a0\u00bb \u00e0 sa descente d\u2019avion au Vietnam. \u00ab\u00a0Ce qui est int\u00e9ressant, ce n\u2019est pas \u00e7a [les images \u00e0 Hano\u00ef] mais ce que va imaginer cette fois le palais de l\u2019Elys\u00e9e pour couvrir ce nouvel \u00ab\u00a0Emmanuel-gate\u00a0\u00bb\u00a0\u00bb, a ironis\u00e9 la porte-parole du minist\u00e8re russe des Affaires \u00e9trang\u00e8res, Maria Zakharova.<\/p>\n<p><a href=\"https:\/\/www.20minutes.fr\/monde\/ukraine\/\" class=\"c-link c-btn c-btn--primary\" rel=\"nofollow noopener\" target=\"_blank\">Notre dossier sur la guerre en Ukraine<\/a><\/p>\n<p>\u00ab\u00a0Qu\u2019est-ce que ce sera cette fois\u00a0? La premi\u00e8re dame a voulu remonter le moral de son \u00e9poux en lui caressant doucement la joue mais a mal calcul\u00e9 sa force\u00a0? Elle lui a donn\u00e9 un mouchoir mais s\u2019est rat\u00e9e\u00a0?\u00a0\u00bb, a-t-elle poursuivi. \u00ab\u00a0Ma suggestion\u00a0: peut-\u00eatre qu\u2019il s\u2019agissait de la main du Kremlin\u00a0?\u00a0\u00bb, a conclu avec d\u00e9lectation la porte-parole, dans un message diffus\u00e9 sur son compte Telegram.<\/p>\n","protected":false},"excerpt":{"rendered":"Vous avez rat\u00e9 les derniers \u00e9v\u00e9nements sur la guerre en Ukraine\u00a0? 20 Minutes fait le point pour vous&hellip;\n","protected":false},"author":2,"featured_media":130663,"comment_status":"","ping_status":"","sticky":false,"template":"","format":"standard","meta":{"footnotes":""},"categories":[1590],"tags":[47,11,672,4755,986,1073,4777,73,1777,674,4710,131,4998,3343,74,12,132,220,135,134],"class_list":{"0":"post-130662","1":"post","2":"type-post","3":"status-publish","4":"format-standard","5":"has-post-thumbnail","7":"category-ukraine","8":"tag-actualite","9":"tag-actualites","10":"tag-allemagne","11":"tag-bombardement","12":"tag-brigitte-macron","13":"tag-emmanuel-macron","14":"tag-espionnage","15":"tag-etats-unis","16":"tag-eu","17":"tag-europe","18":"tag-friedrich-merz","19":"tag-guerre-en-ukraine","20":"tag-kremlin","21":"tag-missile","22":"tag-monde","23":"tag-news","24":"tag-russie","25":"tag-ukraine","26":"tag-vladimir-poutine","27":"tag-volodymyr-zelensky"},"share_on_mastodon":{"url":"https:\/\/pubeurope.com\/@fr\/114577299455900700","error":""},"_links":{"self":[{"href":"https:\/\/www.europesays.com\/fr\/wp-json\/wp\/v2\/posts\/130662","targetHints":{"allow":["GET"]}}],"collection":[{"href":"https:\/\/www.europesays.com\/fr\/wp-json\/wp\/v2\/posts"}],"about":[{"href":"https:\/\/www.europesays.com\/fr\/wp-json\/wp\/v2\/types\/post"}],"author":[{"embeddable":true,"href":"https:\/\/www.europesays.com\/fr\/wp-json\/wp\/v2\/users\/2"}],"replies":[{"embeddable":true,"href":"https:\/\/www.europesays.com\/fr\/wp-json\/wp\/v2\/comments?post=130662"}],"version-history":[{"count":0,"href":"https:\/\/www.europesays.com\/fr\/wp-json\/wp\/v2\/posts\/130662\/revisions"}],"wp:featuredmedia":[{"embeddable":true,"href":"https:\/\/www.europesays.com\/fr\/wp-json\/wp\/v2\/media\/130663"}],"wp:attachment":[{"href":"https:\/\/www.europesays.com\/fr\/wp-json\/wp\/v2\/media?parent=130662"}],"wp:term":[{"taxonomy":"category","embeddable":true,"href":"https:\/\/www.europesays.com\/fr\/wp-json\/wp\/v2\/categories?post=130662"},{"taxonomy":"post_tag","embeddable":true,"href":"https:\/\/www.europesays.com\/fr\/wp-json\/wp\/v2\/tags?post=130662"}],"curies":[{"name":"wp","href":"https:\/\/api.w.org\/{rel}","templated":true}]}}