{"id":130668,"date":"2025-05-27T01:55:20","date_gmt":"2025-05-27T01:55:20","guid":{"rendered":"https:\/\/www.europesays.com\/fr\/130668\/"},"modified":"2025-05-27T01:55:20","modified_gmt":"2025-05-27T01:55:20","slug":"friedrich-merz-annonce-la-fin-des-limitations-de-portee-des-armes-livrees-a-lukraine","status":"publish","type":"post","link":"https:\/\/www.europesays.com\/fr\/130668\/","title":{"rendered":"Friedrich Merz annonce la fin des \u201climitations de port\u00e9e des armes livr\u00e9es \u00e0 l\u2019Ukraine\u201d"},"content":{"rendered":"\n<p>\u201cIl n\u2019y a plus de limitations sur la port\u00e9e des armes livr\u00e9es \u00e0 l\u2019Ukraine\u201d, a d\u00e9clar\u00e9 le chancelier allemand, Friedrich Merz, lors d\u2019un forum organis\u00e9 par la cha\u00eene de t\u00e9l\u00e9vision publique allemande WDR, lundi 26\u00a0mai. \u201cNi du Royaume-Uni, ni de la France, ni de notre part. Ni des Am\u00e9ricains, non plus.\u201d<\/p>\n<p>\u201cMaintenant, l\u2019Ukraine peut aussi se d\u00e9fendre en attaquant des positions militaires en Russie\u201d, a confirm\u00e9 le chr\u00e9tien-d\u00e9mocrate sur <a class=\"ithalc\" data-ithal=\"lien_externe\" data-ithalc=\"[nav_article]\" target=\"_blank\" href=\"https:\/\/x.com\/bundeskanzler\/status\/1926985204498829795\" rel=\"nofollow\">son compte X<\/a>. Une position qu\u2019il d\u00e9fendait d\u00e9j\u00e0 lors de sa campagne pour la chancellerie, notamment sur l\u2019\u00e9pineuse question des missiles longue port\u00e9e Taurus.<\/p>\n<p>\u201cAu d\u00e9but, on ne voyait pas clairement dans quelle mesure cela repr\u00e9senterait un changement significatif par rapport \u00e0 l\u2019attitude qui avait cours jusqu\u2019alors\u201d, <a class=\"ithalc\" data-ithal=\"lien_externe\" data-ithalc=\"[nav_article]\" target=\"_blank\" href=\"https:\/\/www.faz.net\/aktuell\/politik\/ukraine\/ukraine-liveticker-merz-keine-reichweitenbeschraenkungen-fuer-deutsche-waffen-faz-110172806.html\" rel=\"nofollow noopener\">commente la <strong>Frankfurter Allgemeine Zeitung<\/strong> dans son direct<\/a>. Avant d\u2019ajouter\u00a0: \u201cAu sujet de la question qui fait d\u00e9bat au sein de la coalition, celle de l\u2019\u00e9ventuelle livraison par l\u2019Allemagne du missile de croisi\u00e8re Taurus, le gouvernement ne donne plus aucune information. En ce moment, l\u2019Ukraine frappe d\u00e9j\u00e0 r\u00e9guli\u00e8rement des cibles sur le territoire russe avec des armes occidentales.\u201d<\/p>\n<p>                    \u201cUne d\u00e9cision dangereuse\u201d, pour Moscou       <\/p>\n<p>Mais le flou sur une livraison de Taurus \u00e0 Kiev demeure. L\u2019objectif est de cr\u00e9er une \u201cambigu\u00eft\u00e9 strat\u00e9gique\u201d, avait expliqu\u00e9 \u00e0 la mi-mai le porte-parole du gouvernement, Stefan Kornelius, de mani\u00e8re \u00e0 ne pas donner d\u2019indications au Kremlin, <a class=\"ithalc\" data-ithal=\"lien_externe\" data-ithalc=\"[nav_article]\" target=\"_blank\" href=\"https:\/\/www.berliner-zeitung.de\/news\/deutschland-hebt-reichweitenbeschraenkung-fuer-attacken-auf-russland-auf-li.2328273\" rel=\"nofollow noopener\">comme le rappelle la <strong>Berliner Zeitung<\/strong><\/a><strong>.<\/strong><\/p>\n<p>Dans l\u2019apr\u00e8s-midi, la Russie a d\u00e9nonc\u00e9 cette annonce de ne plus limiter la port\u00e9e des armes livr\u00e9es \u00e0 l\u2019Ukraine faite par le chancelier allemand. \u201cSi de telles d\u00e9cisions ont effectivement \u00e9t\u00e9 prises, elles vont compl\u00e8tement \u00e0 l\u2019encontre de notre volont\u00e9 de parvenir \u00e0 un r\u00e8glement politique\u201d, a d\u00e9clar\u00e9 le porte-parole du Kremlin, Dmitri Peskov, <a class=\"ithalc\" data-ithal=\"lien_externe\" data-ithalc=\"[nav_article]\" target=\"_blank\" href=\"https:\/\/life.ru\/p\/1755740\" rel=\"nofollow noopener\">au journaliste du titre russe <strong>Life<\/strong><\/a> Alexandre Younachev. \u201cEn d\u2019autres termes, [c\u2019est] une d\u00e9cision assez dangereuse\u201d, a-t-il r\u00e9sum\u00e9, cit\u00e9 <a class=\"ithalc\" data-ithal=\"lien_externe\" data-ithalc=\"[nav_article]\" target=\"_blank\" href=\"https:\/\/tass.ru\/politika\/24050633\" rel=\"nofollow noopener\">par l\u2019agence de presse <strong>Tass<\/strong><\/a><strong>.<\/strong><\/p>\n<p>Cette annonce de Friedrich Merz intervient apr\u00e8s une vaste attaque a\u00e9rienne russe dans la nuit du 25 au 26\u00a0mai. <a href=\"https:\/\/www.courrierinternational.com\/article\/le-chiffre-du-jour-la-russie-a-lance-un-nombre-record-de-drones-sur-l-ukraine_231304\" rel=\"nofollow noopener\" target=\"_blank\">Au total, 355\u00a0drones ont \u00e9t\u00e9 t\u00e9l\u00e9guid\u00e9s<\/a> et 9\u00a0missiles de croisi\u00e8re ont \u00e9t\u00e9 tir\u00e9s sur les r\u00e9gions de Kiev, Odessa, Zaporijjia, Dnipropetrovsk et Khmelnytsky.<\/p>\n","protected":false},"excerpt":{"rendered":"\u201cIl n\u2019y a plus de limitations sur la port\u00e9e des armes livr\u00e9es \u00e0 l\u2019Ukraine\u201d, a d\u00e9clar\u00e9 le chancelier&hellip;\n","protected":false},"author":2,"featured_media":130669,"comment_status":"","ping_status":"","sticky":false,"template":"","format":"standard","meta":{"footnotes":""},"categories":[1587],"tags":[11,672,1804,1805,1803,1777,674,4710,1801,1892,131,12,1802,220],"class_list":{"0":"post-130668","1":"post","2":"type-post","3":"status-publish","4":"format-standard","5":"has-post-thumbnail","7":"category-allemagne","8":"tag-actualites","9":"tag-allemagne","10":"tag-bundesrepublik-deutschland","11":"tag-de","12":"tag-deutschland","13":"tag-eu","14":"tag-europe","15":"tag-friedrich-merz","16":"tag-germany","17":"tag-gu00e9opolitique","18":"tag-guerre-en-ukraine","19":"tag-news","20":"tag-republique-federale-dallemagne","21":"tag-ukraine"},"share_on_mastodon":{"url":"https:\/\/pubeurope.com\/@fr\/114577311251126652","error":""},"_links":{"self":[{"href":"https:\/\/www.europesays.com\/fr\/wp-json\/wp\/v2\/posts\/130668","targetHints":{"allow":["GET"]}}],"collection":[{"href":"https:\/\/www.europesays.com\/fr\/wp-json\/wp\/v2\/posts"}],"about":[{"href":"https:\/\/www.europesays.com\/fr\/wp-json\/wp\/v2\/types\/post"}],"author":[{"embeddable":true,"href":"https:\/\/www.europesays.com\/fr\/wp-json\/wp\/v2\/users\/2"}],"replies":[{"embeddable":true,"href":"https:\/\/www.europesays.com\/fr\/wp-json\/wp\/v2\/comments?post=130668"}],"version-history":[{"count":0,"href":"https:\/\/www.europesays.com\/fr\/wp-json\/wp\/v2\/posts\/130668\/revisions"}],"wp:featuredmedia":[{"embeddable":true,"href":"https:\/\/www.europesays.com\/fr\/wp-json\/wp\/v2\/media\/130669"}],"wp:attachment":[{"href":"https:\/\/www.europesays.com\/fr\/wp-json\/wp\/v2\/media?parent=130668"}],"wp:term":[{"taxonomy":"category","embeddable":true,"href":"https:\/\/www.europesays.com\/fr\/wp-json\/wp\/v2\/categories?post=130668"},{"taxonomy":"post_tag","embeddable":true,"href":"https:\/\/www.europesays.com\/fr\/wp-json\/wp\/v2\/tags?post=130668"}],"curies":[{"name":"wp","href":"https:\/\/api.w.org\/{rel}","templated":true}]}}