{"id":130695,"date":"2025-05-27T02:12:13","date_gmt":"2025-05-27T02:12:13","guid":{"rendered":"https:\/\/www.europesays.com\/fr\/130695\/"},"modified":"2025-05-27T02:12:13","modified_gmt":"2025-05-27T02:12:13","slug":"les-amis-de-port-anna-a-sene-publient-deux-nouveaux-livres-sur-les-marins-sinagots-sport","status":"publish","type":"post","link":"https:\/\/www.europesays.com\/fr\/130695\/","title":{"rendered":"Les Amis de Port Anna, \u00e0 S\u00e9n\u00e9, publient deux nouveaux livres sur les marins sinagots . Sport"},"content":{"rendered":"<p>Luc Brulais, historien amateur de <a href=\"https:\/\/vannes.maville.com\/bretagne\/morbihan\/sene\/#resultat-recherche\" target=\"_blank\" rel=\"noopener\">S\u00e9n\u00e9 <\/a>(<a href=\"https:\/\/www.ouest-france.fr\/bretagne\/morbihan\/\" target=\"_blank\" rel=\"noopener\">Morbihan<\/a>), qui a \u00e9crit de nombreux ouvrages exclusivement consacr\u00e9s \u00e0 l\u2019histoire de S\u00e9n\u00e9, vient de publier deux nouveaux ouvrages. Le premier, Marins de S\u00e9n\u00e9, tome\u00a01, fait 457\u00a0pages. Il sera vendu uniquement sur commande.<\/p>\n<p>\u00a0J\u2019ai choisi de pr\u00e9senter ce premier tome sous la forme d\u2019un dictionnaire avec tous les patronymes class\u00e9s par ordre alphab\u00e9tique, explique Luc Brulais. Certaines familles sinagotes ont donn\u00e9 plus de vingt, voire cinquante hommes \u00e0 la p\u00eache sinagote. Il y a quelques femmes aussi. J\u2019ai travaill\u00e9 \u00e0 partir des fiches matricules de la Marine qui sont maintenant num\u00e9ris\u00e9es et accessibles sur internet. J\u2019ai r\u00e9colt\u00e9 des photos, des t\u00e9moignages. On peut trouver tous les embarquements des marins. Mais la tradition orale reste tr\u00e8s importante pour donner de la saveur \u00e0 mes livres.\u00a0<\/p>\n<p>101\u00a0Cap-Horniers sinagots<\/p>\n<p>Le second tome, Les Cap-Horniers, rappelle cette page d\u2019histoire des marins de S\u00e9n\u00e9 au long cours. \u00a0Je me suis aper\u00e7u que beaucoup de Sinagots avaient navigu\u00e9 sur de grands voiliers qui ont pass\u00e9 le Cap Horn. Sur ces 101\u00a0Cap-Horniers sinagots, neuf ne sont jamais revenus et cinq autres se sont noy\u00e9s par la suite.\u00a0<\/p>\n<p>On peut acqu\u00e9rir ce second tome par l\u2019interm\u00e9diaire de l\u2019association, au prix de 20\u00a0\u20ac. On peut l\u2019obtenir Aux joyeux Sinagots, \u00e0 Cadouarn, et \u00e0 la galerie Stal Arzou, au Poulfanc. On pourra d\u00e9couvrir les deux ouvrages au salon du livre durant la Semaine du Golfe. Il sera aussi en vente au salon du livre, S\u00e9n\u00e9 \u00e0 la Page, dimanche 27\u00a0juillet.<\/p>\n<p>Le 3e num\u00e9ro de La P\u2019tite Sinagote gazouille, petite gazette distribu\u00e9e par les Amis de Port Anna vient de sortir. Elle est distribu\u00e9e aux Sinagots dans certains commerces ou lors de manifestations. \u00a0Les lecteurs y trouvent la petite histoire de S\u00e9n\u00e9\u00a0\u00bb, annonce Nadine Tr\u00e9hin, secr\u00e9taire adjointe.<\/p>\n<p>Luc Brulais sera pr\u00e9sent au salon du livre de la Semaine du Golfe de Port-Anna, \u00e0 S\u00e9n\u00e9, jeudi 29\u00a0mai, de 17\u00a0h\u00a030 \u00e0 20\u00a0h, vendredi 30\u00a0mai, de 15\u00a0h \u00e0 20\u00a0h, samedi 31\u00a0mai, de 15\u00a0h \u00e0 20\u00a0h.<\/p>\n<p>\u00a0<\/p>\n","protected":false},"excerpt":{"rendered":"Luc Brulais, historien amateur de S\u00e9n\u00e9 (Morbihan), qui a \u00e9crit de nombreux ouvrages exclusivement consacr\u00e9s \u00e0 l\u2019histoire de&hellip;\n","protected":false},"author":2,"featured_media":130696,"comment_status":"","ping_status":"","sticky":false,"template":"","format":"standard","meta":{"footnotes":""},"categories":[1357],"tags":[1111,3809,1465,1379,58,59,63,1011,27,1792,1922,1380,479,517,3165,1470],"class_list":{"0":"post-130695","1":"post","2":"type-post","3":"status-publish","4":"format-standard","5":"has-post-thumbnail","7":"category-livres","8":"tag-actu","9":"tag-ball","10":"tag-basket","11":"tag-books","12":"tag-divertissement","13":"tag-entertainment","14":"tag-football","15":"tag-fr","16":"tag-france","17":"tag-handball","18":"tag-info","19":"tag-livres","20":"tag-rugby","21":"tag-sport","22":"tag-vannes","23":"tag-volley"},"share_on_mastodon":{"url":"https:\/\/pubeurope.com\/@fr\/114577378194322380","error":""},"_links":{"self":[{"href":"https:\/\/www.europesays.com\/fr\/wp-json\/wp\/v2\/posts\/130695","targetHints":{"allow":["GET"]}}],"collection":[{"href":"https:\/\/www.europesays.com\/fr\/wp-json\/wp\/v2\/posts"}],"about":[{"href":"https:\/\/www.europesays.com\/fr\/wp-json\/wp\/v2\/types\/post"}],"author":[{"embeddable":true,"href":"https:\/\/www.europesays.com\/fr\/wp-json\/wp\/v2\/users\/2"}],"replies":[{"embeddable":true,"href":"https:\/\/www.europesays.com\/fr\/wp-json\/wp\/v2\/comments?post=130695"}],"version-history":[{"count":0,"href":"https:\/\/www.europesays.com\/fr\/wp-json\/wp\/v2\/posts\/130695\/revisions"}],"wp:featuredmedia":[{"embeddable":true,"href":"https:\/\/www.europesays.com\/fr\/wp-json\/wp\/v2\/media\/130696"}],"wp:attachment":[{"href":"https:\/\/www.europesays.com\/fr\/wp-json\/wp\/v2\/media?parent=130695"}],"wp:term":[{"taxonomy":"category","embeddable":true,"href":"https:\/\/www.europesays.com\/fr\/wp-json\/wp\/v2\/categories?post=130695"},{"taxonomy":"post_tag","embeddable":true,"href":"https:\/\/www.europesays.com\/fr\/wp-json\/wp\/v2\/tags?post=130695"}],"curies":[{"name":"wp","href":"https:\/\/api.w.org\/{rel}","templated":true}]}}