{"id":130697,"date":"2025-05-27T02:13:09","date_gmt":"2025-05-27T02:13:09","guid":{"rendered":"https:\/\/www.europesays.com\/fr\/130697\/"},"modified":"2025-05-27T02:13:09","modified_gmt":"2025-05-27T02:13:09","slug":"lea-salame-ce-coup-de-poignard-dans-le-dos-signe-laurent-ruquier-il-en-a-gros-sur-la-patate","status":"publish","type":"post","link":"https:\/\/www.europesays.com\/fr\/130697\/","title":{"rendered":"L\u00e9a Salam\u00e9 : ce coup de poignard dans le dos sign\u00e9 Laurent Ruquier, il en a gros sur la patate"},"content":{"rendered":"<p>Souvenons nous&#8230; C&rsquo;\u00e9tait en 2014.<br \/>\n<strong>L\u00e9a Salam\u00e9 s&rsquo;est fait conna\u00eetre du grand public en<br \/>\nrejoignant On n&rsquo;est pas<br \/>\ncouch\u00e9<\/strong>, succ\u00e9dant \u00e0 Natacha Polony dans le r\u00f4le de<br \/>\nchroniqueuse aux c\u00f4t\u00e9s de Laurent Ruquier.<br \/>\nAvec son style incisif et sa capacit\u00e9 \u00e0 poser des questions<br \/>\npercutantes, elle a rapidement marqu\u00e9 les esprits, formant un duo<br \/>\nm\u00e9morable avec Aymeric Caron, puis <a href=\"https:\/\/www.closermag.fr\/tv_tele_realite\/tpmp\/tpmp-kelly-vedovelli-yann-moix-eric-naulleau-on-connait-les-plus-gros-salaires-de-lemission-3528209\" target=\"_blank\" rel=\"noopener\"><br \/>\nYann Moix<\/a>. Son passage dans l&rsquo;\u00e9mission a <strong>jou\u00e9 le<br \/>\nr\u00f4le d&rsquo;acc\u00e9l\u00e9rateur de carri\u00e8re<\/strong>. Elle s&rsquo;est peu \u00e0 peu<br \/>\nforg\u00e9 une place de plus en plus grande sur les \u00e9crans.<\/p>\n<p>\u00c0 l&rsquo;heure actuelle, elle est peut-\u00eatre une des journalistes les<br \/>\nplus connues du PAF. Animatrice de la matinale de France Inter la<br \/>\nsemaine, elle est aux manettes de\u00a0Quelle \u00e9poque ! le<br \/>\nweek-end. Pendant ce temps l\u00e0, au fil des ann\u00e9es, la carri\u00e8re de<br \/>\n<a href=\"https:\/\/www.closermag.fr\/people\/pas-suffisamment-confiance-participer-a-quelle-epoque-avec-lea-salame-laurent-ruquier-se-linterdit-3548508\" target=\"_blank\" rel=\"noopener\"><br \/>\nLaurent Ruquier<\/a> a l\u00e9g\u00e8rement pris du plomb dans l&rsquo;aile. Il<br \/>\nanime toujours les Grosses t\u00eates, mais, apr\u00e8s son \u00e9chec<br \/>\ncuisant chez BFMTV, <strong>on le voit de moins en moins.<\/strong><br \/>\nSi ce n&rsquo;est pour ses passages dans des \u00e9missions de divertissement,<br \/>\ncomme Les Tra\u00eetres, r\u00e9cemment. L&rsquo;\u00e9l\u00e8ve aurait-elle d\u00e9pass\u00e9<br \/>\nle ma\u00eetre ?<\/p>\n<p>Quelle \u00e9poque ! d\u00e9fi\u00e9 par l&rsquo;animateur ?<\/p>\n<p>En tout cas, bient\u00f4t, les deux anciens acolytes risquent de se<br \/>\nretrouver. Du moins, indirectement. R\u00e9cemment, l&rsquo;ex pr\u00e9sentateur<br \/>\nd&rsquo;On n&rsquo;est pas couch\u00e9 est revenu avec une nouvelle<br \/>\n\u00e9mission culturelle : Chez Ruquier. Celle-ci \u00e9tait<br \/>\n<strong>initialement programm\u00e9e de 20h \u00e0 21h sur T18<\/strong>.<br \/>\nMais, selon les informations <a href=\"https:\/\/www.ozap.com\/actu\/un-choix-assume-la-nouvelle-emission-de-laurent-ruquier-sur-t18-sera-rediffusee-face-a-lea-salame-et-quelle-epoque-le-samedi-soir\/650098\" target=\"_blank\" rel=\"noopener\"><br \/>\nPurem\u00e9dias<\/a>, elle vient d&rsquo;\u00eatre re-programm\u00e9e. Elle passera<br \/>\nd\u00e9sormais en deuxi\u00e8me partie de soir\u00e9e. Tout comme une autre<br \/>\n\u00e9mission bien connue : Quelle \u00e9poque !&#8230;<\/p>\n<p>Un ultime d\u00e9fi lanc\u00e9 \u00e0 son ancienne chroniqueuse ? Pas du tout,<br \/>\nselon Christopher Baldelli, directeur g\u00e9n\u00e9ral de la cha\u00eene de<br \/>\nt\u00e9l\u00e9vision T18 dans une interview \u00e0 paraitre prochainement<br \/>\nsur<strong>\u00a0Puremedias<\/strong>. \u00ab\u00a0Le temps de<br \/>\nchevauchement entre les 2 \u00e9missions d\u00e9pendra surtout de la dur\u00e9e de<br \/>\nnotre prime time le samedi soir, mais c&rsquo;est un choix assum\u00e9 de<br \/>\ndonner une <strong>seconde exposition \u00e0 notre \u00e9mission<br \/>\nculturelle.<\/strong> Selon moi, il y a s\u00fbrement deux publics pour<br \/>\n&lsquo;Chez Ruquier&rsquo;, un public qui est friand d\u2019un talk \u00e0 20h puis, plus<br \/>\ntard, un public de deuxi\u00e8me partie de soir\u00e9e\u00a0\u00bb, a-t-il<br \/>\nexpliqu\u00e9.<\/p>\n<p>Laurent Ruquier et L\u00e9a Salam\u00e9, toujours<br \/>\namis ?<\/p>\n<p>Aujourd&rsquo;hui, Laurent Ruquier et <a href=\"https:\/\/www.closermag.fr\/people\/notre-copine-lea-salame-son-couple-politique-fait-les-affaires-des-humoristes-3547065\" target=\"_blank\" rel=\"noopener\"><br \/>\nL\u00e9a Salam\u00e9<\/a> ne sont visiblement plus amis. Preuve en est lorsque<br \/>\nle journaliste \u00e9tait interview\u00e9 sur les audiences \u00ab\u00a0largement au<br \/>\ndessus de la moyenne\u00a0\u00bb de sa chroniqueuse, dans C<br \/>\nM\u00e9diatique, sur France 5.<\/p>\n<p>\u00ab\u00a0Alors, je vous interromps&#8230; Largement au-dessus<br \/>\nparce qu&rsquo;on a vid\u00e9 France 3 \u00e0 la m\u00eame heure, parce que sur France<br \/>\n3, <strong>il y a de l&rsquo;op\u00e9ra aujourd&rsquo;hui, de la danse ou des<br \/>\nballets<\/strong>, ce qui n&rsquo;\u00e9tait pas le cas \u00e0 mon \u00e9poque, o\u00f9<br \/>\nj&rsquo;avais un troisi\u00e8me t\u00e9l\u00e9film\u00a0\u00bb, avait-il r\u00e9torqu\u00e9, un brin<br \/>\namer.<\/p>\n","protected":false},"excerpt":{"rendered":"Souvenons nous&#8230; C&rsquo;\u00e9tait en 2014. L\u00e9a Salam\u00e9 s&rsquo;est fait conna\u00eetre du grand public en rejoignant On n&rsquo;est pas&hellip;\n","protected":false},"author":2,"featured_media":130698,"comment_status":"","ping_status":"","sticky":false,"template":"","format":"standard","meta":{"footnotes":""},"categories":[1356],"tags":[548,58,59,1011,27,1759,3806,252,1364],"class_list":{"0":"post-130697","1":"post","2":"type-post","3":"status-publish","4":"format-standard","5":"has-post-thumbnail","7":"category-television","8":"tag-article-simple","9":"tag-divertissement","10":"tag-entertainment","11":"tag-fr","12":"tag-france","13":"tag-laurent-ruquier","14":"tag-lea-salame","15":"tag-television","16":"tag-tv"},"share_on_mastodon":{"url":"https:\/\/pubeurope.com\/@fr\/114577382097727638","error":""},"_links":{"self":[{"href":"https:\/\/www.europesays.com\/fr\/wp-json\/wp\/v2\/posts\/130697","targetHints":{"allow":["GET"]}}],"collection":[{"href":"https:\/\/www.europesays.com\/fr\/wp-json\/wp\/v2\/posts"}],"about":[{"href":"https:\/\/www.europesays.com\/fr\/wp-json\/wp\/v2\/types\/post"}],"author":[{"embeddable":true,"href":"https:\/\/www.europesays.com\/fr\/wp-json\/wp\/v2\/users\/2"}],"replies":[{"embeddable":true,"href":"https:\/\/www.europesays.com\/fr\/wp-json\/wp\/v2\/comments?post=130697"}],"version-history":[{"count":0,"href":"https:\/\/www.europesays.com\/fr\/wp-json\/wp\/v2\/posts\/130697\/revisions"}],"wp:featuredmedia":[{"embeddable":true,"href":"https:\/\/www.europesays.com\/fr\/wp-json\/wp\/v2\/media\/130698"}],"wp:attachment":[{"href":"https:\/\/www.europesays.com\/fr\/wp-json\/wp\/v2\/media?parent=130697"}],"wp:term":[{"taxonomy":"category","embeddable":true,"href":"https:\/\/www.europesays.com\/fr\/wp-json\/wp\/v2\/categories?post=130697"},{"taxonomy":"post_tag","embeddable":true,"href":"https:\/\/www.europesays.com\/fr\/wp-json\/wp\/v2\/tags?post=130697"}],"curies":[{"name":"wp","href":"https:\/\/api.w.org\/{rel}","templated":true}]}}