{"id":130699,"date":"2025-05-27T02:14:16","date_gmt":"2025-05-27T02:14:16","guid":{"rendered":"https:\/\/www.europesays.com\/fr\/130699\/"},"modified":"2025-05-27T02:14:16","modified_gmt":"2025-05-27T02:14:16","slug":"le-tournage-dun-clip-de-rap-vire-a-laffrontement-avec-la-police","status":"publish","type":"post","link":"https:\/\/www.europesays.com\/fr\/130699\/","title":{"rendered":"Le tournage d\u2019un clip de rap vire \u00e0 l\u2019affrontement avec la police"},"content":{"rendered":"<p>Un <a href=\"https:\/\/www.20minutes.fr\/dossier\/rap\" class=\"color-ultramarine c-link\" target=\"_blank\" rel=\"noopener\">clip de rap<\/a> tourne \u00e0 l\u2019affrontement avec les forces de l\u2019ordre. Ce samedi 24\u00a0mai, des r\u00e9sidents du quartier de Montaigu, \u00e0 <a href=\"https:\/\/www.20minutes.fr\/dossier\/melun\" class=\"color-ultramarine c-link\" target=\"_blank\" rel=\"noopener\">Melun<\/a>, ont \u00e9t\u00e9 surpris de voir plusieurs dizaines de personnes rassembl\u00e9es cagoul\u00e9es et arm\u00e9es, devant chez eux, sur le square de Lorient. Ils ont alors donn\u00e9 l\u2019alerte, aux environs de 22h30, rapporte le site <a href=\"https:\/\/actu.fr\/ile-de-france\/melun_77288\/seine-et-marne-le-tournage-dun-clip-de-rap-derape-avec-la-police_62684918.html\" rel=\"nofollow noopener\" target=\"_blank\" class=\"color-ultramarine c-link\">Actu<\/a>.<\/p>\n<p>Lorsque la police est arriv\u00e9e sur les lieux, les individus, entre 20 et 30, ont d\u00e9cid\u00e9 d\u2019en d\u00e9coudre, \u00e9crit <a href=\"https:\/\/www.leparisien.fr\/seine-et-marne-77\/a-melun-le-tournage-de-clip-avec-armes-factices-se-transforme-en-emeute-urbaine-25-05-2025-TYBDLTPIEJFVDE2XADWLHLCHWA.php\" rel=\"nofollow noopener\" target=\"_blank\" class=\"color-ultramarine c-link\">Le Parisien<\/a>. La situation a rapidement escalad\u00e9, et des tirs de mortiers et des jets de projectiles, notamment des cailloux, ont \u00e9t\u00e9 adress\u00e9s aux forces de l\u2019ordre.<\/p>\n<p>Leur riposte avec deux grenades lacrymog\u00e8nes et une autre de d\u00e9sencerclement ne s\u2019est pas fait attendre.<\/p>\n<p>Cinq mineurs en garde \u00e0 vue<\/p>\n<p>Aucun d\u00e9g\u00e2t mat\u00e9riel ni bless\u00e9 n\u2019est \u00e0 d\u00e9plorer. Cinq mineurs ont \u00e9t\u00e9 plac\u00e9s en garde \u00e0 vue. Les autres ont pu prendre la fuite.<\/p>\n<p>Sur les lieux, les policiers ont d\u00e9couvert des pistolets factices, mais aussi des couteaux, des machettes et des <a href=\"https:\/\/www.20minutes.fr\/magazine\/4000182-20220720-vient-cocktail-molotov\" class=\"color-ultramarine c-link\" target=\"_blank\" rel=\"noopener\">cocktails Molotov<\/a>, toujours selon les informations du Parisien. Le tournage de ce clip de rap sur la voie publique n\u2019avait obtenu aucune autorisation.<\/p>\n<p>Le square en question est par ailleurs un point de vente de produits stup\u00e9fiants. La police y m\u00e8ne r\u00e9guli\u00e8rement des op\u00e9rations de d\u00e9mant\u00e8lement.<\/p>\n","protected":false},"excerpt":{"rendered":"Un clip de rap tourne \u00e0 l\u2019affrontement avec les forces de l\u2019ordre. Ce samedi 24\u00a0mai, des r\u00e9sidents du&hellip;\n","protected":false},"author":2,"featured_media":130700,"comment_status":"","ping_status":"","sticky":false,"template":"","format":"standard","meta":{"footnotes":""},"categories":[1355],"tags":[47,58,59,118,1011,27,662,20412,1361,873,1072,3616,1937],"class_list":{"0":"post-130699","1":"post","2":"type-post","3":"status-publish","4":"format-standard","5":"has-post-thumbnail","7":"category-musique","8":"tag-actualite","9":"tag-divertissement","10":"tag-entertainment","11":"tag-faits-divers","12":"tag-fr","13":"tag-france","14":"tag-ile-de-france","15":"tag-melun","16":"tag-music","17":"tag-musique","18":"tag-police","19":"tag-rap","20":"tag-seine-et-marne"},"share_on_mastodon":{"url":"https:\/\/pubeurope.com\/@fr\/114577386014053462","error":""},"_links":{"self":[{"href":"https:\/\/www.europesays.com\/fr\/wp-json\/wp\/v2\/posts\/130699","targetHints":{"allow":["GET"]}}],"collection":[{"href":"https:\/\/www.europesays.com\/fr\/wp-json\/wp\/v2\/posts"}],"about":[{"href":"https:\/\/www.europesays.com\/fr\/wp-json\/wp\/v2\/types\/post"}],"author":[{"embeddable":true,"href":"https:\/\/www.europesays.com\/fr\/wp-json\/wp\/v2\/users\/2"}],"replies":[{"embeddable":true,"href":"https:\/\/www.europesays.com\/fr\/wp-json\/wp\/v2\/comments?post=130699"}],"version-history":[{"count":0,"href":"https:\/\/www.europesays.com\/fr\/wp-json\/wp\/v2\/posts\/130699\/revisions"}],"wp:featuredmedia":[{"embeddable":true,"href":"https:\/\/www.europesays.com\/fr\/wp-json\/wp\/v2\/media\/130700"}],"wp:attachment":[{"href":"https:\/\/www.europesays.com\/fr\/wp-json\/wp\/v2\/media?parent=130699"}],"wp:term":[{"taxonomy":"category","embeddable":true,"href":"https:\/\/www.europesays.com\/fr\/wp-json\/wp\/v2\/categories?post=130699"},{"taxonomy":"post_tag","embeddable":true,"href":"https:\/\/www.europesays.com\/fr\/wp-json\/wp\/v2\/tags?post=130699"}],"curies":[{"name":"wp","href":"https:\/\/api.w.org\/{rel}","templated":true}]}}