{"id":13070,"date":"2025-04-09T16:35:18","date_gmt":"2025-04-09T16:35:18","guid":{"rendered":"https:\/\/www.europesays.com\/fr\/13070\/"},"modified":"2025-04-09T16:35:18","modified_gmt":"2025-04-09T16:35:18","slug":"classement-cumule-uno-x-resiste-toujours-a-xds-astana","status":"publish","type":"post","link":"https:\/\/www.europesays.com\/fr\/13070\/","title":{"rendered":"Classement cumul\u00e9 : Uno-X r\u00e9siste toujours \u00e0 XDS-Astana !"},"content":{"rendered":"<p>Uno-X continue toujours de r\u00e9sister \u00e0 XDS-Astana au <strong><a href=\"https:\/\/www.velo-club.net\/resultats\/classement-uci-arkea-bb-hotels-24eme\/\" rel=\"nofollow noopener\" target=\"_blank\">classement UCI<\/a><\/strong> cumul\u00e9. Tr\u00e8s performante depuis le d\u00e9but de la saison, la formation norv\u00e9gienne poss\u00e8de toujours une courte avance sur la structure dirig\u00e9e par Vinoukourov.<\/p>\n<p>Et tout l\u2019enjeu pour Uno-X, c\u2019est de maintenir ce rythme, et de suivre Astana, si elle veut avoir une chance de revenir et de d\u00e9passer PicNic et Cofidis. Si c\u2019est le cas, elle pourra r\u00eaver d\u2019une accession en World-Tour \u00e0 la fin de la saison.<\/p>\n<p class=\"has-text-align-center\"><strong>Classement UCI cumul\u00e9 au 8 avril<\/strong><\/p>\n<tr>\n<td\/>\n<td\/>\n<td><strong>2023<\/strong><\/td>\n<td><strong>2024<\/strong><\/td>\n<td><strong>2025<\/strong><\/td>\n<td><strong>TOTAL<\/strong><\/td>\n<\/tr>\n<tr>\n<td>17<\/td>\n<td><strong>COFIDIS<\/strong><\/td>\n<td>10437,41<\/td>\n<td>7889,84<\/td>\n<td>2353<\/td>\n<td>20680,25<\/td>\n<\/tr>\n<tr>\n<td>18<\/td>\n<td><strong>TEAM PICNIC<\/strong><\/td>\n<td>9102,2<\/td>\n<td>9646,63<\/td>\n<td>1741<\/td>\n<td>20489,83<\/td>\n<\/tr>\n<tr>\n<td>19<\/td>\n<td><strong>UNO-X<\/strong><\/td>\n<td>6569<\/td>\n<td>8938,67<\/td>\n<td>3177<\/td>\n<td>18684,67<\/td>\n<\/tr>\n<tr>\n<td>20<\/td>\n<td><strong>XDS ASTANA<\/strong><\/td>\n<td>7044,44<\/td>\n<td>6563,24<\/td>\n<td>5056,66<\/td>\n<td>18664,34<\/td>\n<\/tr>\n<tr>\n<td>21<\/td>\n<td><strong>ARKEA B&amp;B HOTELS<\/strong><\/td>\n<td>7229<\/td>\n<td>8735<\/td>\n<td>1439<\/td>\n<td>17403<\/td>\n<\/tr>\n","protected":false},"excerpt":{"rendered":"Uno-X continue toujours de r\u00e9sister \u00e0 XDS-Astana au classement UCI cumul\u00e9. Tr\u00e8s performante depuis le d\u00e9but de la&hellip;\n","protected":false},"author":2,"featured_media":13071,"comment_status":"","ping_status":"","sticky":false,"template":"","format":"standard","meta":{"footnotes":""},"categories":[1411],"tags":[270,1154,207,1011,27,60],"class_list":{"0":"post-13070","1":"post","2":"type-post","3":"status-publish","4":"format-standard","5":"has-post-thumbnail","7":"category-cyclisme","8":"tag-breaking","9":"tag-cycling","10":"tag-cyclisme","11":"tag-fr","12":"tag-france","13":"tag-sports"},"share_on_mastodon":{"url":"https:\/\/pubeurope.com\/@fr\/114308980716325734","error":""},"_links":{"self":[{"href":"https:\/\/www.europesays.com\/fr\/wp-json\/wp\/v2\/posts\/13070","targetHints":{"allow":["GET"]}}],"collection":[{"href":"https:\/\/www.europesays.com\/fr\/wp-json\/wp\/v2\/posts"}],"about":[{"href":"https:\/\/www.europesays.com\/fr\/wp-json\/wp\/v2\/types\/post"}],"author":[{"embeddable":true,"href":"https:\/\/www.europesays.com\/fr\/wp-json\/wp\/v2\/users\/2"}],"replies":[{"embeddable":true,"href":"https:\/\/www.europesays.com\/fr\/wp-json\/wp\/v2\/comments?post=13070"}],"version-history":[{"count":0,"href":"https:\/\/www.europesays.com\/fr\/wp-json\/wp\/v2\/posts\/13070\/revisions"}],"wp:featuredmedia":[{"embeddable":true,"href":"https:\/\/www.europesays.com\/fr\/wp-json\/wp\/v2\/media\/13071"}],"wp:attachment":[{"href":"https:\/\/www.europesays.com\/fr\/wp-json\/wp\/v2\/media?parent=13070"}],"wp:term":[{"taxonomy":"category","embeddable":true,"href":"https:\/\/www.europesays.com\/fr\/wp-json\/wp\/v2\/categories?post=13070"},{"taxonomy":"post_tag","embeddable":true,"href":"https:\/\/www.europesays.com\/fr\/wp-json\/wp\/v2\/tags?post=13070"}],"curies":[{"name":"wp","href":"https:\/\/api.w.org\/{rel}","templated":true}]}}