{"id":130701,"date":"2025-05-27T02:15:19","date_gmt":"2025-05-27T02:15:19","guid":{"rendered":"https:\/\/www.europesays.com\/fr\/130701\/"},"modified":"2025-05-27T02:15:19","modified_gmt":"2025-05-27T02:15:19","slug":"4-comics-a-lire-avant-le-film-de-james-gunn","status":"publish","type":"post","link":"https:\/\/www.europesays.com\/fr\/130701\/","title":{"rendered":"4 comics \u00e0 lire avant le film de James Gunn"},"content":{"rendered":"<p>Avec une <a href=\"https:\/\/www.journaldugeek.com\/2025\/05\/14\/superman-a-enfin-une-vraie-bande-annonce-et-dc-ne-plaisante-pas\/\" target=\"_blank\" rel=\"noopener\">nouvelle bande-annonce<\/a> sortie plus t\u00f4t dans le mois, on peut dire que le Superman de James Gunn entame sa derni\u00e8re ligne droite. L\u2019Homme d\u2019acier va \u00e0 nouveau s\u2019envoler sur nos \u00e9crans, cette fois incarn\u00e9 par David Corenswet. Un film qui va entamer une histoire in\u00e9dite pour les h\u00e9ros de DC au cin\u00e9ma, chapeaut\u00e9e dans son ensemble par Gunn lui-m\u00eame et Peter Safran.<\/p>\n<p>Et si le papa des Gardiens de la Galaxie a d\u00e9j\u00e0 partag\u00e9 ses inspirations litt\u00e9raires pour redonner vie \u00e0 Kal-El, notamment All-Star Superman \u2013 dont nous vous parlions lors du <a href=\"https:\/\/www.journaldugeek.com\/dossier\/superman-day-5-comics-a-lire-absolument\/\" target=\"_blank\" rel=\"noopener\">Superman Day<\/a>, tout comme Red Son -, nous avions envie d\u2019aller plus loin.<\/p>\n<p> Superman For All Seasons <\/p>\n<p>R\u00e9\u00e9dition 2023, Jeph Loeb &amp; Tim Sale, \u00e9dit\u00e9 en France chez Urban Comics<\/p>\n<p>Quand les auteurs de Batman\u00a0: Un long Halloween s\u2019emparent de l\u2019homme au slip rouge, cela donne forc\u00e9ment une \u0153uvre \u00e0 avoir dans les mains au moins une fois. Superman For All Seasons est une histoire initiatique d\u00e9coup\u00e9e en quatre saisons, revenant sur Clark Kent \/ Kal-El, non pas de son point de vue, mais de celui de quatre personnes qui le c\u00f4toient\u00a0: Jonathan Kent, Lois Lane, Lex Luthor et Lana Lang.<\/p>\n<p>Une mise en perspective in\u00e9dite qui s\u00e9pare l\u2019homme et le super-h\u00e9ros, les fait coexister, les met en comp\u00e9tition. Un album o\u00f9 <strong>le sentiment pr\u00e9domine l\u2019action<\/strong>, o\u00f9 on rattache cet \u00eatre extraordinaire \u00e0 la force que lui donne ses proches, m\u00eame son meilleur ennemi. Loin d\u2019\u00e9branler l\u2019idole, on peut dire que ce r\u00e9cit est un condens\u00e9 de toutes les valeurs positives qu\u2019incarne Superman. <strong>Un petit c\u00f4t\u00e9 ringard\u00a0?<\/strong> Pas vraiment puisqu\u2019on y voit surtout un symbole d\u2019espoir. Ce m\u00eame symbole que promet Gunn avec son film et qui fait terriblement du bien de nos jours.<\/p>\n<p class=\"comp-p not-prose\"><a class=\"comp-button\" href=\"https:\/\/shop.journaldugeek.com\/go\/30557\/\" target=\"_self\" rel=\"sponsored nofollow noopener\">Je d\u00e9couvre<\/a><\/p>\n<p> <img loading=\"lazy\" decoding=\"async\" class=\"size-full wp-image-50547972\" src=\"https:\/\/www.europesays.com\/fr\/wp-content\/uploads\/2025\/05\/superman-comics.jpg\" alt=\"Superman Comics\" width=\"1500\" height=\"1000\"  \/>\u00a9 Urban comics Kingdom Come <\/p>\n<p>2012, Mark Waid &amp; Alex Ross, \u00e9dit\u00e9 en France chez Urban Comics<\/p>\n<p>Changement d\u2019ambiance radicale avec Kingdom Come. Ici, Superman n\u2019est pas le seul en sc\u00e8ne et ce sont quasiment tout les h\u00e9ros DC qui font une apparition. N\u00e9anmoins, le r\u00e9cit ne s\u2019ins\u00e8re dans aucune chronologie particuli\u00e8re et n\u2019exige pas une connaissance approfondie de la mythologie maison. D\u2019autant que le sc\u00e9nario de Waid est suffisamment clair pour que ne se sente pas perdu \u00e0 la lecture. Et que dire des dessins de Ross, connu pour son trait pictural.<\/p>\n<p>Kingdom Come est une invitation \u00e0 poser la question de la responsabilit\u00e9 des sur-hommes lorsque l\u2019humanit\u00e9 semble se reposer uniquement sur eux pour vivre, et que se passerait-il si une nouvelle g\u00e9n\u00e9ration de h\u00e9ros n\u2019avait que faire de cette responsabilit\u00e9. Similaire, mais dans un processus bien diff\u00e9rent d\u2019Injustice (pour ne citer que lui), Kal-El va \u00e9galement \u00eatre \u00e0 l\u2019origine d\u2019un r\u00e9gime totalitaire, <strong>alliant ainsi contre lui Batman et\u2026 Lex Luthor<\/strong> !<\/p>\n<p>Outre la pr\u00e9sence d\u2019autres h\u00e9ros dans le prochain long-m\u00e9trage consacr\u00e9, on avait envie de parler de ce comics avec cette envie de pointer du doigt le danger d\u2019une trop grande passivit\u00e9 humaine. Une population qui pourrait facilement reprocher \u00e0 un fils de fermier de ne pas \u00eatre un Dieu, avec les cons\u00e9quences. Une id\u00e9e appuy\u00e9e par certaines sc\u00e8nes du nouveau Superman.<\/p>\n<p class=\"comp-p not-prose\"><a class=\"comp-button\" href=\"https:\/\/shop.journaldugeek.com\/go\/30558\/\" target=\"_self\" rel=\"sponsored nofollow noopener\">Je d\u00e9couvre<\/a><\/p>\n<p> <img loading=\"lazy\" decoding=\"async\" class=\"size-full wp-image-50547971\" src=\"https:\/\/www.europesays.com\/fr\/wp-content\/uploads\/2025\/05\/superman-comics-1.jpg\" alt=\"Superman Comics (1)\" width=\"1500\" height=\"1000\"  \/>\u00a9 Urban Comics Superman Lost <\/p>\n<p>2024, Christopher Priest, Carlo Pagulayan &amp; Lee Weeks, \u00e9dit\u00e9 en France chez Urban Comics<\/p>\n<p>Le projet est d\u2019envoyer Superman au fin fond de l\u2019espace et de le ramener quelques heures apr\u00e8s\u2026 ou vingt ans plus tard pour lui. Une occasion d\u2019aborder un sujet d\u00e9licat contre lequel m\u00eame les pouvoirs d\u2019un Kryptonien ne peuvent rien\u00a0: le stress post-traumatique.<\/p>\n<p>Superman se retrouve <strong>hant\u00e9 par des vies qu\u2019il n\u2019a pas pu sauver<\/strong> et sa propre existence qu\u2019il a sacrifi\u00e9. Lost le confronte \u00e0 ses limites, non pas par le prisme de ses faiblesses, mais par celui de sa psych\u00e9. Comment surmonter l\u2019\u00e9chec\u00a0? Comment incarner encore l\u2019espoir quand on n\u2019y croit plus\u00a0? Ce comics fait peser tr\u00e8s lourd le poids de la cape, celle-ci imposant le devoir avant l\u2019amour ou la volont\u00e9 d\u2019un peuple.<\/p>\n<p class=\"comp-p not-prose\"><a class=\"comp-button\" href=\"https:\/\/shop.journaldugeek.com\/go\/30559\/\" target=\"_self\" rel=\"sponsored nofollow noopener\">Je d\u00e9couvre<\/a><\/p>\n<p> <img loading=\"lazy\" decoding=\"async\" class=\"size-full wp-image-50547970\" src=\"https:\/\/www.europesays.com\/fr\/wp-content\/uploads\/2025\/05\/superman-comics-2.jpg\" alt=\"Superman Comics (2)\" width=\"1500\" height=\"1000\"  \/>\u00a9 Urban Comics Supergirl\u00a0: Woman of Tomorrow <\/p>\n<p>2022, Tom King &amp; Bilquis Evely, \u00e9dit\u00e9 en France chez Urban Comics<\/p>\n<p>On triche un peu en ouvrant le champ de nos conseils au futur du DC Universe apr\u00e8s Superman. Parce que d\u00e8s l\u2019ann\u00e9e prochaine, c\u2019est bien la cousine de Kal-El qui d\u00e9barquera sur grand \u00e9cran et il n\u2019est d\u2019ailleurs pas exclu qu\u2019elle fasse d\u00e9j\u00e0 un petit coucou d\u00e8s juillet prochain. Ici, pas besoin de parler d\u2019inspiration lointaine, puisque le film Supergirl\u00a0: Woman of Tomorrow porte le m\u00eame nom que le comics de Tom King et Bilquis Evely.<\/p>\n<p>Comment diff\u00e9rencier deux Kryptoniens habill\u00e9s de rouge et de bleu au-del\u00e0 de leur sexe\u00a0? Cette histoire propulse Kara Danvers au milieu d\u2019une <strong>qu\u00eate vengeresse \u00e0 travers l\u2019espace<\/strong>, nous donnant \u00e0 voir tout ce qui fait que Supergirl n\u2019est PAS Superman avec une profondeur impressionnante. Un r\u00e9cit autour du deuil avec foule de questions existentielles et la recherche de l\u2019optimisme, toujours, m\u00eame dans les recoins les plus malfam\u00e9s de la galaxie. Si le film est aussi r\u00e9ussi que le comics, Supergirl pourrait tr\u00e8s vite enterrer Superman dans le c\u0153ur des gens. Du moins sur grand \u00e9cran.<\/p>\n<p class=\"comp-p not-prose\"><a class=\"comp-button\" href=\"https:\/\/shop.journaldugeek.com\/go\/30560\/\" target=\"_self\" rel=\"sponsored nofollow noopener\">Je d\u00e9couvre<\/a><\/p>\n<p> <img loading=\"lazy\" decoding=\"async\" class=\"size-full wp-image-50547969\" src=\"https:\/\/www.europesays.com\/fr\/wp-content\/uploads\/2025\/05\/superman-comics-3.jpg\" alt=\"Superman Comics (3)\" width=\"1500\" height=\"1000\"  \/>\u00a9 Urban Comics <\/p>\n<blockquote>\n<p class=\"text-base text-neutral-700 dark:text-neutral-300\">\ud83d\udfe3 Pour ne manquer aucune news sur le Journal du Geek, abonnez-vous sur <a href=\"https:\/\/news.google.com\/publications\/CAAqBwgKMNr_hAswwYyCAw?hl=fr&amp;gl=FR&amp;ceid=FR%3Afr\" target=\"_blank\" rel=\"noopener\">Google Actualit\u00e9s<\/a> et sur <a href=\"https:\/\/whatsapp.com\/channel\/0029VaClM5y4tRry12tb7D2h\" target=\"_blank\" rel=\"noopener\">notre WhatsApp<\/a>. Et si vous nous adorez, on a <a href=\"https:\/\/www.journaldugeek.com\/newsletter\/\" target=\"_blank\" rel=\"noopener\">une newsletter tous les matins<\/a>.<\/p>\n<\/blockquote>\n","protected":false},"excerpt":{"rendered":"Avec une nouvelle bande-annonce sortie plus t\u00f4t dans le mois, on peut dire que le Superman de James&hellip;\n","protected":false},"author":2,"featured_media":130702,"comment_status":"","ping_status":"","sticky":false,"template":"","format":"standard","meta":{"footnotes":""},"categories":[1354],"tags":[9993,25497,58,59,1346,1011,27,1360,2133,25498],"class_list":{"0":"post-130701","1":"post","2":"type-post","3":"status-publish","4":"format-standard","5":"has-post-thumbnail","7":"category-films","8":"tag-bd","9":"tag-dc-comic","10":"tag-divertissement","11":"tag-entertainment","12":"tag-films","13":"tag-fr","14":"tag-france","15":"tag-movies","16":"tag-superman","17":"tag-urban-comics"},"share_on_mastodon":{"url":"https:\/\/pubeurope.com\/@fr\/114577390094486197","error":""},"_links":{"self":[{"href":"https:\/\/www.europesays.com\/fr\/wp-json\/wp\/v2\/posts\/130701","targetHints":{"allow":["GET"]}}],"collection":[{"href":"https:\/\/www.europesays.com\/fr\/wp-json\/wp\/v2\/posts"}],"about":[{"href":"https:\/\/www.europesays.com\/fr\/wp-json\/wp\/v2\/types\/post"}],"author":[{"embeddable":true,"href":"https:\/\/www.europesays.com\/fr\/wp-json\/wp\/v2\/users\/2"}],"replies":[{"embeddable":true,"href":"https:\/\/www.europesays.com\/fr\/wp-json\/wp\/v2\/comments?post=130701"}],"version-history":[{"count":0,"href":"https:\/\/www.europesays.com\/fr\/wp-json\/wp\/v2\/posts\/130701\/revisions"}],"wp:featuredmedia":[{"embeddable":true,"href":"https:\/\/www.europesays.com\/fr\/wp-json\/wp\/v2\/media\/130702"}],"wp:attachment":[{"href":"https:\/\/www.europesays.com\/fr\/wp-json\/wp\/v2\/media?parent=130701"}],"wp:term":[{"taxonomy":"category","embeddable":true,"href":"https:\/\/www.europesays.com\/fr\/wp-json\/wp\/v2\/categories?post=130701"},{"taxonomy":"post_tag","embeddable":true,"href":"https:\/\/www.europesays.com\/fr\/wp-json\/wp\/v2\/tags?post=130701"}],"curies":[{"name":"wp","href":"https:\/\/api.w.org\/{rel}","templated":true}]}}