{"id":130703,"date":"2025-05-27T02:16:11","date_gmt":"2025-05-27T02:16:11","guid":{"rendered":"https:\/\/www.europesays.com\/fr\/130703\/"},"modified":"2025-05-27T02:16:11","modified_gmt":"2025-05-27T02:16:11","slug":"un-donneur-de-sperme-transmet-a-au-moins-67-enfants-un-gene-rare-2","status":"publish","type":"post","link":"https:\/\/www.europesays.com\/fr\/130703\/","title":{"rendered":"Un donneur de sperme transmet \u00e0 au moins 67 enfants un g\u00e8ne rare"},"content":{"rendered":"<p>Comment faire pour limiter les risques de transmission de mutations g\u00e9n\u00e9tiques pathog\u00e8nes dans le cadre de <a href=\"https:\/\/www.20minutes.fr\/dossier\/don_de_sperme\" class=\"color-ultramarine c-link\" target=\"_blank\" rel=\"noopener\">dons de sperme<\/a>\u00a0? C\u2019est la question qu\u2019a pos\u00e9e le docteur Edwige Kasper, biologiste au CHU de <a href=\"https:\/\/www.20minutes.fr\/dossier\/rouen\" class=\"color-ultramarine c-link\" target=\"_blank\" rel=\"noopener\">Rouen<\/a> (Seine-Maritime), \u00e0 travers un cas pr\u00e9sent\u00e9 lors de la conf\u00e9rence annuelle de la Soci\u00e9t\u00e9 europ\u00e9enne de g\u00e9n\u00e9tique humaine \u00e0 Milan (Italie), ce\u00a0samedi. A cette occasion, elle a fait part d\u2019une situation dans laquelle le sperme d\u2019un homme porteur d\u2019une mutation canc\u00e9reuse rare a \u00e9t\u00e9 utilis\u00e9 pour concevoir plus de 67 <a href=\"https:\/\/www.20minutes.fr\/dossier\/enfant\" class=\"color-ultramarine c-link\" target=\"_blank\" rel=\"noopener\">enfants<\/a>, rapporte <a href=\"https:\/\/www.theguardian.com\/science\/2025\/may\/23\/sperm-donor-cancer-risk-children-europe\" target=\"_blank\" class=\"color-ultramarine c-link\" rel=\"noopener\">The Guardian<\/a>.<\/p>\n<p>Dix cas de cancer<\/p>\n<p>Dans le d\u00e9tail, deux familles \u00e9taient ind\u00e9pendamment revenues vers leurs cliniques de fertilit\u00e9 apr\u00e8s que leurs enfants ont d\u00e9velopp\u00e9 des <a href=\"https:\/\/www.20minutes.fr\/dossier\/cancer\" class=\"color-ultramarine c-link\" target=\"_blank\" rel=\"noopener\">cancers<\/a> li\u00e9s \u00e0 une variante g\u00e9n\u00e9tique rare. Ces deux familles avaient re\u00e7u le sperme d\u2019un m\u00eame homme fourni par la Banque europ\u00e9enne de sperme. Des analys\u00e9s ont confirm\u00e9 la pr\u00e9sence d\u2019une mutation pathog\u00e8ne rare susceptible de provoquer le syndrome de Li-Fraumeni, grave pr\u00e9disposition g\u00e9n\u00e9tique au cancer.<\/p>\n<p>D\u2019autres enqu\u00eates ont ensuite men\u00e9 \u00e0 tester 67 enfants de 46 familles, n\u00e9s entre\u00a02008 et\u00a02015 dans huit pays europ\u00e9ens, tous issus du m\u00eame donneur. En France, dix familles ont b\u00e9n\u00e9fici\u00e9 de son don, a pr\u00e9cis\u00e9 Edwige Kasper au <a href=\"https:\/\/www.leparisien.fr\/societe\/sante\/mutation-genetique-et-don-de-sperme-comment-un-homme-a-massivement-transmis-une-predisposition-au-cancer-25-05-2025-A4NWDAJZBJF6RMBEEVQ3T7LSFQ.php\" target=\"_blank\" class=\"color-ultramarine c-link\" rel=\"noopener\">Parisien<\/a>.\u00a0Du reste, la Banque europ\u00e9enne du sperme n\u2019a pas souhait\u00e9 communiquer le nombre exact d\u2019enfants concern\u00e9s. A l\u2019issue des tests, la mutation a \u00e9t\u00e9 identifi\u00e9e chez 23 enfants et 10 d\u2019entre eux souffrent de cancer, notamment de <a href=\"https:\/\/www.20minutes.fr\/dossier\/leucemie\" class=\"color-ultramarine c-link\" target=\"_blank\" rel=\"noopener\">leuc\u00e9mie<\/a> et de lymphome non hodgkinien. Les autres enfants porteurs ont \u00e9t\u00e9 invit\u00e9s \u00e0 se soumettre r\u00e9guli\u00e8rement \u00e0 des IRM du corps entier ainsi que\u00a0du cerveau.<\/p>\n<p>Des limites nationales qui se cumulent<\/p>\n<p>Le probl\u00e8me est complexe puisque, d\u2019une part, cette mutation n\u2019\u00e9tait pas connue pour \u00eatre associ\u00e9e au syndrome de Li-Fraumeni au moment du don en\u00a02008. D\u2019autre part, elle n\u2019aurait dans tous les cas pas \u00e9t\u00e9 d\u00e9tectable \u00e0 l\u2019aide des techniques de <a href=\"https:\/\/www.20minutes.fr\/sante\/depistage\/\" class=\"color-ultramarine c-link\" target=\"_blank\" rel=\"noopener\">d\u00e9pistage<\/a> standard.\u00a0D\u2019autant plus que le donneur \u00e9tait consid\u00e9r\u00e9 en bonne sant\u00e9. \u00ab\u00a0Il est scientifiquement impossible de d\u00e9tecter des mutations pathog\u00e8nes dans le patrimoine g\u00e9n\u00e9tique d\u2019une personne si l\u2019on ne sait pas ce que l\u2019on cherche\u00a0\u00bb, a mis en avant Julie Paulli Budtz, porte-parole de la Banque europ\u00e9enne du sperme.<\/p>\n<\/p>\n<p>Ainsi, pour le docteur Edwige Kasper, le probl\u00e8me n\u2019est pas l\u00e0. A ses yeux, \u00ab\u00a0il s\u2019agit d\u2019une diss\u00e9mination anormale de maladies g\u00e9n\u00e9tiques\u00a0\u00bb. D\u2019autant que les seules limites d\u2019utilisation qui existent aujourd\u2019hui sont celles fix\u00e9es par chaque pays. Et elles peuvent se cumuler. \u00ab\u00a0Nous devons fixer une limite europ\u00e9enne au nombre de <a href=\"https:\/\/www.20minutes.fr\/dossier\/naissance\" class=\"color-ultramarine c-link\" target=\"_blank\" rel=\"noopener\">naissances<\/a> ou de familles pour un seul donneur\u00a0\u00bb, a-t-elle par cons\u00e9quent plaid\u00e9.<\/p>\n","protected":false},"excerpt":{"rendered":"Comment faire pour limiter les risques de transmission de mutations g\u00e9n\u00e9tiques pathog\u00e8nes dans le cadre de dons de&hellip;\n","protected":false},"author":2,"featured_media":130704,"comment_status":"","ping_status":"","sticky":false,"template":"","format":"standard","meta":{"footnotes":""},"categories":[10],"tags":[47,3493,101,25499,1011,27,72,198,71],"class_list":{"0":"post-130703","1":"post","2":"type-post","3":"status-publish","4":"format-standard","5":"has-post-thumbnail","7":"category-sante","8":"tag-actualite","9":"tag-bebe","10":"tag-cancer","11":"tag-don-de-sperme","12":"tag-fr","13":"tag-france","14":"tag-health","15":"tag-naissance","16":"tag-sante"},"share_on_mastodon":{"url":"https:\/\/pubeurope.com\/@fr\/114577393814811150","error":""},"_links":{"self":[{"href":"https:\/\/www.europesays.com\/fr\/wp-json\/wp\/v2\/posts\/130703","targetHints":{"allow":["GET"]}}],"collection":[{"href":"https:\/\/www.europesays.com\/fr\/wp-json\/wp\/v2\/posts"}],"about":[{"href":"https:\/\/www.europesays.com\/fr\/wp-json\/wp\/v2\/types\/post"}],"author":[{"embeddable":true,"href":"https:\/\/www.europesays.com\/fr\/wp-json\/wp\/v2\/users\/2"}],"replies":[{"embeddable":true,"href":"https:\/\/www.europesays.com\/fr\/wp-json\/wp\/v2\/comments?post=130703"}],"version-history":[{"count":0,"href":"https:\/\/www.europesays.com\/fr\/wp-json\/wp\/v2\/posts\/130703\/revisions"}],"wp:featuredmedia":[{"embeddable":true,"href":"https:\/\/www.europesays.com\/fr\/wp-json\/wp\/v2\/media\/130704"}],"wp:attachment":[{"href":"https:\/\/www.europesays.com\/fr\/wp-json\/wp\/v2\/media?parent=130703"}],"wp:term":[{"taxonomy":"category","embeddable":true,"href":"https:\/\/www.europesays.com\/fr\/wp-json\/wp\/v2\/categories?post=130703"},{"taxonomy":"post_tag","embeddable":true,"href":"https:\/\/www.europesays.com\/fr\/wp-json\/wp\/v2\/tags?post=130703"}],"curies":[{"name":"wp","href":"https:\/\/api.w.org\/{rel}","templated":true}]}}