{"id":130707,"date":"2025-05-27T02:18:08","date_gmt":"2025-05-27T02:18:08","guid":{"rendered":"https:\/\/www.europesays.com\/fr\/130707\/"},"modified":"2025-05-27T02:18:08","modified_gmt":"2025-05-27T02:18:08","slug":"brigitte-macron-souvent-enervee-contre-emmanuel-et-ses-conneries-la-premiere-dame-explose","status":"publish","type":"post","link":"https:\/\/www.europesays.com\/fr\/130707\/","title":{"rendered":"Brigitte Macron \u00ab\u00a0souvent \u00e9nerv\u00e9e\u00a0\u00bb contre Emmanuel et \u00ab\u00a0ses conneries\u00a0\u00bb, la Premi\u00e8re dame explose"},"content":{"rendered":"<p>Entre Brigitte et Emmanuel Macron, c\u2019est une histoire d\u2019amour<br \/>\nqui dure. Il faut dire que ce dernier n\u2019\u00e9tait encore qu\u2019un<br \/>\nadolescent lorsqu\u2019il a fait la rencontre de sa future \u00e9pouse, alors<br \/>\nprofesseure de fran\u00e7ais et de th\u00e9\u00e2tre au lyc\u00e9e Providence d\u2019Amiens.<br \/>\nEn 2007, le couple scelle son amour au cours d\u2019une c\u00e9r\u00e9monie de<br \/>\nmariage intime c\u00e9l\u00e9br\u00e9e au Touquet. Depuis, Emmanuel et Brigitte ne<br \/>\nse sont plus jamais quitt\u00e9s. Seulement voil\u00e0, derri\u00e8re l\u2019image du<br \/>\ncouple parfait se cache une r\u00e9alit\u00e9 tout autre.<\/p>\n<p>Emmanuel et Brigitte Macron, un \u00ab\u00a0couple assez muscl\u00e9\u00a0\u00bb dans la<br \/>\nvie de tous les jours<\/p>\n<p>Comme tout le monde, Emmanuel et Brigitte Macron ont parfois<br \/>\n<a href=\"https:\/\/www.melty.fr\/people\/emmanuel-macron-tacle-en-public-par-brigitte-on-nen-pouvait-plus-2236011.html\" rel=\"nofollow noopener\" target=\"_blank\"><br \/>\ndes \u00e9changes muscl\u00e9s<\/a> et il n\u2019est alors <strong>pas rare que le<br \/>\ncouple se dispute<\/strong> une fois les portes de l\u2019Elys\u00e9e ferm\u00e9es.<br \/>\n<strong>\u00ab\u00a0On a des choses \u00e0 se dire, parfois pas<br \/>\naimables<\/strong>, on est un couple assez muscl\u00e9. On se dit les<br \/>\nchoses\u00a0\u00bb, d\u00e9voilait ainsi la Premi\u00e8re dame sur les ondes de RTL<br \/>\nen 2019.<\/p>\n<p>L\u2019ann\u00e9e pr\u00e9c\u00e9dente, le Parisien mettait en lumi\u00e8re <strong>une<br \/>\nvive dispute qui aurait eu lieu au 55 Rue du Faubourg<br \/>\nSaint-Honor\u00e9<\/strong>. \u00ab\u00a0Il y a peu, \u00e0 l\u00a0\u00bbElys\u00e9e, <strong>les<br \/>\nmurs ont trembl\u00e9<\/strong>. (&#8230;) La col\u00e8re de l\u2019ex-professeure a<br \/>\nfuit\u00e9\u00a0\u00bb, d\u00e9voilaient ainsi nos confr\u00e8res. Selon un proche du<br \/>\ncouple pr\u00e9sidentiel, il s\u2019agit ni plus ni moins de \u00ab\u00a0leur mode<br \/>\nde communication\u00a0\u00bb. \u00ab\u00a0Ils se parlent parfois vivement et<br \/>\n<strong>il arrive que \u00e7a clashe<\/strong> parce qu&rsquo;ils ont deux<br \/>\ncaract\u00e8res forts\u00a0\u00bb, avait quant \u00e0 lui pr\u00e9cis\u00e9 un ami du chef de<br \/>\nl\u2019Etat.<\/p>\n<p>La Premi\u00e8re dame serait \u00ab\u00a0souvent \u00e9nerv\u00e9e\u00a0\u00bb contre son \u00e9poux<\/p>\n<p>De toute \u00e9vidence, <strong>Brigitte Macron n\u2019est pas du genre \u00e0<br \/>\ns\u2019effacer<\/strong>. Au contraire. <strong>La Premi\u00e8re dame sait se<br \/>\nfaire entendre<\/strong> et <strong>\u00e9lever la voix<\/strong><br \/>\nlorsqu\u2019il le faut. Dans le livre Madame la pr\u00e9sidente paru<br \/>\naux \u00e9ditions Plon en 2019, Ava Djamshidi et Nathalie Schuck<br \/>\ndressent le portrait d\u2019une femme s\u00fbre d\u2019elle.<\/p>\n<p>De m\u00eame, Brigitte Macron n\u2019h\u00e9siterait pas \u00e0 dire tout ce qu\u2019elle<br \/>\npense \u00e0 son mari. \u00ab\u00a0Il y a du S\u00e9gol\u00e8ne dans le flair de<br \/>\nBrigitte, r\u00e9v\u00e8le un ministre. Et lorsqu&rsquo;elle n&rsquo;est pas entendue,<br \/>\n<strong>elle hausse le ton, sommant le pr\u00e9sident d&rsquo;arr\u00eater ses<br \/>\n&lsquo;conneries&rsquo;<\/strong>. Ses &lsquo;petites phrases&rsquo; surtout<br \/>\n<strong>l&rsquo;horripilent\u00a0\u00bb<\/strong>, peut-on ainsi lire.<br \/>\n<strong>\u00ab\u00a0Elle est souvent \u00e9nerv\u00e9e\u00a0\u00bb<\/strong>, ajoute un<br \/>\nproche.<\/p>\n<p>Emmanuel Macron gifl\u00e9 par Brigitte<br \/>\n?<\/p>\n<p>Entre Emmanuel et Brigitte Macron, <strong>tout n\u2019est pas<br \/>\nrose<\/strong>. Leur r\u00e9cente <strong>visite au Vietnam<\/strong> en<br \/>\nest la preuve. Arriv\u00e9s ce dimanche 25 mai 2025 \u00e0 Hano\u00ef, le<br \/>\npr\u00e9sident de la R\u00e9publique et son \u00e9pouse ont offert <strong>un<br \/>\nspectacle inattendu<\/strong> \u00e0 la presse pr\u00e9sente sur place alors<br \/>\nque la porte de l\u2019avion pr\u00e9sidentiel venait de s\u2019ouvrir.<\/p>\n<p>On y voit en effet <a href=\"https:\/\/www.melty.fr\/people\/brigitte-macron-aurait-gifle-le-president-en-public-lelysee-evoque-une-chamaillerie-mais-les-images-interrogent-2237565.html\" rel=\"nofollow noopener\" target=\"_blank\"><br \/>\nEmmanuel Macron recevoir une gifle de la part de Brigitte<\/a>. Un<br \/>\ngeste capt\u00e9 par l\u2019agence Associated Press qui n\u2019a <strong>pas tard\u00e9<br \/>\n\u00e0 faire le tour de la Toile<\/strong>. Pour calmer la situation, un<br \/>\nproche du pr\u00e9sident a ni plus ni moins <strong>\u00e9voqu\u00e9 \u00ab\u00a0un<br \/>\nmoment de complicit\u00e9\u00a0\u00bb<\/strong>. \u00ab\u00a0C\u2019\u00e9tait un moment o\u00f9 le<br \/>\npr\u00e9sident et son \u00e9pouse d\u00e9compressaient une ultime fois avant le<br \/>\nd\u00e9but du voyage en chahutant\u00a0\u00bb, a par ailleurs pr\u00e9cis\u00e9 cette<br \/>\nm\u00eame source. Suffisant pour rayer cette image de la m\u00e9moire des<br \/>\ninternautes ?<\/p>\n","protected":false},"excerpt":{"rendered":"Entre Brigitte et Emmanuel Macron, c\u2019est une histoire d\u2019amour qui dure. Il faut dire que ce dernier n\u2019\u00e9tait&hellip;\n","protected":false},"author":2,"featured_media":130708,"comment_status":"","ping_status":"","sticky":false,"template":"","format":"standard","meta":{"footnotes":""},"categories":[8],"tags":[905,986,58,1073,59,1011,27],"class_list":{"0":"post-130707","1":"post","2":"type-post","3":"status-publish","4":"format-standard","5":"has-post-thumbnail","7":"category-divertissement","8":"tag-a-la-une-melty","9":"tag-brigitte-macron","10":"tag-divertissement","11":"tag-emmanuel-macron","12":"tag-entertainment","13":"tag-fr","14":"tag-france"},"share_on_mastodon":{"url":"https:\/\/pubeurope.com\/@fr\/114577401666538399","error":""},"_links":{"self":[{"href":"https:\/\/www.europesays.com\/fr\/wp-json\/wp\/v2\/posts\/130707","targetHints":{"allow":["GET"]}}],"collection":[{"href":"https:\/\/www.europesays.com\/fr\/wp-json\/wp\/v2\/posts"}],"about":[{"href":"https:\/\/www.europesays.com\/fr\/wp-json\/wp\/v2\/types\/post"}],"author":[{"embeddable":true,"href":"https:\/\/www.europesays.com\/fr\/wp-json\/wp\/v2\/users\/2"}],"replies":[{"embeddable":true,"href":"https:\/\/www.europesays.com\/fr\/wp-json\/wp\/v2\/comments?post=130707"}],"version-history":[{"count":0,"href":"https:\/\/www.europesays.com\/fr\/wp-json\/wp\/v2\/posts\/130707\/revisions"}],"wp:featuredmedia":[{"embeddable":true,"href":"https:\/\/www.europesays.com\/fr\/wp-json\/wp\/v2\/media\/130708"}],"wp:attachment":[{"href":"https:\/\/www.europesays.com\/fr\/wp-json\/wp\/v2\/media?parent=130707"}],"wp:term":[{"taxonomy":"category","embeddable":true,"href":"https:\/\/www.europesays.com\/fr\/wp-json\/wp\/v2\/categories?post=130707"},{"taxonomy":"post_tag","embeddable":true,"href":"https:\/\/www.europesays.com\/fr\/wp-json\/wp\/v2\/tags?post=130707"}],"curies":[{"name":"wp","href":"https:\/\/api.w.org\/{rel}","templated":true}]}}