{"id":130713,"date":"2025-05-27T02:21:07","date_gmt":"2025-05-27T02:21:07","guid":{"rendered":"https:\/\/www.europesays.com\/fr\/130713\/"},"modified":"2025-05-27T02:21:07","modified_gmt":"2025-05-27T02:21:07","slug":"un-ancien-chef-de-police-condamne-pour-viol-et-meurtre-sevade-de-prison","status":"publish","type":"post","link":"https:\/\/www.europesays.com\/fr\/130713\/","title":{"rendered":"un ancien chef de police condamn\u00e9 pour viol et meurtre s\u2019\u00e9vade de prison"},"content":{"rendered":"<p>L\u2019ancien chef de police est parvenu \u00e0 s\u2019\u00e9vader de sa prison de l\u2019Arkansas \u00e0 l\u2019aide d\u2019une tenue de fortune imitant celle des forces de l\u2019ordre.<\/p>\n<p class=\"fig-paragraph\">Grant Hardin, ancien chef de police de la petite ville de Gateway (<a href=\"https:\/\/www.lefigaro.fr\/tag\/arkansas\" target=\"_blank\" rel=\"noopener\" data-gtm-custom-categorie=\"navigation\" data-gtm-custom-action=\"crossclick\" data-gtm-custom-label=\"Contextuel\" data-gtm-event=\"customEventSPE\">Arkansas<\/a>) qui purge une peine de plusieurs d\u00e9cennies pour viol et pour meurtre, s\u2019est \u00e9chapp\u00e9 de sa prison ce dimanche. Selon les services correctionnels am\u00e9ricains, cit\u00e9s par l\u2019<a href=\"https:\/\/apnews.com\/article\/police-chief-arkansas-prison-escape-grant-hardin-280127e9737bc8e8e0d6388d7f268bd1\" target=\"_blank\" rel=\"nofollow noopener\" data-gtm-custom-categorie=\"navigation\" data-gtm-custom-action=\"crossclick\" data-gtm-custom-label=\"Contextuel\" data-gtm-event=\"customEventSPE\">Associated Press<\/a>, le d\u00e9tenu s\u2019est d\u00e9guis\u00e9 avec \u00abune tenue de fortune con\u00e7ue pour imiter les forces de l\u2019ordre lorsqu\u2019il s\u2019est \u00e9chapp\u00e9\u00bb de son unit\u00e9 de la prison de Calico Rock, dans l\u2019Arkansas, o\u00f9 il r\u00e9side depuis 2017.<\/p>\n<p class=\"fig-paragraph\">En 2017, Grant Hardin avait plaid\u00e9 coupable du meurtre d\u2019un employ\u00e9 au service des eaux de la ville de Gateway qui avait \u00e9t\u00e9 retrouv\u00e9 mort abattu d\u2019une balle dans la t\u00eate. Pour ce crime, le fugitif avait \u00e9t\u00e9 condamn\u00e9 \u00e0 30 ans de prison. Mais lors de sa d\u00e9tention, des preuves ADN ont permis de relier Grant Hardin au viol longtemps rest\u00e9 non r\u00e9solu d\u2019une enseignante d\u2019\u00e9cole primaire remontant au mois de novembre 1997. Apr\u00e8s avoir fait appel, il avait \u00e9t\u00e9 condamn\u00e9 \u00e0 50 ans de prison.<\/p>\n<p class=\"fig-paragraph\">Le D\u00e9partement des services p\u00e9nitentiaires a indiqu\u00e9 aux m\u00e9dias am\u00e9ricains qu\u2019une \u00abmultitude d\u2019agences\u00bb \u00e9taient mobilis\u00e9es pour retrouver le fugitif, toujours dans la nature ce lundi. Les \u00c9tats-Unis sont donc engag\u00e9s dans une nouvelle chasse \u00e0 l\u2019homme, quelques jours apr\u00e8s la spectaculaire \u00e9vasion de dix d\u00e9tenus d\u2019une prison de la\u00a0<a href=\"http:\/\/www.lefigaro.fr\/voyages\/guides\/du-jamais-vu-depuis-1948-la-nouvelle-orleans-sous-la-neige-20250122\" data-fig-type=\"NewsFlash\" data-gtm-custom-categorie=\"navigation\" data-gtm-custom-action=\"crossclick\" data-gtm-custom-label=\"Contextuel\" data-gtm-event=\"customEventSPE\" data-fig-domain=\"LEFIGARO\" target=\"_blank\" rel=\"noopener\">Nouvelle-Orl\u00e9ans<\/a>, en Louisiane.<\/p>\n","protected":false},"excerpt":{"rendered":"L\u2019ancien chef de police est parvenu \u00e0 s\u2019\u00e9vader de sa prison de l\u2019Arkansas \u00e0 l\u2019aide d\u2019une tenue de&hellip;\n","protected":false},"author":2,"featured_media":130714,"comment_status":"","ping_status":"","sticky":false,"template":"","format":"standard","meta":{"footnotes":""},"categories":[5],"tags":[259,11,260,73,3727,1011,27,14,261,12,262,1265,28],"class_list":{"0":"post-130713","1":"post","2":"type-post","3":"status-publish","4":"format-standard","5":"has-post-thumbnail","7":"category-international","8":"tag-actualite-internationale","9":"tag-actualites","10":"tag-affaires-etrangeres","11":"tag-etats-unis","12":"tag-evasion","13":"tag-fr","14":"tag-france","15":"tag-international","16":"tag-ministere-des-affaires-etrangeres","17":"tag-news","18":"tag-politique-etrangere","19":"tag-viol","20":"tag-world"},"share_on_mastodon":{"url":"","error":""},"_links":{"self":[{"href":"https:\/\/www.europesays.com\/fr\/wp-json\/wp\/v2\/posts\/130713","targetHints":{"allow":["GET"]}}],"collection":[{"href":"https:\/\/www.europesays.com\/fr\/wp-json\/wp\/v2\/posts"}],"about":[{"href":"https:\/\/www.europesays.com\/fr\/wp-json\/wp\/v2\/types\/post"}],"author":[{"embeddable":true,"href":"https:\/\/www.europesays.com\/fr\/wp-json\/wp\/v2\/users\/2"}],"replies":[{"embeddable":true,"href":"https:\/\/www.europesays.com\/fr\/wp-json\/wp\/v2\/comments?post=130713"}],"version-history":[{"count":0,"href":"https:\/\/www.europesays.com\/fr\/wp-json\/wp\/v2\/posts\/130713\/revisions"}],"wp:featuredmedia":[{"embeddable":true,"href":"https:\/\/www.europesays.com\/fr\/wp-json\/wp\/v2\/media\/130714"}],"wp:attachment":[{"href":"https:\/\/www.europesays.com\/fr\/wp-json\/wp\/v2\/media?parent=130713"}],"wp:term":[{"taxonomy":"category","embeddable":true,"href":"https:\/\/www.europesays.com\/fr\/wp-json\/wp\/v2\/categories?post=130713"},{"taxonomy":"post_tag","embeddable":true,"href":"https:\/\/www.europesays.com\/fr\/wp-json\/wp\/v2\/tags?post=130713"}],"curies":[{"name":"wp","href":"https:\/\/api.w.org\/{rel}","templated":true}]}}